{"id":40164,"date":"2025-11-04T21:34:07","date_gmt":"2025-11-04T21:34:07","guid":{"rendered":"https:\/\/www.europesays.com\/lv\/40164\/"},"modified":"2025-11-04T21:34:07","modified_gmt":"2025-11-04T21:34:07","slug":"ar-orbanu-saistits-bizness-noperk-popularako-avizi-ungarija","status":"publish","type":"post","link":"https:\/\/www.europesays.com\/lv\/40164\/","title":{"rendered":"Ar Orb\u0101nu saist\u012bts bizness nop\u0113rk popul\u0101r\u0101ko av\u012bzi Ung\u0101rij\u0101"},"content":{"rendered":"<p class=\"descr\">P\u0113c Ung\u0101rijas popul\u0101r\u0101k\u0101 laikraksta &#8220;Blikk&#8221; p\u0101rdo\u0161anas uz\u0146\u0113mumam, kas saist\u012bts ar valdo\u0161o partiju, laikraksta galvenais redaktors Iv\u0101ns Na\u0123s atk\u0101pies no amata.<\/p>\n<p>\u0160veices mediju komp\u0101nija &#8220;Ringier&#8221; nesen p\u0101rdeva savu Ung\u0101rijas noda\u013cu uz\u0146\u0113mumam &#8220;Indamedia&#8221;, kas, k\u0101 pla\u0161i tiek uzskat\u012bts, ir saist\u012bts ar Ung\u0101rijas premjerministra <a href=\"https:\/\/nra.lv\/birka\/viktors-orbans\/\" target=\"_blank\" rel=\"noopener nofollow\">Viktora Orb\u0101na<\/a> vad\u012bto partiju &#8220;Fidesz&#8221;. P\u0101rdo\u0161ana notikusi nepilnus se\u0161us m\u0113ne\u0161us pirms parlamenta v\u0113l\u0113\u0161an\u0101m.<\/p>\n<p>Na\u0123s pirmdien pazi\u0146oja, ka vi\u0146\u0161 un satura izstr\u0101des vad\u012bt\u0101js atk\u0101pu\u0161ies no amata, abpus\u0113ji vienojoties ar jauno <a href=\"https:\/\/nra.lv\/latvija\/470399-pirmdienas-latvija-vairs-neiznaks-neviens-dienas-laikraksts-latviesu-valoda.htm\" data-item-link=\"true\" data-item-id=\"470399\" rel=\"nofollow noopener\" target=\"_blank\">laikraksta <\/a>\u012bpa\u0161nieku.<\/p>\n<p>Vi\u0146i tika nol\u012bgti pirms septi\u0146iem m\u0113ne\u0161iem, lai reform\u0113tu &#8220;Blikk&#8221;, &#8220;koncentr\u0113joties nevis uz sens\u0101cij\u0101m, bet interesantiem st\u0101stiem&#8221; un &#8220;vair\u0101k orient\u0113joties uz sabiedr\u012bbu, atspogu\u013cojot politiku, ekonomiku un kult\u016bru&#8221;, soci\u0101laj\u0101 t\u012bkl\u0101 &#8220;Facebook&#8221; atkl\u0101ja Na\u0123s.<\/p>\n<p>&#8220;Ringier&#8221; zi\u0146u a\u0123ent\u016brai AFP ned\u0113\u013cas nogal\u0113 pazi\u0146oja, ka l\u0113mums par p\u0101rdo\u0161anu &#8220;balst\u012bts vien\u012bgi uz strat\u0113\u0123iskiem ekonomiskiem apsv\u0113rumiem&#8221; un koncentr\u0113\u0161anos uz digit\u0101laj\u0101m aktivit\u0101t\u0113m <a href=\"https:\/\/nra.lv\/birka\/ungarija\/\" target=\"_blank\" rel=\"noopener nofollow\">Ung\u0101rij\u0101<\/a>.<\/p>\n<p>Izdevums HVG, atsaucoties uz ofici\u0101lu dokumentu, zi\u0146oja, ka &#8220;Indamedia&#8221; \u012bsi pirms dar\u012bjuma nosl\u0113g\u0161anas pa\u0146\u0113ma aizdevumu aptuveni 33 miljonu eiro apm\u0113r\u0101. <a href=\"https:\/\/nra.lv\/birka\/aizdevumi\/\" target=\"_blank\" rel=\"noopener nofollow\">Aizdevumu<\/a> pie\u0161\u0137\u012bra valstij da\u013c\u0113ji piedero\u0161\u0101 banka &#8220;MBH Bank&#8221;, kas ir saist\u012bta ar Orb\u0101na uztic\u012bbas personu Lerincu M\u0113s\u0101ro\u0161u.<\/p>\n<p>&#8220;Blikk&#8221; izn\u0101k gan druk\u0101t\u0101 form\u0101t\u0101, gan k\u0101 interneta laikraksts. Internet\u0101 to ik m\u0113nesi lasa aptuveni tr\u012bs miljoni cilv\u0113ku.<\/p>\n<p>Past\u0101v ba\u017eas, ka p\u0113c \u012bpa\u0161nieku mai\u0146as laikraksts var\u0113tu k\u013c\u016bt par v\u0113l vienu valdo\u0161ajai partijai labv\u0113l\u012bgu izdevumu.<\/p>\n<p>\t\t\t\t\t\tinfo<\/p>\n<p>Uzzini pirmais<br \/>kas interesants noticis Latvij\u0101 un pasaul\u0113,<br \/>pievienojoties mums <a href=\"https:\/\/t.me\/neatkariga\" rel=\"nofollow\">Telegram<\/a> vai <a href=\"https:\/\/whatsapp.com\/channel\/0029VaMLFUH5K3zLU5s4wm3y\" rel=\"nofollow noopener\" target=\"_blank\">Whatsapp<\/a> kan\u0101l\u0101<\/p>\n","protected":false},"excerpt":{"rendered":"P\u0113c Ung\u0101rijas popul\u0101r\u0101k\u0101 laikraksta &#8220;Blikk&#8221; p\u0101rdo\u0161anas uz\u0146\u0113mumam, kas saist\u012bts ar valdo\u0161o partiju, laikraksta galvenais redaktors Iv\u0101ns Na\u0123s atk\u0101pies&hellip;\n","protected":false},"author":2,"featured_media":40165,"comment_status":"","ping_status":"","sticky":false,"template":"","format":"standard","meta":{"footnotes":""},"categories":[14],"tags":[23,57,28,29,32,33,22,30,31,35,39,38,36,37,34,40,20,26,27,24,25,54,55,56,21,58],"class_list":{"0":"post-40164","1":"post","2":"type-post","3":"status-publish","4":"format-standard","5":"has-post-thumbnail","7":"category-zinas-no-arvalstim","8":"tag-aktualitates","9":"tag-arvalstim","10":"tag-breaking-news","11":"tag-breakingnews","12":"tag-featured-news","13":"tag-featurednews","14":"tag-headlines","15":"tag-latest-news","16":"tag-latestnews","17":"tag-latvia","18":"tag-latvian","19":"tag-latviesu","20":"tag-latviesu-valoda","21":"tag-latviesuvaloda","22":"tag-latvija","23":"tag-lv","24":"tag-news","25":"tag-popularakas-zinas","26":"tag-popularakaszinas","27":"tag-top-stories","28":"tag-topstories","29":"tag-world","30":"tag-world-news","31":"tag-worldnews","32":"tag-zinas","33":"tag-zinas-no-arvalstim"},"share_on_mastodon":{"url":"https:\/\/pubeurope.com\/@lv\/115493579219149763","error":""},"_links":{"self":[{"href":"https:\/\/www.europesays.com\/lv\/wp-json\/wp\/v2\/posts\/40164","targetHints":{"allow":["GET"]}}],"collection":[{"href":"https:\/\/www.europesays.com\/lv\/wp-json\/wp\/v2\/posts"}],"about":[{"href":"https:\/\/www.europesays.com\/lv\/wp-json\/wp\/v2\/types\/post"}],"author":[{"embeddable":true,"href":"https:\/\/www.europesays.com\/lv\/wp-json\/wp\/v2\/users\/2"}],"replies":[{"embeddable":true,"href":"https:\/\/www.europesays.com\/lv\/wp-json\/wp\/v2\/comments?post=40164"}],"version-history":[{"count":0,"href":"https:\/\/www.europesays.com\/lv\/wp-json\/wp\/v2\/posts\/40164\/revisions"}],"wp:featuredmedia":[{"embeddable":true,"href":"https:\/\/www.europesays.com\/lv\/wp-json\/wp\/v2\/media\/40165"}],"wp:attachment":[{"href":"https:\/\/www.europesays.com\/lv\/wp-json\/wp\/v2\/media?parent=40164"}],"wp:term":[{"taxonomy":"category","embeddable":true,"href":"https:\/\/www.europesays.com\/lv\/wp-json\/wp\/v2\/categories?post=40164"},{"taxonomy":"post_tag","embeddable":true,"href":"https:\/\/www.europesays.com\/lv\/wp-json\/wp\/v2\/tags?post=40164"}],"curies":[{"name":"wp","href":"https:\/\/api.w.org\/{rel}","templated":true}]}}