{"id":40174,"date":"2025-11-04T21:44:14","date_gmt":"2025-11-04T21:44:14","guid":{"rendered":"https:\/\/www.europesays.com\/lv\/40174\/"},"modified":"2025-11-04T21:44:14","modified_gmt":"2025-11-04T21:44:14","slug":"vartsargs-stav-uz-galvas-bet-mes-zaudejam-ta-nedrikst-but-hokejs-sportacentrs-com","status":"publish","type":"post","link":"https:\/\/www.europesays.com\/lv\/40174\/","title":{"rendered":"&#8220;V\u0101rtsargs st\u0101v uz galvas, bet m\u0113s zaud\u0113jam. T\u0101 nedr\u012bkst b\u016bt&#8221; \u2013 Hokejs \u2013 Sportacentrs.com"},"content":{"rendered":"<p>&#8220;Ir \u017e\u0113l, ir \u017e\u0113l,&#8221; p\u0113c neveiksmes teica \u010c\u0101rlijs Koils. &#8220;Vi\u0146\u0161 nosp\u0113l\u0113ja tie\u0161i t\u0101, lai dotu mums iesp\u0113ju izc\u012bn\u012bt uzvaru. Viens atvair\u012bts metiens p\u0113c otra. Vi\u0146\u0161 bija peln\u012bjis lab\u0101ku izn\u0101kumu.&#8221;<\/p>\n<p>&#8220;N\u0101kamaj\u0101 ma\u010d\u0101 gribam sp\u0113l\u0113t pareiz\u0101k un izlabot netaisn\u012bbu. Nekad negribi, lai viss beigtos \u0161\u0101di\u2026 V\u0101rtsargs st\u0101v uz galvas, bet m\u0113s zaud\u0113jam. T\u0101 nedr\u012bkst b\u016bt,&#8221; secin\u0101ja 33 gadus vecais Koils, kur\u0161 Kolumbus\u0101 sp\u0113l\u0113 pirmo sezonu, bet NHL \u2013 jau 14. sezonu.<\/p>\n<p>Pa Merz\u013cikina v\u0101rtiem tika izdar\u012bti 39 metieni, kam\u0113r &#8220;Blue Jackets&#8221; hokejisti iesp\u0113ja 22 metienus.<\/p>\n<p>Kolumbusa asto\u0146as min\u016btes l\u012bdz beig\u0101m p\u0101r\u0146\u0113ma vad\u012bbu (2:1), bet ielaida 67 sekundes un 38 sekundes l\u012bdz pamatlaika beig\u0101m un s\u0101p\u012bgi palika kaut bez punkta (2:3). Merz\u013cikins n\u016bju trieca pret v\u0101rtiem, bet <a href=\"https:\/\/sportacentrs.com\/hokejs\/nhl\/03112025-merzlikins_pardzivo_par_no_rokam_izlaisto\" target=\"_self\" rel=\"nofollow noopener\">p\u0113c sp\u0113les vienatn\u0113 s\u0113d\u0113ja uz rezervistu soli\u0146a un p\u0101rdz\u012bvoja par notiku\u0161o<\/a>.<\/p>\n<p>Izmantotie resursi:<br \/><a target=\"_blank\" href=\"https:\/\/www.nytimes.com\/athletic\/6771986\/2025\/11\/02\/blue-jackets-islanders-merzlikins-coyle\/\" rel=\"nofollow noopener\">https:\/\/www.nytimes.com\/athletic\/67&#8230;<\/a><\/p>\n","protected":false},"excerpt":{"rendered":"&#8220;Ir \u017e\u0113l, ir \u017e\u0113l,&#8221; p\u0113c neveiksmes teica \u010c\u0101rlijs Koils. &#8220;Vi\u0146\u0161 nosp\u0113l\u0113ja tie\u0161i t\u0101, lai dotu mums iesp\u0113ju izc\u012bn\u012bt&hellip;\n","protected":false},"author":2,"featured_media":40175,"comment_status":"","ping_status":"","sticky":false,"template":"","format":"standard","meta":{"footnotes":""},"categories":[17],"tags":[394,35,39,38,36,37,34,40,67],"class_list":{"0":"post-40174","1":"post","2":"type-post","3":"status-publish","4":"format-standard","5":"has-post-thumbnail","7":"category-sports","8":"tag-hokejs","9":"tag-latvia","10":"tag-latvian","11":"tag-latviesu","12":"tag-latviesu-valoda","13":"tag-latviesuvaloda","14":"tag-latvija","15":"tag-lv","16":"tag-sports"},"share_on_mastodon":{"url":"https:\/\/pubeurope.com\/@lv\/115493618545309265","error":""},"_links":{"self":[{"href":"https:\/\/www.europesays.com\/lv\/wp-json\/wp\/v2\/posts\/40174","targetHints":{"allow":["GET"]}}],"collection":[{"href":"https:\/\/www.europesays.com\/lv\/wp-json\/wp\/v2\/posts"}],"about":[{"href":"https:\/\/www.europesays.com\/lv\/wp-json\/wp\/v2\/types\/post"}],"author":[{"embeddable":true,"href":"https:\/\/www.europesays.com\/lv\/wp-json\/wp\/v2\/users\/2"}],"replies":[{"embeddable":true,"href":"https:\/\/www.europesays.com\/lv\/wp-json\/wp\/v2\/comments?post=40174"}],"version-history":[{"count":0,"href":"https:\/\/www.europesays.com\/lv\/wp-json\/wp\/v2\/posts\/40174\/revisions"}],"wp:featuredmedia":[{"embeddable":true,"href":"https:\/\/www.europesays.com\/lv\/wp-json\/wp\/v2\/media\/40175"}],"wp:attachment":[{"href":"https:\/\/www.europesays.com\/lv\/wp-json\/wp\/v2\/media?parent=40174"}],"wp:term":[{"taxonomy":"category","embeddable":true,"href":"https:\/\/www.europesays.com\/lv\/wp-json\/wp\/v2\/categories?post=40174"},{"taxonomy":"post_tag","embeddable":true,"href":"https:\/\/www.europesays.com\/lv\/wp-json\/wp\/v2\/tags?post=40174"}],"curies":[{"name":"wp","href":"https:\/\/api.w.org\/{rel}","templated":true}]}}