{"id":40181,"date":"2025-11-04T22:19:19","date_gmt":"2025-11-04T22:19:19","guid":{"rendered":"https:\/\/www.europesays.com\/lv\/40181\/"},"modified":"2025-11-04T22:19:19","modified_gmt":"2025-11-04T22:19:19","slug":"festivala-bildes-dziesminieku-koncerts-jau-so-ceturtdien","status":"publish","type":"post","link":"https:\/\/www.europesays.com\/lv\/40181\/","title":{"rendered":"Festiv\u0101la \u201cBILDES\u201d DZIESMINIEKU koncerts jau \u0161o ceturtdien"},"content":{"rendered":"<p>VEF Kult\u016bras pils Kamerz\u0101l\u0113, ceturtdien, 6. novembr\u012b plkst. 19.00 notiks&#13;<br \/>\nM\u016bzikas un m\u0101kslas festiv\u0101la \u201cBILDES 2025\u201d Dziesminieku koncerts.<\/p>\n<p>Dziesminieku koncerta dal\u012bbnieki ir taut\u0101 iem\u012b\u013coti m\u0101kslinieki, kuri&#13;<br \/>\nsavus klaus\u012bt\u0101jus priec\u0113 vair\u0101ku desmitu gadu garum\u0101, k\u0101 ar\u012b spilgtas&#13;<br \/>\nperson\u012bbas, kuras dziesminieku kust\u012bbai pievienoju\u0161\u0101s pavisam nesen. Koncertu&#13;<br \/>\nvad\u012bs Arnis Milti\u0146\u0161. Koncerta klaus\u012bt\u0101jiem b\u016bs iesp\u0113ja izdz\u012bvot bag\u0101t\u0101m emocij\u0101m&#13;<br \/>\nun  daudzkr\u0101sain\u0101m noska\u0146\u0101m pild\u012btu&#13;<br \/>\nvakaru, kur\u0101 dziesminieki dal\u012bsies ar sav\u0101m m\u012b\u013c\u0101kaj\u0101m dziesm\u0101m, saj\u016bt\u0101m un&#13;<br \/>\nperson\u012bgiem st\u0101stiem.<\/p>\n<p>Dziesminieku koncert\u0101 uzst\u0101sies \u2013 Haralds Apogs, Uldis K\u0101kulis, Agita Kau\u017e\u0113na,&#13;<br \/>\nAnta E\u0146\u0123ele un Melisa Debora Ka\u0161kura, J\u0101nis Jansons, Silvija Silava, Laine&#13;<br \/>\nLigere, Arnis Milti\u0146\u0161, \u0112riks Loks, Mat\u012bss un Uldis Ozoli, Sandra Bula un \u0100ris&#13;<br \/>\nZiemelis, Felikss Sta\u0146evi\u010ds, Ilona Pape\u010dkyte un Silvestrs S\u012blis.<\/p>\n<p>Dziesminieku koncerta vad\u012bt\u0101js,&#13;<br \/>\ndziesmu autors un izpild\u012bt\u0101js Arnis Milti\u0146\u0161: \u201c\u201dBIL\u017dU\u201d dziesminieku&#13;<br \/>\nkoncertam ir zin\u0101ma l\u012bdz\u012bba ar Ziemassv\u0113tkiem jo t\u0101s ir gai\u0161as emocijas un&#13;<br \/>\ntik\u0161an\u0101s prieks ar kol\u0113\u0123iem un publiku. T\u0101 ir iesp\u0113ja atkal katram, paliekot&#13;<br \/>\nsav\u0101 melodij\u0101 un v\u0113st\u012bjum\u0101, b\u016bt visiem vienotiem kop\u0113j\u0101 elp\u0101 un sirdspukstos.&#13;<br \/>\nSajust \u0161o mirkli un b\u016bt.\u201d<\/p>\n<p>Viens no Blue mikrofonu&#13;<br \/>\nizgudrot\u0101jiem, radioelektroni\u0137is, dzejnieks un dziesminieks Felikss Sta\u0146evi\u010ds:&#13;<br \/>\n\u201c\u201dBILDES\u201d gan man, gan muzikantiem, gan publikai ir \u013coti noz\u012bm\u012bgs notikums&#13;<br \/>\nkatr\u0101 ruden\u012b. Mana dz\u012bve ir \u013coti stipri saist\u012bta ar m\u016bziku un t\u0101 ir mikrofoni,&#13;<br \/>\nm\u016bzikas elektronika, m\u016bzikas instrumenti, akustika, m\u016bzikas ierakstu&#13;<br \/>\ntehnolo\u0123ijas, elektriskie un akustiskie m\u016bzikas instrumenti\u2026 Bet m\u016bzikas&#13;<br \/>\nsvar\u012bg\u0101k\u0101 sast\u0101vda\u013ca ir cilv\u0113ki\u2026 un iesp\u0113ja \u201cBILD\u0112S\u201d satikt draugus,&#13;<br \/>\nmuzikantus, autorus, dzejniekus un publiku ir t\u0101 lab\u0101k\u0101 dz\u012bves puse. Iesp\u0113jams,&#13;<br \/>\nka tas skan mazliet pat\u0113tiski, bet t\u0101 t\u0101s ir.\u201d<\/p>\n<p>LTV operators, raid\u012bjuma&#13;<br \/>\n&#8220;Labvakar&#8221; rado\u0161\u0101s komandas p\u0101rst\u0101vis un muzikants Haralds Apogs:&#13;<br \/>\n\u201c\u201dBILDES\u201d ir satik\u0161an\u0101s, daudziem, tai skait\u0101 ar\u012b man, gandr\u012bz m\u016b\u017ea garum\u0101. Man&#13;<br \/>\nir prieks, ka rado\u0161ums daudzveid\u012bgi, bet ne m\u0101ksl\u012bgi sp\u0113j vienot cilv\u0113kus vis\u0101&#13;<br \/>\nLatvij\u0101 un vis\u0101s paaudz\u0113s. Dziesminieku saimei sevi v\u0113l nepieskaitu, jo esmu&#13;<br \/>\njaunpien\u0101c\u0113js. Priec\u0101jos par visiem, kuri sevi \u0161aj\u0101 jom\u0101 jau ir atradu\u0161i.\u201d<\/p>\n<p>M\u0101kslas un m\u016bzikas&#13;<br \/>\nfestiv\u0101la \u201cBILDES 2025\u201d izska\u0146\u0101 17. novembr\u012b plkst. 17.00 notiks \u201cBIL\u017dU\u201d&#13;<br \/>\nNOSL\u0112GUMA koncerts. <\/p>\n<p>Koncertu&#13;<br \/>\nvad\u012bs Fredis un UFO, piedal\u012bsies Arnis Mednis, \u201cThe Jokers\u201d un Daumants&#13;<br \/>\nKalni\u0146\u0161, \u201cRudens v\u0113ju muzikants\u201d, Guntars Ra\u010ds, \u201cR\u012bgas vi\u013c\u0146i\u201d, \u201cDzidri\u0146as&#13;<br \/>\nmegasist\u0113ma\u201d, Raimonds Eizen\u0161mits, \u201cStipr\u0101s sievas\u201d, \u201cOgas\u201d, \u201c2 Old Babies\u201d,&#13;<br \/>\n\u201cBBB\u201d, Valters P\u016bce un Dainis Tenis, \u201cPetersons Band\u201d, \u201cKarakums\u201d, \u201cMazie&#13;<br \/>\nBr\u0101\u013ci\u201d, \u201cJauno J\u0101\u0146u Or\u0137estris, Marhils un \u201cTikai t\u0101!\u201d m\u016bzi\u0137u un skat\u012bt\u0101ju kopkoris.<\/p>\n<p>L\u012bdz 8. novembrim t\/c \u201cSPICE\u201d 2.&#13;<br \/>\nst\u0101v\u0101 b\u016bs apskat\u0101ma izst\u0101de \u201cPUNKTOJAM!\u201d, kas tapusi \u201cBIL\u017dU\u201d vasaras nometn\u0113&#13;<br \/>\nJumurdas mui\u017e\u0101.<\/p>\n<p>Informat\u012bvi atbalsta: Radio SWH,&#13;<br \/>\nizdevniec\u012bba \u201c\u017durn\u0101ls Santa\u201d, inbox.lv, pilseta24.lv, aprinkis.lv,  \u201cJCDecaux\u201d , lasi.lv u.c.<\/p>\n<p>Bi\u013cetes uz koncertiem nop\u0113rkamas \u201cBi\u013ce\u0161u parad\u012bzes\u201d kas\u0113s&#13;<br \/>\nun bilesuparadize.lv.<\/p>\n<p>&#13;<br \/>\n&#13;<br \/>\n*Raksts tapis sadarb\u012bb\u0101 ar M\u016bzikas un m\u0101kslas festiv\u0101ls \u201cBILDES\u201d&#13;<br \/>\n&#13;<br \/>\n<\/p>\n<p><img decoding=\"async\" src=\"https:\/\/www.europesays.com\/lv\/wp-content\/uploads\/2025\/11\/b379ab1b1aa63c7b9cc224b2d0b5f6ea.jpg\" title=\"Foto: M\u016bzikas un m\u0101kslas festiv\u0101ls \u201cBILDES\u201d\" alt=\"Foto: M\u016bzikas un m\u0101kslas festiv\u0101ls \u201cBILDES\u201d\"\/><\/p>\n<p class=\"article-img-desc\">Foto: M\u016bzikas un m\u0101kslas festiv\u0101ls \u201cBILDES\u201d<\/p>\n","protected":false},"excerpt":{"rendered":"VEF Kult\u016bras pils Kamerz\u0101l\u0113, ceturtdien, 6. novembr\u012b plkst. 19.00 notiks&#13; M\u016bzikas un m\u0101kslas festiv\u0101la \u201cBILDES 2025\u201d Dziesminieku koncerts.&hellip;\n","protected":false},"author":2,"featured_media":40182,"comment_status":"","ping_status":"","sticky":false,"template":"","format":"standard","meta":{"footnotes":""},"categories":[19],"tags":[129,2944,10620,89,90,35,39,38,36,37,34,40,10621,6138,10622,6139],"class_list":{"0":"post-40181","1":"post","2":"type-post","3":"status-publish","4":"format-standard","5":"has-post-thumbnail","7":"category-izklaide","8":"tag-__typenameadvicekeyword","9":"tag-id457","10":"tag-id996","11":"tag-entertainment","12":"tag-izklaide","13":"tag-latvia","14":"tag-latvian","15":"tag-latviesu","16":"tag-latviesu-valoda","17":"tag-latviesuvaloda","18":"tag-latvija","19":"tag-lv","20":"tag-slugfestivali","21":"tag-slugpasakumi","22":"tag-titlefestivali","23":"tag-titlepasakumi"},"share_on_mastodon":{"url":"https:\/\/pubeurope.com\/@lv\/115493756272287104","error":""},"_links":{"self":[{"href":"https:\/\/www.europesays.com\/lv\/wp-json\/wp\/v2\/posts\/40181","targetHints":{"allow":["GET"]}}],"collection":[{"href":"https:\/\/www.europesays.com\/lv\/wp-json\/wp\/v2\/posts"}],"about":[{"href":"https:\/\/www.europesays.com\/lv\/wp-json\/wp\/v2\/types\/post"}],"author":[{"embeddable":true,"href":"https:\/\/www.europesays.com\/lv\/wp-json\/wp\/v2\/users\/2"}],"replies":[{"embeddable":true,"href":"https:\/\/www.europesays.com\/lv\/wp-json\/wp\/v2\/comments?post=40181"}],"version-history":[{"count":0,"href":"https:\/\/www.europesays.com\/lv\/wp-json\/wp\/v2\/posts\/40181\/revisions"}],"wp:featuredmedia":[{"embeddable":true,"href":"https:\/\/www.europesays.com\/lv\/wp-json\/wp\/v2\/media\/40182"}],"wp:attachment":[{"href":"https:\/\/www.europesays.com\/lv\/wp-json\/wp\/v2\/media?parent=40181"}],"wp:term":[{"taxonomy":"category","embeddable":true,"href":"https:\/\/www.europesays.com\/lv\/wp-json\/wp\/v2\/categories?post=40181"},{"taxonomy":"post_tag","embeddable":true,"href":"https:\/\/www.europesays.com\/lv\/wp-json\/wp\/v2\/tags?post=40181"}],"curies":[{"name":"wp","href":"https:\/\/api.w.org\/{rel}","templated":true}]}}