{"id":40185,"date":"2025-11-04T22:22:13","date_gmt":"2025-11-04T22:22:13","guid":{"rendered":"https:\/\/www.europesays.com\/lv\/40185\/"},"modified":"2025-11-04T22:22:13","modified_gmt":"2025-11-04T22:22:13","slug":"versas-pret-krievijas-ekonomikas-jutigo-vietu-vai-asv-sankcijas-bus-pietiekams-spiediens-uz-kremli","status":"publish","type":"post","link":"https:\/\/www.europesays.com\/lv\/40185\/","title":{"rendered":"&#8220;V\u0113r\u0161as pret Krievijas ekonomikas jut\u012bgo vietu.&#8221; Vai ASV sankcijas b\u016bs pietiekams spiediens uz Kremli?"},"content":{"rendered":"<p>&#8220;Trampa retorika liek dom\u0101t, ka vi\u0146\u0161 beidzot ir sapratis, ka ir nepiecie\u0161ams ekonomisks spiediens, lai izk\u013c\u016btu no diplom\u0101tisk\u0101 strupce\u013ca,&#8221; port\u0101lam &#8220;Delfi&#8221; apgalvo Starptautisk\u0101 Strat\u0113\u0123isko studiju instit\u016bta (IISS) sankciju eksperte Marija \u0160agina, koment\u0113jot <a rel=\"noopener nofollow\" target=\"_blank\" href=\"https:\/\/www.delfi.lv\/temas\/42596146\/asv\" data-rel-date-range=\"[]\">ASV<\/a> piem\u0113rot\u0101s sankcijas <a rel=\"noopener nofollow\" target=\"_blank\" href=\"https:\/\/www.delfi.lv\/temas\/35525519\/krievija\" data-rel-date-range=\"[]\">Krievijas<\/a> naftas komp\u0101nij\u0101m &#8220;Lukoil&#8221; un &#8220;Ros\u0146eft&#8221;.<\/p>\n<p>Neskatoties uz Krievijas izmis\u012bgajiem centieniem visus p\u0101rliecin\u0101t, ka sankcijas t\u0101s ekonomikai nekait\u0113, \u0160agina sarun\u0101 ar &#8220;Delfi&#8221; iez\u012bm\u0113 nedaudz citu ainu naid\u012bg\u0101s lielvalsts finans\u0113s. Vi\u0146a nor\u0101da: &#8220;ASV SDN [sankcij\u0101m pak\u013cauto juridisko personu re\u0123istrs] sankcijas un ukrai\u0146u &#8220;fizisk\u0101s sankcijas&#8221; kombin\u0101cij\u0101 ar ES un Lielbrit\u0101nijas autonomaj\u0101m darb\u012bb\u0101m v\u0113r\u0161as pret Krievijas ekonomiku tai jut\u012bg\u0101 viet\u0101. Pirmo reizi kop\u0161 2022. gada Krievija ir sare\u017e\u0123\u012btas izv\u0113les priek\u0161\u0101 \u2013 k\u0101 finans\u0113t t\u0101s arvien pieaugo\u0161o bud\u017eeta defic\u012btu un milit\u0101ros izdevumus.&#8221;<\/p>\n<p>Sarunu ar eksperti aizvad\u012bj\u0101m 10. oktobr\u012b, kad galvaspils\u0113t\u0101 norisin\u0101j\u0101s &#8220;R\u012bgas konference&#8221;, kura uz diskusij\u0101m pulc\u0113ja starptautiskos un re\u0123ion\u0101los ekspertus, k\u0101 ar\u012b \u017eurn\u0101listus un politisko l\u0113mumu pie\u0146\u0113m\u0113jus.<\/p>\n<p>Putins beidzot nokaitin\u0101jis Trampu?<\/p>\n<p>K\u0101 uzsver \u0160agina, ja m\u0113s skat\u0101mies tie\u0161i uz ASV iesp\u0113j\u0101m spert so\u013cus pret Krieviju, t\u0101s k\u0101 &#8220;sp\u0113c\u012bg\u0101k\u0101 valsts pasaul\u0113&#8221; sp\u0113j krietni daudz, tai skait\u0101 ekonomiskajos jaut\u0101jumos: &#8220;Tai ir sp\u0113c\u012bg\u0101kais institucion\u0101lais apar\u0101ts, lai konsekventi \u0137ertos pie neliet\u012bgiem dal\u012bbniekiem, \u2013 ilgtsp\u0113j\u012bga jurisdikcija, eksteritori\u0101la piem\u0113ro\u0161ana.&#8221;<\/p>\n<p>Lai turpin\u0101tu las\u012bt, ieg\u0101d\u0101jies abonementu.<\/p>\n<p class=\"fs-4\">L\u016bdzu, uzgaidi!<\/p>\n<p class=\"fs-5\">Piel\u0101gojam Tev piem\u0113rot\u0101ko abon\u0113\u0161anas pied\u0101v\u0101jumu&#8230;<\/p>\n<p class=\"lh-1 fs-6 text-muted pt-3 mt-5\">Abon\u0113\u0161anas pied\u0101v\u0101jums nav redzams? L\u016bdzu, izsl\u0113dz rekl\u0101mu blo\u0137\u0113t\u0101ju vai  p\u0101rl\u0101d\u0113 lapu.<br \/>Jaut\u0101jumu gad\u012bjum\u0101 raksti <a href=\"https:\/\/www.delfi.lv\/46713439\/arzemes\/120093863\/mailto:konts@delfi.lv\" class=\"text-primary\" rel=\"nofollow noopener\" target=\"_blank\">konts@delfi.lv<\/a><\/p>\n<p class=\"m-0\">Seko &#8220;Delfi&#8221; ar\u012b  <a target=\"_blank\" href=\"https:\/\/www.instagram.com\/delfi.lv\/\" rel=\"nofollow noopener\">Instagram<\/a>  un <a target=\"_blank\" href=\"https:\/\/www.youtube.com\/channel\/UCw5foWtcJvAbUm64rv7jwUQ\" rel=\"nofollow noopener\">YouTube<\/a>  profil\u0101 \u2013 pievienojies, lai uzzin\u0101tu svar\u012bg\u0101ko un interesant\u0101ko pirmais!<\/p>\n<p>Publik\u0101cijas saturs vai t\u0101s jebk\u0101da apjoma da\u013ca ir aizsarg\u0101ts autorties\u012bbu objekts Autorties\u012bbu likuma izpratn\u0113, un t\u0101 izmanto\u0161ana bez izdev\u0113ja at\u013caujas ir aizliegta. Vair\u0101k lasi  <a target=\"_blank\" href=\"https:\/\/www.delfi.lv\/noteikumi#autortiesibas\" rel=\"nofollow noopener\">\u0161eit<\/a><script async src=\"\/\/www.instagram.com\/embed.js\"><\/script><\/p>\n","protected":false},"excerpt":{"rendered":"&#8220;Trampa retorika liek dom\u0101t, ka vi\u0146\u0161 beidzot ir sapratis, ka ir nepiecie\u0161ams ekonomisks spiediens, lai izk\u013c\u016btu no diplom\u0101tisk\u0101&hellip;\n","protected":false},"author":2,"featured_media":40186,"comment_status":"","ping_status":"","sticky":false,"template":"","format":"standard","meta":{"footnotes":""},"categories":[14],"tags":[4188,23,57,292,28,29,542,514,32,33,22,4098,4213,234,30,31,35,39,38,36,37,34,40,20,26,27,24,25,2380,276,235,54,55,56,21,58],"class_list":{"0":"post-40185","1":"post","2":"type-post","3":"status-publish","4":"format-standard","5":"has-post-thumbnail","7":"category-zinas-no-arvalstim","8":"tag-aizkadra","9":"tag-aktualitates","10":"tag-arvalstim","11":"tag-asv","12":"tag-breaking-news","13":"tag-breakingnews","14":"tag-donalds-tramps","15":"tag-eiropas-savieniba","16":"tag-featured-news","17":"tag-featurednews","18":"tag-headlines","19":"tag-indija","20":"tag-kina","21":"tag-krievija","22":"tag-latest-news","23":"tag-latestnews","24":"tag-latvia","25":"tag-latvian","26":"tag-latviesu","27":"tag-latviesu-valoda","28":"tag-latviesuvaloda","29":"tag-latvija","30":"tag-lv","31":"tag-news","32":"tag-popularakas-zinas","33":"tag-popularakaszinas","34":"tag-top-stories","35":"tag-topstories","36":"tag-turcija","37":"tag-ukraina","38":"tag-vladimirs-putins","39":"tag-world","40":"tag-world-news","41":"tag-worldnews","42":"tag-zinas","43":"tag-zinas-no-arvalstim"},"share_on_mastodon":{"url":"","error":"Validation failed: Text character limit of 500 exceeded"},"_links":{"self":[{"href":"https:\/\/www.europesays.com\/lv\/wp-json\/wp\/v2\/posts\/40185","targetHints":{"allow":["GET"]}}],"collection":[{"href":"https:\/\/www.europesays.com\/lv\/wp-json\/wp\/v2\/posts"}],"about":[{"href":"https:\/\/www.europesays.com\/lv\/wp-json\/wp\/v2\/types\/post"}],"author":[{"embeddable":true,"href":"https:\/\/www.europesays.com\/lv\/wp-json\/wp\/v2\/users\/2"}],"replies":[{"embeddable":true,"href":"https:\/\/www.europesays.com\/lv\/wp-json\/wp\/v2\/comments?post=40185"}],"version-history":[{"count":0,"href":"https:\/\/www.europesays.com\/lv\/wp-json\/wp\/v2\/posts\/40185\/revisions"}],"wp:featuredmedia":[{"embeddable":true,"href":"https:\/\/www.europesays.com\/lv\/wp-json\/wp\/v2\/media\/40186"}],"wp:attachment":[{"href":"https:\/\/www.europesays.com\/lv\/wp-json\/wp\/v2\/media?parent=40185"}],"wp:term":[{"taxonomy":"category","embeddable":true,"href":"https:\/\/www.europesays.com\/lv\/wp-json\/wp\/v2\/categories?post=40185"},{"taxonomy":"post_tag","embeddable":true,"href":"https:\/\/www.europesays.com\/lv\/wp-json\/wp\/v2\/tags?post=40185"}],"curies":[{"name":"wp","href":"https:\/\/api.w.org\/{rel}","templated":true}]}}