{"id":40213,"date":"2025-11-04T23:06:13","date_gmt":"2025-11-04T23:06:13","guid":{"rendered":"https:\/\/www.europesays.com\/lv\/40213\/"},"modified":"2025-11-04T23:06:13","modified_gmt":"2025-11-04T23:06:13","slug":"%e2%80%b3martins-ir-loti-klatesoss-%e2%80%b3-steinbergs-par-olimpisko-sezonu-un-dukura-iesaisti-darba-ziemas-sports-sportacentrs-com","status":"publish","type":"post","link":"https:\/\/www.europesays.com\/lv\/40213\/","title":{"rendered":"\u2033Martins ir \u013coti kl\u0101teso\u0161s.\u2033 \u0160teinbergs par olimpisko sezonu un Dukura iesaisti darb\u0101 \u2013 Ziemas sports \u2013 Sportacentrs.com"},"content":{"rendered":"<p>Treneris preses konferenc\u0113 nor\u0101d\u012bja, ka ce\u013caz\u012bmi uz olimpiskaj\u0101m sp\u0113l\u0113m l\u016bkos nopeln\u012bt ne tikai ar kvalit\u0101ti, bet ar\u012b kvantit\u0101ti, brauc\u0113jus piesakot Pasaules un ar\u012b Eiropas kausa posmiem. Vi\u0146\u0161 min\u0113ja, ka citas valstis iepl\u0101noju\u0161as startus ar\u012b \u0100zijas kaus\u0101, bet Latvija nav starp \u0161\u012bm komand\u0101m.<\/p>\n<p>\u2033Man kalend\u0101rs laic\u012bgi bija zin\u0101ms, bet nol\u0113m\u0101m braukt uz zin\u0101m\u0101m tras\u0113m. \u0100zijas kauss ir \u0101rk\u0101rt\u012bgi sare\u017e\u0123\u012bts lo\u0123istikas zi\u0146\u0101, turkl\u0101t tas p\u0101rkl\u0101jas ar\u012b ar Pasaules kausa posmu Siguld\u0101. Daudz izdev\u012bg\u0101k palikt Siguld\u0101 un ar m\u0101jas trases priek\u0161roc\u012bb\u0101m aizvad\u012bt Pasaules kausa posmu,\u2033 sac\u012bja \u0160teinbergs.<\/p>\n<p>Starts Eiropas un Pasaules kausa posmos noz\u012bm\u0113 liel\u0101ku slodzi, kas sportistus pak\u013cauj ar\u012b traumu riskam. \u0160teinbergs atzina, ka komanda \u0161\u012b iemesla d\u0113\u013c jau kop\u0161 apr\u012b\u013ca Anitas Sili\u0146as un Luisas Dombrovskas vad\u012bb\u0101 c\u012bt\u012bgi str\u0101d\u0101ja pie fizisk\u0101s sagatavot\u012bbas uzlabo\u0161anas, bet j\u016bnij\u0101 \u0161im procesam piesl\u0113dzies ar\u012b Mihails Arhipovs, kur\u0161 pirms gaid\u0101m\u0101s sezonas darbojas ar\u012b ar vair\u0101kiem kamani\u0146u sporta saimes p\u0101rst\u0101vjiem.<\/p>\n<p>\u2033Kad august\u0101 veic\u0101m testus, visiem rezult\u0101ti bija iev\u0113rojami uzlaboju\u0161ies. Traumu bija \u013coti maz. Tagad ar\u012b cie\u0161i monitor\u0113jam sportistu vesel\u012bbu. Kad tikko bija s\u0101ku\u0161ies treni\u0146i tras\u0113, rad\u0101s aizdomas par p\u0101rslodzi. Tad uzreiz ar\u012b iedev\u0101m atp\u016btu. Tie\u0161i t\u0101pat turpin\u0101sim ar\u012b sezonas laik\u0101,\u2033 nor\u0101d\u012bja speci\u0101lists.<\/p>\n<p>Skeletonisti treni\u0146us olimpiskaj\u0101 tras\u0113 aizvad\u012bs tie\u0161i pirms Pasaules posma atkl\u0101\u0161anas posma, kas ar\u012b norisin\u0101sies Kort\u012bn\u0101. Kamani\u0146u sporta izlase olimpiskaj\u0101 tras\u0113 jau aizvad\u012bjusi pilnv\u0113rt\u012bgu treni\u0146nometni, bet skeletonisti Kort\u012bnu lidos r\u012bt. Treneris nesl\u0113pa, ka saj\u016btas par tik v\u0113lu iepaz\u012b\u0161anos ar trasi ir div\u0113j\u0101das.<\/p>\n<p>\u2033No vienas puses labi, jo tad sacens\u012bb\u0101s uzreiz vari par\u0101d\u012bt savu lab\u0101ko sniegumu. No otras puses ar\u012b slikti, jo, kad tu pabrauc vien\u0101 tras\u0113, aizlido no t\u0101s prom, pabrauc citur un tad atgriezies, rodas cits skat\u012bjums uz vir\u0101\u017e\u0101m. Iesp\u0113ja tikt pie otrreiz\u0113j\u0101s perspekt\u012bvas n\u0101ks jau olimpiskaj\u0101s sp\u0113l\u0113s, kad var\u0113sim aizvad\u012bt aptuveni 20 treni\u0146braucienus. K\u0101 jau teicu, div\u0113j\u0101das saj\u016btas, bet j\u0101priec\u0101jas par to, kas ir. Iesp\u0113jams, \u0161oreiz m\u0101jiniekiem neb\u016bs tik izteiktu m\u0101jas trases priek\u0161roc\u012bbu, bet konkurence tik un t\u0101 b\u016bs sp\u0113c\u012bga,\u2033 sac\u012bja \u0160teinbergs, piebilstot, ka iepriek\u0161\u0113j\u0101s dien\u0101s par trases \u012bpatn\u012bb\u0101m akt\u012bvi komunic\u0113jis ar Kristeru un Kendiju Aparjodiem.<\/p>\n<p>Treneris atkl\u0101ja, ka tras\u0113 dosies ar\u012b pats, lai pal\u012bdz\u0113tu gados jaunajiem sportistiem lab\u0101k izprast t\u0101s \u012bpatn\u012bbas. L\u012bdz ar to, iesp\u0113jams, optim\u0101l\u0101ka b\u016btu treni\u0146nometnes norise mazliet \u0101tr\u0101k.<\/p>\n<p>\u2033Pats cent\u012b\u0161os nobraukt pa trasi. Esmu nok\u0101rtojis ar\u012b sportista licenci. Noteikti nebrauksim visas treni\u0146u dienas p\u0113c k\u0101rtas, jo t\u0101 ir p\u0101r\u0101k liela slodze. Taj\u0101s dien\u0101s, kad nebrauks sportisti, cent\u012b\u0161os tikt pie iesp\u0113jas doties tras\u0113. Ekip\u0113jums man jau ir sagatavots,\u2033 sac\u012bja speci\u0101lists.<\/p>\n<p>Preses konferenc\u0113 \u0160teinbergs ar\u012b piebilda, ka komandai pal\u012bdz\u012bgu roku sniedz ar\u012b Anglijas izlases treneris Martins Dukurs. Tiesa, ofici\u0101la amata le\u0123end\u0101rajam skeletonistam Latvijas komand\u0101 nav.<\/p>\n<p>\u2033Martins ir \u013coti kl\u0101teso\u0161s. Bie\u017ei ar vi\u0146u komunic\u0113jam. Martins pats vair\u0101kk\u0101rt min\u0113jis, ka Latvija vi\u0146am alla\u017e b\u016bs sirdij tuva. Dom\u0101ju, ka vi\u0146am pat\u012bk paveiktais darbs un gados jaun\u0101s komandas vilkme. Martins nekad neatsaka padomu. Realit\u0101t\u0113 britiem neesam konkurenti, t\u0101p\u0113c vi\u0146\u0161 ar\u012b var pal\u012bdz\u0113t. Cerams, ka izaugsim l\u012bdz tam l\u012bmenim. Pagaid\u0101m \u2013 cepuri nost Martinam par pal\u012bdz\u012bbu,\u2033 nor\u0101d\u012bja \u0160teinbergs.<\/p>\n<p>Tiesa, Martins Dukurs netiekot p\u0101rlieku noslogots. Vi\u0146\u0161 vair\u0101k pal\u012bdzot ar atbild\u0113m uz tehniska rakstura jaut\u0101jumiem, bet nekautr\u0113jas mekl\u0113t padomu ar\u012b pie Latvijas komandas treneriem.<\/p>\n<p>Bobsleja saime \u0161aj\u0101 starpsezon\u0101 tikusi pie jaun\u0101m kaman\u0101m. Ar\u012b skeletons olimpiskaj\u0101 t\u0101m\u0113 sa\u0146\u0113mis l\u012bdzek\u013cus kamanu uzlabo\u0161anai, bet pagaid\u0101m komanda pieturas pie p\u0101rbaud\u012bt\u0101m v\u0113rt\u012bb\u0101m.<\/p>\n<p>\u2033T\u0101s ir Martina un Tomasa kamanas. Liel\u0101k\u0101 da\u013ca no t\u0101m tika lietotas iepriek\u0161\u0113j\u0101s olimpiskaj\u0101s sp\u0113l\u0113s. Ar \u0161\u012bm garaj\u0101m Tomasa kaman\u0101m uzreiz redzami lab\u0101ki rezult\u0101ti, jo t\u0101s tika veidotas no pa\u0161iem lab\u0101kajiem materi\u0101liem. M\u016bsu sport\u0101 gan svar\u012bg\u0101k\u0101s ir slieces, k\u0101 ar\u012b pa\u0161u sportistu braucienu kvalit\u0101te, kur joproj\u0101m ir rezerves. Protams, paral\u0113li mekl\u0113jam ar\u012b uzlabojumus, ko ar\u012b esam atradu\u0161i, bet aptuveni 50% no rezult\u0101ta joproj\u0101m ir sportistu sniegums,\u2033 par tehniskajiem aspektiem izteic\u0101s \u0160teinbergs.<\/p>\n<p>Run\u0101jot par optim\u0101lajiem rezult\u0101tiem gaid\u0101maj\u0101 sezon\u0101 un olimpiskaj\u0101s sp\u0113l\u0113s, treneris atzina, ka s\u0101kotn\u0113ji m\u0113r\u0137i biju\u0161i zem\u0101ki, bet vasar\u0101 padar\u012btais darbs veicin\u0101jis lati\u0146u likt augst\u0101k.<\/p>\n<p>\u2033M\u0113s, protams, nerun\u0101jam par lab\u0101ko se\u0161inieku, bet 10. l\u012bdz 15. vieta ir mans person\u012bgais m\u0113r\u0137is, kas olimpiskaj\u0101s sp\u0113l\u0113s b\u016bs \u0101rk\u0101rt\u012bgi gr\u016bti izdar\u0101ms. Manupr\u0101t, nepiecie\u0161ami augsti m\u0113r\u0137i, lai sasniegtu lab\u0101kus rezult\u0101tus. Pats biju sportists un man pat\u012bk sacensties, t\u0101p\u0113c ar\u012b komandai lieku augstus m\u0113r\u0137us,\u2033 optim\u0101los rezult\u0101tus iez\u012bm\u0113ja treneris.<\/p>\n<p>Latvijas izlases sast\u0101vu veido \u013coti jauni sportisti. \u0160obr\u012bd vec\u0101kais ir Ren\u0101rs Jumi\u0137is, kuram maij\u0101 aprit\u0113ja vien 20 gadi. Gados jaunam sast\u0101vam, iesp\u0113jams, olimpiskais gads rada liel\u0101ku nervozit\u0101ti nek\u0101 pieredzes bag\u0101t\u0101kiem sportistiem. \u0160teinbergs atz\u012bst, ka pirms noz\u012bm\u012bg\u0101s sezonas main\u012bjusies ar\u012b vi\u0146a pa\u0161a uzman\u012bba, tom\u0113r atg\u0101dina, ka re\u0101l\u0101 c\u012b\u0146a par augst\u0101kiem rezult\u0101tiem j\u0101gaida n\u0101kamaj\u0101s sp\u0113l\u0113s, nevis Kort\u012bn\u0101.<\/p>\n<p>\u2033Esmu pametis person\u012bgo biznesu, kur darbojos kop\u0101 ar br\u0101li. \u0160obr\u012bd esmu simtprocent\u012bgi piev\u0113rsies izlasei. Tren\u0113jos kop\u0101 ar sportistiem un visu laiku esmu kl\u0101teso\u0161s. Redzu, ka sportistu atbild\u012bba ir augsta. Pat\u012bkami p\u0101rsteidz, ka 17 un 18 gadus veci atl\u0113ti str\u0101d\u0101 ar t\u0101du attieksmi pret darbu,\u2033 nobeigum\u0101 sac\u012bja treneris, nosmejot, ka pats, neskatoties uz treni\u0146iem un pl\u0101noto do\u0161anos Kort\u012bnas tras\u0113, nek\u0101d\u0101 gad\u012bjum\u0101 nepl\u0101no atgriezties sportista amplu\u0101.<\/p>\n<p>Skeletona Pasaules kausa sezona Kort\u012bnas tras\u0113 s\u0101ksies 17. decembr\u012b.<\/p>\n","protected":false},"excerpt":{"rendered":"Treneris preses konferenc\u0113 nor\u0101d\u012bja, ka ce\u013caz\u012bmi uz olimpiskaj\u0101m sp\u0113l\u0113m l\u016bkos nopeln\u012bt ne tikai ar kvalit\u0101ti, bet ar\u012b kvantit\u0101ti,&hellip;\n","protected":false},"author":2,"featured_media":40214,"comment_status":"","ping_status":"","sticky":false,"template":"","format":"standard","meta":{"footnotes":""},"categories":[5],"tags":[23,28,29,32,33,22,30,31,35,39,38,36,37,34,40,20,26,27,24,25,620,21],"class_list":{"0":"post-40213","1":"post","2":"type-post","3":"status-publish","4":"format-standard","5":"has-post-thumbnail","7":"category-aktualitates","8":"tag-aktualitates","9":"tag-breaking-news","10":"tag-breakingnews","11":"tag-featured-news","12":"tag-featurednews","13":"tag-headlines","14":"tag-latest-news","15":"tag-latestnews","16":"tag-latvia","17":"tag-latvian","18":"tag-latviesu","19":"tag-latviesu-valoda","20":"tag-latviesuvaloda","21":"tag-latvija","22":"tag-lv","23":"tag-news","24":"tag-popularakas-zinas","25":"tag-popularakaszinas","26":"tag-top-stories","27":"tag-topstories","28":"tag-ziemas-sports","29":"tag-zinas"},"share_on_mastodon":{"url":"https:\/\/pubeurope.com\/@lv\/115493940979663038","error":""},"_links":{"self":[{"href":"https:\/\/www.europesays.com\/lv\/wp-json\/wp\/v2\/posts\/40213","targetHints":{"allow":["GET"]}}],"collection":[{"href":"https:\/\/www.europesays.com\/lv\/wp-json\/wp\/v2\/posts"}],"about":[{"href":"https:\/\/www.europesays.com\/lv\/wp-json\/wp\/v2\/types\/post"}],"author":[{"embeddable":true,"href":"https:\/\/www.europesays.com\/lv\/wp-json\/wp\/v2\/users\/2"}],"replies":[{"embeddable":true,"href":"https:\/\/www.europesays.com\/lv\/wp-json\/wp\/v2\/comments?post=40213"}],"version-history":[{"count":0,"href":"https:\/\/www.europesays.com\/lv\/wp-json\/wp\/v2\/posts\/40213\/revisions"}],"wp:featuredmedia":[{"embeddable":true,"href":"https:\/\/www.europesays.com\/lv\/wp-json\/wp\/v2\/media\/40214"}],"wp:attachment":[{"href":"https:\/\/www.europesays.com\/lv\/wp-json\/wp\/v2\/media?parent=40213"}],"wp:term":[{"taxonomy":"category","embeddable":true,"href":"https:\/\/www.europesays.com\/lv\/wp-json\/wp\/v2\/categories?post=40213"},{"taxonomy":"post_tag","embeddable":true,"href":"https:\/\/www.europesays.com\/lv\/wp-json\/wp\/v2\/tags?post=40213"}],"curies":[{"name":"wp","href":"https:\/\/api.w.org\/{rel}","templated":true}]}}