{"id":40265,"date":"2025-11-05T04:32:08","date_gmt":"2025-11-05T04:32:08","guid":{"rendered":"https:\/\/www.europesays.com\/lv\/40265\/"},"modified":"2025-11-05T04:32:08","modified_gmt":"2025-11-05T04:32:08","slug":"ap-dziedataja-ilmara-dzena-navi-virmo-misterija-vai-vins-ir-apglabats-lente-lv-2","status":"publish","type":"post","link":"https:\/\/www.europesays.com\/lv\/40265\/","title":{"rendered":"Ap dzied\u0101t\u0101ja Ilm\u0101ra Dze\u0146a n\u0101vi virmo mist\u0113rija: vai vi\u0146\u0161 ir apglab\u0101ts?\u00a0\u2014\u00a0Lente.lv"},"content":{"rendered":"<p>Mist\u0113rija ap dzied\u0101t\u0101ja Ilm\u0101ra Dze\u0146a n\u0101vi un p\u0113d\u0113jo atdusas vietu<\/p>\n<p>Zi\u0146a par iem\u012b\u013cot\u0101 \u0161l\u0101gerdzied\u0101t\u0101ja Ilm\u0101ra Dze\u0146a aizie\u0161anu m\u016b\u017e\u012bb\u0101 sasniedza Latviju ar iev\u0113rojamu kav\u0113\u0161anos, radot nezi\u0146u un jaut\u0101jumus par vi\u0146a n\u0101ves apst\u0101k\u013ciem un apglab\u0101\u0161anas vietu. Lai gan Ilm\u0101rs Dzenis \u0161\u0137\u012br\u0101s no dz\u012bves 2025. gada 15. septembr\u012b 95 gadu vecum\u0101, sabiedr\u012bba par to publiski uzzin\u0101ja tikai vair\u0101k nek\u0101 m\u0113nesi v\u0113l\u0101k, izraisot izbr\u012bnu un aizdomas par inform\u0101cijas sl\u0113p\u0161anu.<\/p>\n<p>Dz\u012bvesst\u0101sts un karjera trimd\u0101 un dzimten\u0113<\/p>\n<p>Ilm\u0101rs Dzenis, dzimis 1929. gad\u0101 Daugavpil\u012b (lai gan ofici\u0101li re\u0123istr\u0113ts k\u0101 dzimis 1931. gad\u0101, lai izvair\u012btos no kara dienesta), savas dz\u012bves laik\u0101 aiznesa latvie\u0161u melodiju p\u0101ri oke\u0101nam. B\u0113rn\u012bbu un jaun\u012bbu pavad\u012bjis Jelgav\u0101, kara laik\u0101 kop\u0101 ar m\u0101ti dev\u0101s b\u0113g\u013cu gait\u0101s uz V\u0101ciju un v\u0113l\u0101k uz Ameriku. Tur vi\u0146\u0161 k\u013cuva par le\u0123end\u0101r\u0101 ansamb\u013ca \u201c\u010cik\u0101gas piec\u012b\u0161i\u201d solistu, saglab\u0101jot un populariz\u0113jot latviet\u012bbu sve\u0161um\u0101 ar dziesm\u0101m un humoru.<\/p>\n<p>P\u0113c aizie\u0161anas no \u201c\u010cik\u0101gas piec\u012b\u0161iem\u201d 1972. gad\u0101, Dzenis uzs\u0101ka veiksm\u012bgu solokarjeru, izveidojot 12 albumus un radot dziesmas, kas k\u013cuva par daudzu latvie\u0161u diasporas \u0123ime\u0146u ska\u0146u celi\u0146u. Vi\u0146a balss bija silta k\u0101 vasaras vakars, un dziesmas, piem\u0113ram, \u201cZil\u0101s acis\u201d, \u201cCik dz\u012bv\u0113 viss skaists\u201d un \u201cLai dz\u012bvo tre\u0161\u0101 jaun\u012bba\u201d, atg\u0101din\u0101ja par laimes mirk\u013ciem un m\u0101j\u0101m.<\/p>\n<p>Dzimten\u0113 Ilm\u0101rs Dzenis koncert\u0113ja vair\u0101kk\u0101rt, pulc\u0113jot kuplu skat\u012bt\u0101ju pulku. Vi\u0146a m\u016bzika, kas orient\u0113ta uz atp\u016btu un izklaidi, iemantoja lielu piekri\u0161anu gan \u0101rzem\u0113s, gan okup\u0113taj\u0101 Latvij\u0101. Vi\u0146\u0161 ieguvis Atzin\u012bbas krustu un Latvijas m\u016bzikas ierakstu Gada balvu par m\u016b\u017ea ieguld\u012bjumu.<\/p>\n<p>Neatbild\u0113tie jaut\u0101jumi un piemi\u0146as pas\u0101kumi<\/p>\n<p>Neskaidr\u012bba par Ilm\u0101ra Dze\u0146a p\u0113d\u0113jo atdusas vietu un inform\u0101cijas kav\u0113\u0161anos rais\u012bjis jaut\u0101jumus sabiedr\u012bb\u0101. Lai gan vi\u0146\u0161 tika krem\u0113ts un apglab\u0101ts ASV Latvie\u0161u Br\u0101\u013cu kapos Katskilos, net\u0101lu no \u0145ujorkas, blakus mammai un sievai, inform\u0101cijas tr\u016bkums par n\u0101ves br\u012bdi un izvad\u012b\u0161anu atst\u0101jis r\u016bgtuma gar\u0161u.<\/p>\n<p>Tom\u0113r, lai godin\u0101tu m\u0101kslinieka piemi\u0146u, 2026. gada 6. janv\u0101r\u012b VEF kult\u016bras pil\u012b notiks Ilm\u0101ra Dze\u0146a piemi\u0146as koncerts. Tas p\u0101rtapis no iecer\u0113t\u0101 jubilejas pas\u0101kuma par godu vi\u0146a 95. dzim\u0161anas dienai. Koncert\u0101 skan\u0113s vi\u0146a popul\u0101r\u0101k\u0101s un jestr\u0101s dziesmas, radot optimistisku un prieka pilnu atmosf\u0113ru, k\u0101du alla\u017e baud\u012bjis pats dzied\u0101t\u0101js.<\/p>\n","protected":false},"excerpt":{"rendered":"Mist\u0113rija ap dzied\u0101t\u0101ja Ilm\u0101ra Dze\u0146a n\u0101vi un p\u0113d\u0113jo atdusas vietu Zi\u0146a par iem\u012b\u013cot\u0101 \u0161l\u0101gerdzied\u0101t\u0101ja Ilm\u0101ra Dze\u0146a aizie\u0161anu m\u016b\u017e\u012bb\u0101&hellip;\n","protected":false},"author":2,"featured_media":40266,"comment_status":"","ping_status":"","sticky":false,"template":"","format":"standard","meta":{"footnotes":""},"categories":[19],"tags":[89,8268,90,35,39,38,194,36,37,34,40,11600,11599,9868],"class_list":{"0":"post-40265","1":"post","2":"type-post","3":"status-publish","4":"format-standard","5":"has-post-thumbnail","7":"category-izklaide","8":"tag-entertainment","9":"tag-ilmars-dzenis","10":"tag-izklaide","11":"tag-latvia","12":"tag-latvian","13":"tag-latviesu","14":"tag-latviesu-muzika","15":"tag-latviesu-valoda","16":"tag-latviesuvaloda","17":"tag-latvija","18":"tag-lv","19":"tag-misterija","20":"tag-muzika-nave","21":"tag-trimdas-latviesi"},"share_on_mastodon":{"url":"https:\/\/pubeurope.com\/@lv\/115495222875565332","error":""},"_links":{"self":[{"href":"https:\/\/www.europesays.com\/lv\/wp-json\/wp\/v2\/posts\/40265","targetHints":{"allow":["GET"]}}],"collection":[{"href":"https:\/\/www.europesays.com\/lv\/wp-json\/wp\/v2\/posts"}],"about":[{"href":"https:\/\/www.europesays.com\/lv\/wp-json\/wp\/v2\/types\/post"}],"author":[{"embeddable":true,"href":"https:\/\/www.europesays.com\/lv\/wp-json\/wp\/v2\/users\/2"}],"replies":[{"embeddable":true,"href":"https:\/\/www.europesays.com\/lv\/wp-json\/wp\/v2\/comments?post=40265"}],"version-history":[{"count":0,"href":"https:\/\/www.europesays.com\/lv\/wp-json\/wp\/v2\/posts\/40265\/revisions"}],"wp:featuredmedia":[{"embeddable":true,"href":"https:\/\/www.europesays.com\/lv\/wp-json\/wp\/v2\/media\/40266"}],"wp:attachment":[{"href":"https:\/\/www.europesays.com\/lv\/wp-json\/wp\/v2\/media?parent=40265"}],"wp:term":[{"taxonomy":"category","embeddable":true,"href":"https:\/\/www.europesays.com\/lv\/wp-json\/wp\/v2\/categories?post=40265"},{"taxonomy":"post_tag","embeddable":true,"href":"https:\/\/www.europesays.com\/lv\/wp-json\/wp\/v2\/tags?post=40265"}],"curies":[{"name":"wp","href":"https:\/\/api.w.org\/{rel}","templated":true}]}}