{"id":40275,"date":"2025-11-05T04:50:10","date_gmt":"2025-11-05T04:50:10","guid":{"rendered":"https:\/\/www.europesays.com\/lv\/40275\/"},"modified":"2025-11-05T04:50:10","modified_gmt":"2025-11-05T04:50:10","slug":"jaunumi-muzika-miks-galvanovskis-prezente-piecus-singlus-nedela","status":"publish","type":"post","link":"https:\/\/www.europesays.com\/lv\/40275\/","title":{"rendered":"Jaunumi m\u016bzik\u0101: Miks Galvanovskis prezent\u0113 piecus singlus ned\u0113\u013c\u0101"},"content":{"rendered":"<p class=\"descr\">Atrakt\u012bvais rokm\u016bzi\u0137is Miks Galvanovskis nosol\u012bjies l\u012bdz piektdienai izdot piecas jaunas dziesmas un to videoklipus \u2013 katru dienu pa vienai. Ned\u0113\u013cu ievado\u0161\u0101 pirmdiena tika sv\u0113t\u012bta ar dziesmu \u201cK\u0101 b\u016btu, ja b\u016btu\u201d.<\/p>\n<p>Protams, piecu jaunu dziesmu izdo\u0161ana piecu dienu laik\u0101 no publicit\u0101tes viedok\u013ca nav, maigi izsakoties, diez ko gudrs g\u0101jiens, jo skaidrs, ka mediju uzman\u012bba atsl\u0101bs jau p\u0113c p\u0101ris pirmajiem gabaliem. Ta\u010du Miks Galvanovskis jau 7. novembr\u012b uzs\u0101ks savu koncertt\u016bri \u201cPar savu zemi saukt\u201d, t\u0101p\u0113c nol\u0113mis \u0161o ned\u0113\u013cu, no 3. l\u012bdz 7. novembrim, ieskandin\u0101t t\u0101 \u012bpa\u0161\u0101k, ik dienu izdodot pa jaunai dziesmai un videoklipam no sava jaun\u0101 albuma \u201cT\u0101 mana dz\u012bve\u201d.<\/p>\n<p>Album\u0101 kopum\u0101 b\u016bs dzirdamas desmit jaunas dziesmas. Miks izdom\u0101jis izdot dziesmas pa vienai, lai \u012bpa\u0161i piev\u0113rstu uzman\u012bbu katram singlam atsevi\u0161\u0137i.<\/p>\n<p>\u201c\u0160\u012b dziesma [\u201cK\u0101 b\u016btu, ja b\u016btu\u201d] daudziem klaus\u012bt\u0101jiem, iesp\u0113jams, b\u016bs p\u0101rsteigums, jo t\u0101 ir nedaudz viegl\u0101ka nek\u0101 l\u012bdz \u0161im izn\u0101ku\u0161\u0101s albuma kompoz\u012bcijas,\u201d atz\u012bst Miks un, noklausoties jauno pied\u0101v\u0101jumu, j\u0101atz\u012bst, ka diem\u017e\u0113l t\u0101 ar\u012b ir. \u201c\u0160\u012b dziesma tika uzrakst\u012bta jau pirms k\u0101da laici\u0146a un man prieks, ka t\u0101 beidzot non\u0101kusi pie klaus\u012bt\u0101jiem. Interesanti ir tas, ka es pirmo reizi izl\u0113mu dziesmai nelikt kl\u0101t papildus da\u013cas, piem\u0113ram, ar \u0123it\u0101ras soli\u0146u, un izdot to mazliet gar\u0101ku par div\u0101m min\u016bt\u0113m.\u201d<\/p>\n<p>\u201cDziesmas st\u0101sts ir par nenotiku\u0161u m\u012blest\u012bbu, jo bie\u017ei vien t\u0101 paliek neizboj\u0101ta. Jo nevar jau izboj\u0101t to, kas nav noticis,\u201d v\u0113st\u012bjumu koment\u0113 Miks.<\/p>\n<p>Dziesmas ierakst\u0101 piedal\u012bjies <a href=\"https:\/\/nra.lv\/izklaide\/muzika\/505383-mika-galvanovska-jaunais-albums-un-singls-varu-but-kad-gaidit.htm\" data-item-link=\"true\" data-item-id=\"505383\" rel=\"nofollow noopener\" target=\"_blank\">Mika Galvanovska grupas<\/a> pamatsast\u0101vs &#8211; Kristens Kup\u010ds, M\u0101rcis Bri\u0161ka, J\u0101nis Narbuts un Reinis Bri\u0123is. Video uz\u0146\u0113mis Elvis L\u0101cis.<\/p>\n","protected":false},"excerpt":{"rendered":"Atrakt\u012bvais rokm\u016bzi\u0137is Miks Galvanovskis nosol\u012bjies l\u012bdz piektdienai izdot piecas jaunas dziesmas un to videoklipus \u2013 katru dienu pa&hellip;\n","protected":false},"author":2,"featured_media":40276,"comment_status":"","ping_status":"","sticky":false,"template":"","format":"standard","meta":{"footnotes":""},"categories":[19],"tags":[89,90,35,39,38,36,37,34,40],"class_list":{"0":"post-40275","1":"post","2":"type-post","3":"status-publish","4":"format-standard","5":"has-post-thumbnail","7":"category-izklaide","8":"tag-entertainment","9":"tag-izklaide","10":"tag-latvia","11":"tag-latvian","12":"tag-latviesu","13":"tag-latviesu-valoda","14":"tag-latviesuvaloda","15":"tag-latvija","16":"tag-lv"},"share_on_mastodon":{"url":"https:\/\/pubeurope.com\/@lv\/115495293593616802","error":""},"_links":{"self":[{"href":"https:\/\/www.europesays.com\/lv\/wp-json\/wp\/v2\/posts\/40275","targetHints":{"allow":["GET"]}}],"collection":[{"href":"https:\/\/www.europesays.com\/lv\/wp-json\/wp\/v2\/posts"}],"about":[{"href":"https:\/\/www.europesays.com\/lv\/wp-json\/wp\/v2\/types\/post"}],"author":[{"embeddable":true,"href":"https:\/\/www.europesays.com\/lv\/wp-json\/wp\/v2\/users\/2"}],"replies":[{"embeddable":true,"href":"https:\/\/www.europesays.com\/lv\/wp-json\/wp\/v2\/comments?post=40275"}],"version-history":[{"count":0,"href":"https:\/\/www.europesays.com\/lv\/wp-json\/wp\/v2\/posts\/40275\/revisions"}],"wp:featuredmedia":[{"embeddable":true,"href":"https:\/\/www.europesays.com\/lv\/wp-json\/wp\/v2\/media\/40276"}],"wp:attachment":[{"href":"https:\/\/www.europesays.com\/lv\/wp-json\/wp\/v2\/media?parent=40275"}],"wp:term":[{"taxonomy":"category","embeddable":true,"href":"https:\/\/www.europesays.com\/lv\/wp-json\/wp\/v2\/categories?post=40275"},{"taxonomy":"post_tag","embeddable":true,"href":"https:\/\/www.europesays.com\/lv\/wp-json\/wp\/v2\/tags?post=40275"}],"curies":[{"name":"wp","href":"https:\/\/api.w.org\/{rel}","templated":true}]}}