{"id":40279,"date":"2025-11-05T04:56:07","date_gmt":"2025-11-05T04:56:07","guid":{"rendered":"https:\/\/www.europesays.com\/lv\/40279\/"},"modified":"2025-11-05T04:56:07","modified_gmt":"2025-11-05T04:56:07","slug":"kailija-minoga-filme-jaunu-videoklipu-riga","status":"publish","type":"post","link":"https:\/\/www.europesays.com\/lv\/40279\/","title":{"rendered":"Kailija Minoga film\u0113 jaunu videoklipu R\u012bg\u0101"},"content":{"rendered":"<p class=\"descr\">Lai rad\u012btu savas jaun\u0101s dziesmas videoklipu, pag\u0101ju\u0161\u0101s ned\u0113\u013cas vid\u016b uz k\u0101du br\u012bdi R\u012bg\u0101 ierad\u0101s pasaulslaven\u0101 austr\u0101lie\u0161u popd\u012bva Kailija Minoga, v\u0113st\u012bts Evijas Kalnb\u0113rzas materi\u0101l\u0101 izdevum\u0101 &#8220;Priv\u0101t\u0101 Dz\u012bve&#8221;.<\/p>\n<p>Pag\u0101ju\u0161aj\u0101 tre\u0161dien\u0101 pie Latvie\u0161u biedr\u012bbas nama gan Arhitektu, gan Mer\u0137e\u013ca iel\u0101 gar\u0101mg\u0101j\u0113ji iev\u0113roja lielus furgonus, gaismas iek\u0101rtas un pat ce\u013camkr\u0101nus. \u0160\u012b tehnika pieder D\u0101nijas filmu komp\u0101nijai Vacation Unit, kura R\u012bgas Latvie\u0161u biedr\u012bbas nam\u0101 uz\u0146\u0113ma m\u0101kslas filmu.<\/p>\n<blockquote><p>Paral\u0113li \u0161o tehniku izmantojusi ar\u012b dzied\u0101t\u0101ja <a href=\"https:\/\/nra.lv\/birka\/kailija-minoga\/\" target=\"_blank\" rel=\"noopener nofollow\">Kailija Minoga<\/a>, kura savu videoklipu film\u0113jusi Vecr\u012bg\u0101.<\/p><\/blockquote>\n<p>To apstiprin\u0101ja R\u012bgas Latvie\u0161u biedr\u012bbas priek\u0161s\u0113d\u0113t\u0101js Guntis Gail\u012btis.<\/p>\n<p>Minoga jau iepriek\u0161 sniegusi divus koncertus Latvij\u0101, iesp\u0113jams, taj\u0101s reiz\u0113s vi\u0146a ar\u012b atradusi piem\u0113rotas vietas, kur R\u012bg\u0101 vizu\u0101li ilustr\u0113t savu jauno dziesmu. Soci\u0101lajos t\u012bklos pag\u0101ju\u0161aj\u0101 ned\u0113\u013c\u0101 vair\u0101ki cilv\u0113ki atkl\u0101ja, ka Kailija jauki iztur\u0113jusies pret film\u0113\u0161anas komandu. R\u012bg\u0101 \u0161\u0101 klipa vajadz\u012bb\u0101m b\u0113rniem esot r\u012bkota dejot\u0101ju atlase, bet grupas Dzelzs vilks m\u016bzi\u0137is Kaspars Tobis film\u0113\u0161anai aizdevis divus sintezatorus.<\/p>\n","protected":false},"excerpt":{"rendered":"Lai rad\u012btu savas jaun\u0101s dziesmas videoklipu, pag\u0101ju\u0161\u0101s ned\u0113\u013cas vid\u016b uz k\u0101du br\u012bdi R\u012bg\u0101 ierad\u0101s pasaulslaven\u0101 austr\u0101lie\u0161u popd\u012bva Kailija&hellip;\n","protected":false},"author":2,"featured_media":40280,"comment_status":"","ping_status":"","sticky":false,"template":"","format":"standard","meta":{"footnotes":""},"categories":[19],"tags":[89,90,35,39,38,36,37,34,40],"class_list":{"0":"post-40279","1":"post","2":"type-post","3":"status-publish","4":"format-standard","5":"has-post-thumbnail","7":"category-izklaide","8":"tag-entertainment","9":"tag-izklaide","10":"tag-latvia","11":"tag-latvian","12":"tag-latviesu","13":"tag-latviesu-valoda","14":"tag-latviesuvaloda","15":"tag-latvija","16":"tag-lv"},"share_on_mastodon":{"url":"https:\/\/pubeurope.com\/@lv\/115495317184251281","error":""},"_links":{"self":[{"href":"https:\/\/www.europesays.com\/lv\/wp-json\/wp\/v2\/posts\/40279","targetHints":{"allow":["GET"]}}],"collection":[{"href":"https:\/\/www.europesays.com\/lv\/wp-json\/wp\/v2\/posts"}],"about":[{"href":"https:\/\/www.europesays.com\/lv\/wp-json\/wp\/v2\/types\/post"}],"author":[{"embeddable":true,"href":"https:\/\/www.europesays.com\/lv\/wp-json\/wp\/v2\/users\/2"}],"replies":[{"embeddable":true,"href":"https:\/\/www.europesays.com\/lv\/wp-json\/wp\/v2\/comments?post=40279"}],"version-history":[{"count":0,"href":"https:\/\/www.europesays.com\/lv\/wp-json\/wp\/v2\/posts\/40279\/revisions"}],"wp:featuredmedia":[{"embeddable":true,"href":"https:\/\/www.europesays.com\/lv\/wp-json\/wp\/v2\/media\/40280"}],"wp:attachment":[{"href":"https:\/\/www.europesays.com\/lv\/wp-json\/wp\/v2\/media?parent=40279"}],"wp:term":[{"taxonomy":"category","embeddable":true,"href":"https:\/\/www.europesays.com\/lv\/wp-json\/wp\/v2\/categories?post=40279"},{"taxonomy":"post_tag","embeddable":true,"href":"https:\/\/www.europesays.com\/lv\/wp-json\/wp\/v2\/tags?post=40279"}],"curies":[{"name":"wp","href":"https:\/\/api.w.org\/{rel}","templated":true}]}}