{"id":40292,"date":"2025-11-05T05:25:22","date_gmt":"2025-11-05T05:25:22","guid":{"rendered":"https:\/\/www.europesays.com\/lv\/40292\/"},"modified":"2025-11-05T05:25:22","modified_gmt":"2025-11-05T05:25:22","slug":"na-piekapjas-rinkevicam-stambulas-konvencijas-jautajuma","status":"publish","type":"post","link":"https:\/\/www.europesays.com\/lv\/40292\/","title":{"rendered":"NA piek\u0101pjas Rink\u0113vi\u010dam Stambulas konvencijas jaut\u0101jum\u0101"},"content":{"rendered":"<p>Vienlaikus apvien\u012bba uzsver, ka, cienot savu atbalst\u012bt\u0101ju at\u0161\u0137ir\u012bgos viedok\u013cus par Stambulas konvencijas denons\u0113\u0161anu, t\u0101 respekt\u0113s prezidenta aicin\u0101jumu un nepiepras\u012bs \u0161\u012b jaut\u0101juma izskat\u012b\u0161anu v\u0113l \u0161aj\u0101 Saeimas sasaukum\u0101.<\/p>\n<p>Noskaties: Kas notiks t\u0101l\u0101k? <a href=\"https:\/\/tv3.lv\/zinas\/latvija\/politika\/kas-notiks-talak-atseviski-politiki-iespejams-varetu-mainit-nostaju-par-labu-stambulas-konvencijas-neatcelsanai\/\" rel=\"nofollow noopener\" target=\"_blank\">Atsevi\u0161\u0137i politi\u0137i, iesp\u0113jams, var\u0113tu main\u012bt nost\u0101ju par labu Stambulas konvencijas neatcel\u0161anai<\/a><\/p>\n<p>Nacion\u0101l\u0101 apvien\u012bba nor\u0101da, ka turpin\u0101s iest\u0101ties pret vardarb\u012bbu sabiedr\u012bb\u0101 un atbalsta iesp\u0113ju konvencijas denons\u0113\u0161anas jaut\u0101jumu nodot tautas nobalso\u0161anai. Partija sola \u201ckonstrukt\u012bv\u0101s diskusij\u0101s mekl\u0113t veidus, k\u0101 ilgtermi\u0146\u0101 nov\u0113rst Stambulas konvencijas ideolo\u0123iskos un interpret\u0101cijas riskus\u201d.<\/p>\n<p>Ar \u0161o l\u0113mumu NA faktiski piek\u0101pusies prezidentam Rink\u0113vi\u010dam, kur\u0161 iepriek\u0161 aicin\u0101ja politi\u0137us atlikt l\u0113mumu par Latvijas izst\u0101\u0161anos no konvencijas, lai nepie\u013cautu sabiedr\u012bbas \u0161\u0137el\u0161anos un priek\u0161v\u0113l\u0113\u0161anu konflikta saasin\u0101\u0161anos.<\/p>\n<p>Jau zi\u0146ots, ka Valsts prezidents pirmdienas p\u0113cpusdien\u0101 pazi\u0146oja, ka <a href=\"https:\/\/tv3.lv\/zinas\/latvija\/politika\/rinkevics-komente-saeimas-lemumu-par-stambulas-konvenciju\/\" rel=\"nofollow noopener\" target=\"_blank\">nodevis Saeimai otrreiz\u0113jai caurl\u016bko\u0161anai likumu<\/a> par Latvijas izst\u0101\u0161anos no Eiropas Padomes Konvencijas par vardarb\u012bbas pret sieviet\u0113m un vardarb\u012bbas \u0123imen\u0113 nov\u0113r\u0161anu un apkaro\u0161anu jeb Stambulas konvencijas.<\/p>\n<p class=\"ad-desc ad-desc-main\">Saturs turpin\u0101s p\u0113c rekl\u0101mas<\/p>\n<p class=\"ad-desc ad-desc-sec\">Rekl\u0101ma<\/p>\n<p>Turkl\u0101t prezidents aicina \u0161\u012b jaut\u0101juma izlem\u0161anu nodot n\u0101kamajai Saeimai. N\u0101kam\u0101s parlamenta v\u0113l\u0113\u0161anas notiks 2026. gada ruden\u012b.<\/p>\n<p>\u201c\u0160is jaut\u0101jums p\u0113c b\u016bt\u012bbas b\u016btu j\u0101lemj n\u0101kamajai Saeimai. Mums ir biju\u0161as diskusijas gan ar politisko partiju, gan nevalstisko organiz\u0101ciju p\u0101rst\u0101vjiem. Ceru, ka Saeima manos argumentos ieklaus\u012bsies un \u0161o l\u0113mumu p\u0101rskat\u012bs, k\u0101 ar\u012b iev\u0113ros otrreiz\u0113j\u0101s caurl\u016bko\u0161anas l\u016bgum\u0101 min\u0113tos aspektus,\u201d R\u012bgas pil\u012b notiku\u0161aj\u0101 preses konferenc\u0113 sac\u012bja Valsts prezidents.<\/p>\n<p>Prezidents pauda p\u0101rliec\u012bbu, ka visdemokr\u0101tisk\u0101kais risin\u0101jums b\u016btu \u013caut politiskaj\u0101m partij\u0101m n\u0101kamaj\u0101s v\u0113l\u0113\u0161an\u0101s skaidri paust savu nost\u0101ju par \u0161o jaut\u0101jumu un jaunajai Saeimai to izv\u0113rt\u0113t. Vi\u0146\u0161 kl\u0101st\u012bja, ka aizvad\u012bto dienu laik\u0101 notiku\u0161as konsult\u0101cijas ar\u012b ar politisko partiju p\u0101rst\u0101vjiem un ties\u012bbsargu. Valsts prezidenta ieskat\u0101 gan konvencijas atbalst\u012bt\u0101ji, gan pretinieki ir gatavi mekl\u0113t risin\u0101jumu un kompromisu.<\/p>\n<p class=\"tv3-fw-500\">Zi\u0146o par k\u013c\u016bdu rakst\u0101<\/p>\n<p class=\"d-md-block d-none\">Iez\u012bm\u0113 k\u013c\u016bdaino tekstu un spied Ctrl+Enter.<\/p>\n<p class=\"d-md-none d-block\">Iez\u012bm\u0113 k\u013c\u016bdaino tekstu un zi\u0146o par to!<\/p>\n","protected":false},"excerpt":{"rendered":"Vienlaikus apvien\u012bba uzsver, ka, cienot savu atbalst\u012bt\u0101ju at\u0161\u0137ir\u012bgos viedok\u013cus par Stambulas konvencijas denons\u0113\u0161anu, t\u0101 respekt\u0113s prezidenta aicin\u0101jumu un&hellip;\n","protected":false},"author":2,"featured_media":40293,"comment_status":"","ping_status":"","sticky":false,"template":"","format":"standard","meta":{"footnotes":""},"categories":[5],"tags":[23,28,29,11639,32,33,22,30,31,35,39,38,36,37,34,40,20,26,27,24,25,21],"class_list":{"0":"post-40292","1":"post","2":"type-post","3":"status-publish","4":"format-standard","5":"has-post-thumbnail","7":"category-aktualitates","8":"tag-aktualitates","9":"tag-breaking-news","10":"tag-breakingnews","11":"tag-edgars-rinkevicsnacionala-apvienibastambulas-konvencija","12":"tag-featured-news","13":"tag-featurednews","14":"tag-headlines","15":"tag-latest-news","16":"tag-latestnews","17":"tag-latvia","18":"tag-latvian","19":"tag-latviesu","20":"tag-latviesu-valoda","21":"tag-latviesuvaloda","22":"tag-latvija","23":"tag-lv","24":"tag-news","25":"tag-popularakas-zinas","26":"tag-popularakaszinas","27":"tag-top-stories","28":"tag-topstories","29":"tag-zinas"},"share_on_mastodon":{"url":"https:\/\/pubeurope.com\/@lv\/115495431389253793","error":""},"_links":{"self":[{"href":"https:\/\/www.europesays.com\/lv\/wp-json\/wp\/v2\/posts\/40292","targetHints":{"allow":["GET"]}}],"collection":[{"href":"https:\/\/www.europesays.com\/lv\/wp-json\/wp\/v2\/posts"}],"about":[{"href":"https:\/\/www.europesays.com\/lv\/wp-json\/wp\/v2\/types\/post"}],"author":[{"embeddable":true,"href":"https:\/\/www.europesays.com\/lv\/wp-json\/wp\/v2\/users\/2"}],"replies":[{"embeddable":true,"href":"https:\/\/www.europesays.com\/lv\/wp-json\/wp\/v2\/comments?post=40292"}],"version-history":[{"count":0,"href":"https:\/\/www.europesays.com\/lv\/wp-json\/wp\/v2\/posts\/40292\/revisions"}],"wp:featuredmedia":[{"embeddable":true,"href":"https:\/\/www.europesays.com\/lv\/wp-json\/wp\/v2\/media\/40293"}],"wp:attachment":[{"href":"https:\/\/www.europesays.com\/lv\/wp-json\/wp\/v2\/media?parent=40292"}],"wp:term":[{"taxonomy":"category","embeddable":true,"href":"https:\/\/www.europesays.com\/lv\/wp-json\/wp\/v2\/categories?post=40292"},{"taxonomy":"post_tag","embeddable":true,"href":"https:\/\/www.europesays.com\/lv\/wp-json\/wp\/v2\/tags?post=40292"}],"curies":[{"name":"wp","href":"https:\/\/api.w.org\/{rel}","templated":true}]}}