{"id":40298,"date":"2025-11-05T05:31:21","date_gmt":"2025-11-05T05:31:21","guid":{"rendered":"https:\/\/www.europesays.com\/lv\/40298\/"},"modified":"2025-11-05T05:31:21","modified_gmt":"2025-11-05T05:31:21","slug":"nujorka-izvelas-pilsetas-galvu-labas-izredzes-demokratam-zohranam-mamdani","status":"publish","type":"post","link":"https:\/\/www.europesays.com\/lv\/40298\/","title":{"rendered":"\u0145ujorka izv\u0113las pils\u0113tas galvu; labas izredzes demokr\u0101tam Zohranam Mamdani"},"content":{"rendered":"<p class=\"lead\">\n                                ASV prezidents Donalds Tramps piedraud\u0113jis nepie\u0161\u0137irt \u0145ujorkai feder\u0101los l\u012bdzek\u013cus, ja otrdien notiku\u0161aj\u0101s m\u0113ra v\u0113l\u0113\u0161an\u0101s b\u016bs uzvar\u0113jis demokr\u0101tu kandid\u0101ts Zohrans Mamdani.\n                            <\/p>\n<p>Ugand\u0101 dzimu\u0161ais Mamdani ir musulmanis un pan\u0101kuma gad\u012bjum\u0101 k\u013c\u016bs par pirmo \u0161ai tic\u012bbai pieder\u012bgo \u0145ujorkas m\u0113ra amat\u0101. 24. j\u016bnij\u0101 r\u012bkotaj\u0101s priek\u0161v\u0113l\u0113\u0161an\u0101s vi\u0146\u0161, par p\u0101rsteigumu politiskajiem nov\u0113rot\u0101jiem, bija p\u0101rliecino\u0161i pirmais. Aptaujas liecina, ka Mamdani ar lielu p\u0101rsvaru apsteidz biju\u0161o \u0161tata gubernatoru Endr\u016b Kuomo, kur\u0161 v\u0113l\u0113\u0161an\u0101s start\u0113 k\u0101 neatkar\u012bgais. Republik\u0101\u0146u kandid\u0101ta K\u0113rtisa Silvas izredzes ir v\u0101jas, un Tramps atzinis, ka balsojums par Silvu faktiski pal\u012bdz\u0113tu Mamdani. Prezidents mudin\u0101ja v\u0113l\u0113t\u0101jus atbalst\u012bt Kuomo, neraugoties uz kritiku, ko biju\u0161ais gubernators velt\u012bja Trampam pand\u0113mijas laik\u0101:\u00a0<\/p>\n<blockquote>\n<p>&#8220;Neatkar\u012bgi no t\u0101, vai jums person\u012bgi pat\u012bk vai nepat\u012bk Endr\u016b Kuomo, jums tie\u0161\u0101m nav izv\u0113les.&#8221;<\/p>\n<\/blockquote>\n<p>Tramps platform\u0101 &#8220;Truth Social&#8221; Mamdani nosaucis par &#8220;komunistu&#8221;, apgalvojot, ka vi\u0146a d\u0113\u013c pils\u0113tas &#8220;izredzes uz pan\u0101kumiem vai pat izdz\u012bvo\u0161anu b\u016bs nulle&#8221;, un vi\u0146a uzvaras gad\u012bjum\u0101 &#8220;maz ticams, ka es ieguld\u012b\u0161u feder\u0101lo fondu l\u012bdzek\u013cus, iz\u0146emot minim\u0101li nepiecie\u0161amo&#8221;. \u0145ujorkai 2026. bud\u017eeta gad\u0101 no feder\u0101lajiem fondiem paredz\u0113ti 7,4 miljardi dol\u0101ru, kas veido 6,4% visu lielpils\u0113tas t\u0113ri\u0146u.<\/p>\n<p class=\"paragraph-muted\">Izv\u0113lies savu soct\u012bklu platformu, lai sekotu LASI.LV: <a href=\"https:\/\/www.facebook.com\/portals.lasi.lv\" target=\"_blank\" rel=\"noopener noreferrer nofollow\">Facebook<\/a>, <a href=\"https:\/\/twitter.com\/lasilvportals\" target=\"_blank\" rel=\"noopener noreferrer nofollow\">X<\/a>, <a href=\"https:\/\/bsky.app\/profile\/lasilv.bsky.social\" target=\"_blank\" rel=\"noopener noreferrer nofollow\">Bluesky<\/a>, <a href=\"https:\/\/www.draugiem.lv\/lasilv\/?pg=4\" target=\"_blank\" rel=\"noopener noreferrer nofollow\">Draugiem<\/a> vai ar\u012b <a href=\"https:\/\/www.instagram.com\/lasilv_zinas\/\" target=\"_blank\" rel=\"noopener noreferrer nofollow\">Instagram<\/a>. Pievienojies m\u016bsu las\u012bt\u0101ju pulkam, lai sa\u0146emtu \u012bpa\u0161i tev atlas\u012btu noder\u012bgu, praktisku un aktu\u0101lu saturu.\u00a0<\/p>\n<p><a href=\"https:\/\/lasi.lv\/abonesana\" rel=\"nofollow noopener\" target=\"_blank\">Abon\u0113<\/a>\u00a0LASI.LV gadam\u00a0vai k\u0101du no\u00a0&#8220;Latvijas Mediju&#8221; periodiskajiem izdevumiem 2026. gadam, un laim\u0113 1500 eiro vai Philips kafijas autom\u0101tu. Loterijas at\u013caujas nr. 8744.<\/p>\n<p><img decoding=\"async\" src=\"https:\/\/www.europesays.com\/lv\/wp-content\/uploads\/2025\/10\/1760568371_496_2025100311425268df8c8c1572e.jpg\" alt=\"\" loading=\"lazy\"\/><\/p>\n<p style=\"margin-left:auto;\">Pieraksties LASI.LV redaktora v\u0113stkopai <a href=\"https:\/\/lasi.lv\/vestkopa\/lasi-lv-galvena-redaktora-vestkopa\" rel=\"nofollow noopener\" target=\"_blank\">\u0161eit<\/a>.<\/p>\n<p>Pieraksties v\u0113stkopai un divas reizes ned\u0113\u013c\u0101 sa\u0146em padzi\u013cin\u0101tu LASI.LV galven\u0101 redaktora aktu\u0101lo zi\u0146u, kompetentu viedok\u013cu un interesant\u0101ko interviju apkopojumu.<\/p>\n<p>Ko tu sa\u0146emsi:<\/p>\n<ul>\n<li>Daudzveid\u012bgus koment\u0101rus un kompetentus Latvijas Mediju \u017eurn\u0101listu un autoru viedok\u013cus par aktu\u0101lo<\/li>\n<li>Ekspertu koment\u0101rus par da\u017e\u0101diem praktiskiem, noder\u012bgiem tematiem<\/li>\n<li>Aizraujo\u0161us materi\u0101lus par v\u0113sturi, psiholo\u0123iju, kult\u016bru<\/li>\n<li>Gata \u0160\u013c\u016bkas karikat\u016bru<\/li>\n<li>Tav\u0101 e-pasta kast\u012bt\u0113 katru ceturtdienu<\/li>\n<\/ul>\n<p style=\"margin-left:auto;\">\u00a0<\/p>\n<p><script async src=\"https:\/\/platform.twitter.com\/widgets.js\" charset=\"utf-8\"><\/script><script async src=\"\/\/www.instagram.com\/embed.js\"><\/script><\/p>\n","protected":false},"excerpt":{"rendered":"ASV prezidents Donalds Tramps piedraud\u0113jis nepie\u0161\u0137irt \u0145ujorkai feder\u0101los l\u012bdzek\u013cus, ja otrdien notiku\u0161aj\u0101s m\u0113ra v\u0113l\u0113\u0161an\u0101s b\u016bs uzvar\u0113jis demokr\u0101tu kandid\u0101ts&hellip;\n","protected":false},"author":2,"featured_media":40299,"comment_status":"","ping_status":"","sticky":false,"template":"","format":"standard","meta":{"footnotes":""},"categories":[5],"tags":[23,28,29,32,33,22,30,31,35,39,38,36,37,34,40,20,26,27,24,25,21],"class_list":{"0":"post-40298","1":"post","2":"type-post","3":"status-publish","4":"format-standard","5":"has-post-thumbnail","7":"category-aktualitates","8":"tag-aktualitates","9":"tag-breaking-news","10":"tag-breakingnews","11":"tag-featured-news","12":"tag-featurednews","13":"tag-headlines","14":"tag-latest-news","15":"tag-latestnews","16":"tag-latvia","17":"tag-latvian","18":"tag-latviesu","19":"tag-latviesu-valoda","20":"tag-latviesuvaloda","21":"tag-latvija","22":"tag-lv","23":"tag-news","24":"tag-popularakas-zinas","25":"tag-popularakaszinas","26":"tag-top-stories","27":"tag-topstories","28":"tag-zinas"},"share_on_mastodon":{"url":"https:\/\/pubeurope.com\/@lv\/115495454847472435","error":""},"_links":{"self":[{"href":"https:\/\/www.europesays.com\/lv\/wp-json\/wp\/v2\/posts\/40298","targetHints":{"allow":["GET"]}}],"collection":[{"href":"https:\/\/www.europesays.com\/lv\/wp-json\/wp\/v2\/posts"}],"about":[{"href":"https:\/\/www.europesays.com\/lv\/wp-json\/wp\/v2\/types\/post"}],"author":[{"embeddable":true,"href":"https:\/\/www.europesays.com\/lv\/wp-json\/wp\/v2\/users\/2"}],"replies":[{"embeddable":true,"href":"https:\/\/www.europesays.com\/lv\/wp-json\/wp\/v2\/comments?post=40298"}],"version-history":[{"count":0,"href":"https:\/\/www.europesays.com\/lv\/wp-json\/wp\/v2\/posts\/40298\/revisions"}],"wp:featuredmedia":[{"embeddable":true,"href":"https:\/\/www.europesays.com\/lv\/wp-json\/wp\/v2\/media\/40299"}],"wp:attachment":[{"href":"https:\/\/www.europesays.com\/lv\/wp-json\/wp\/v2\/media?parent=40298"}],"wp:term":[{"taxonomy":"category","embeddable":true,"href":"https:\/\/www.europesays.com\/lv\/wp-json\/wp\/v2\/categories?post=40298"},{"taxonomy":"post_tag","embeddable":true,"href":"https:\/\/www.europesays.com\/lv\/wp-json\/wp\/v2\/tags?post=40298"}],"curies":[{"name":"wp","href":"https:\/\/api.w.org\/{rel}","templated":true}]}}