{"id":40346,"date":"2025-11-05T06:36:08","date_gmt":"2025-11-05T06:36:08","guid":{"rendered":"https:\/\/www.europesays.com\/lv\/40346\/"},"modified":"2025-11-05T06:36:08","modified_gmt":"2025-11-05T06:36:08","slug":"smiltens-vaino-partijas-kas-aizstav-stambulas-konvenciju-jautajuma-atversana-saeima","status":"publish","type":"post","link":"https:\/\/www.europesays.com\/lv\/40346\/","title":{"rendered":"Smilt\u0113ns vaino partijas, kas aizst\u0101v Stambulas konvenciju, jaut\u0101juma &#8220;atv\u0113r\u0161an\u0101&#8221; Saeim\u0101"},"content":{"rendered":"<p>Prezidents ir aicin\u0101jis \u0161\u012b jaut\u0101juma izlem\u0161anu nodot n\u0101kamajai Saeimai, kuru iev\u0113l\u0113s p\u0113c nepilna gada.<\/p>\n<p>Gan daudzas nevalstisk\u0101s organiz\u0101cijas, gan partijas &#8220;Jaun\u0101 vienot\u012bba&#8221; un &#8220;Progres\u012bvie&#8221; iepriek\u0161 iesniedza prezidentam aicin\u0101jumu \u0161o likumu neizsludin\u0101t un nodot Saeimai otrreiz\u0113jai caurl\u016bko\u0161anai.<\/p>\n<p>Aizvad\u012btaj\u0101 tre\u0161dien\u0101 protests pret izst\u0101\u0161anos no konvencijas pie Saeimas pulc\u0113ja ap 5000 cilv\u0113ku, k\u013c\u016bstot par vienu no daudzskaitl\u012bg\u0101kajiem p\u0113d\u0113jos gados. \u0160oned\u0113\u013c gaid\u0101mi atk\u0101rtoti protesti.<\/p>\n<p>Savuk\u0101rt platform\u0101 &#8220;ManaBalss.lv&#8221; par Valsts prezidentam paredz\u0113tu iniciat\u012bvu, aicinot vi\u0146u neizsludin\u0101t \u0161o likumu, nepilnu \u010detru dienu laik\u0101 parakst\u012bju\u0161ies vair\u0101k nek\u0101 66 000 cilv\u0113ku. Tikm\u0113r Saeim\u0101 jau iesniegtaj\u0101 iniciat\u012bv\u0101, kur\u0101 parlaments aicin\u0101ts turpin\u0101t dal\u012bbu konvencij\u0101, parakstu skaits sasniedzis vismaz 34 400.<\/p>\n<p>Latvij\u0101 Eiropas Padomes Konvencija par vardarb\u012bbas pret sieviet\u0113m un vardarb\u012bbas \u0123imen\u0113 nov\u0113r\u0161anu un apkaro\u0161anu jeb t\u0101 d\u0113v\u0113t\u0101 Stambulas konvencija st\u0101j\u0101s sp\u0113k\u0101 pag\u0101ju\u0161\u0101 gada 1. maij\u0101. Tas ir starptautisks l\u012bgums, kas paredz, ka t\u0101 dal\u012bbvalst\u012bm ir j\u0101izstr\u0101d\u0101 saska\u0146ota politika, lai lab\u0101k var\u0113tu aizsarg\u0101t sievietes no visu veidu vardarb\u012bbas, k\u0101 ar\u012b sievietes un v\u012brie\u0161us no vardarb\u012bbas \u0123imen\u0113. Tostarp dal\u012bbvalst\u012bm ir j\u0101nodro\u0161ina cietu\u0161ajiem vispus\u012bga pal\u012bdz\u012bba un aizsardz\u012bba, kr\u012bzes centri, kr\u012bzes t\u0101lrunis, kas darbojas diennakti, specializ\u0113tie atbalsta centri no seksu\u0101las vardarb\u012bbas cietu\u0161\u0101m person\u0101m, j\u0101aizsarg\u0101 un j\u0101atbalsta b\u0113rni, kas ir vardarb\u012bbas liecinieki.<\/p>\n","protected":false},"excerpt":{"rendered":"Prezidents ir aicin\u0101jis \u0161\u012b jaut\u0101juma izlem\u0161anu nodot n\u0101kamajai Saeimai, kuru iev\u0113l\u0113s p\u0113c nepilna gada. Gan daudzas nevalstisk\u0101s organiz\u0101cijas,&hellip;\n","protected":false},"author":2,"featured_media":40347,"comment_status":"","ping_status":"","sticky":false,"template":"","format":"standard","meta":{"footnotes":""},"categories":[12],"tags":[23,9194,28,29,10186,32,33,22,30,31,35,39,38,36,37,34,40,20,26,27,141,2023,24,25,21],"class_list":{"0":"post-40346","1":"post","2":"type-post","3":"status-publish","4":"format-standard","5":"has-post-thumbnail","7":"category-latvija","8":"tag-aktualitates","9":"tag-apvienotais-saraksts","10":"tag-breaking-news","11":"tag-breakingnews","12":"tag-edvards-smiltens","13":"tag-featured-news","14":"tag-featurednews","15":"tag-headlines","16":"tag-latest-news","17":"tag-latestnews","18":"tag-latvia","19":"tag-latvian","20":"tag-latviesu","21":"tag-latviesu-valoda","22":"tag-latviesuvaloda","23":"tag-latvija","24":"tag-lv","25":"tag-news","26":"tag-popularakas-zinas","27":"tag-popularakaszinas","28":"tag-saeima","29":"tag-stambulas-konvencija","30":"tag-top-stories","31":"tag-topstories","32":"tag-zinas"},"share_on_mastodon":{"url":"https:\/\/pubeurope.com\/@lv\/115495710661879722","error":""},"_links":{"self":[{"href":"https:\/\/www.europesays.com\/lv\/wp-json\/wp\/v2\/posts\/40346","targetHints":{"allow":["GET"]}}],"collection":[{"href":"https:\/\/www.europesays.com\/lv\/wp-json\/wp\/v2\/posts"}],"about":[{"href":"https:\/\/www.europesays.com\/lv\/wp-json\/wp\/v2\/types\/post"}],"author":[{"embeddable":true,"href":"https:\/\/www.europesays.com\/lv\/wp-json\/wp\/v2\/users\/2"}],"replies":[{"embeddable":true,"href":"https:\/\/www.europesays.com\/lv\/wp-json\/wp\/v2\/comments?post=40346"}],"version-history":[{"count":0,"href":"https:\/\/www.europesays.com\/lv\/wp-json\/wp\/v2\/posts\/40346\/revisions"}],"wp:featuredmedia":[{"embeddable":true,"href":"https:\/\/www.europesays.com\/lv\/wp-json\/wp\/v2\/media\/40347"}],"wp:attachment":[{"href":"https:\/\/www.europesays.com\/lv\/wp-json\/wp\/v2\/media?parent=40346"}],"wp:term":[{"taxonomy":"category","embeddable":true,"href":"https:\/\/www.europesays.com\/lv\/wp-json\/wp\/v2\/categories?post=40346"},{"taxonomy":"post_tag","embeddable":true,"href":"https:\/\/www.europesays.com\/lv\/wp-json\/wp\/v2\/tags?post=40346"}],"curies":[{"name":"wp","href":"https:\/\/api.w.org\/{rel}","templated":true}]}}