{"id":40350,"date":"2025-11-05T06:38:12","date_gmt":"2025-11-05T06:38:12","guid":{"rendered":"https:\/\/www.europesays.com\/lv\/40350\/"},"modified":"2025-11-05T06:38:12","modified_gmt":"2025-11-05T06:38:12","slug":"latvijas-muziki-un-aktieri-krasna-pasakuma-benjaminu-nama-atklaj-nakotnes-planus","status":"publish","type":"post","link":"https:\/\/www.europesays.com\/lv\/40350\/","title":{"rendered":"Latvijas m\u016bzi\u0137i un aktieri kr\u0101\u0161\u0146\u0101 pas\u0101kum\u0101 Benjami\u0146u nam\u0101 atkl\u0101j n\u0101kotnes pl\u0101nus"},"content":{"rendered":"<p>Pirmdienas, 3. novembra, p\u0113cpusdien\u0101 greznaj\u0101 Benjami\u0146u nam\u0101&#13;<br \/>\nkop\u0101 ar draugiem, m\u0101ksliniekiem un sadarb\u012bbas partneriem producentu komp\u0101nija&#13;<br \/>\n\u201cArt Management Group\u201d prezent\u0113ja jauno sezonu un inform\u0113ja par gaid\u0101majiem&#13;<br \/>\nprojektiem.<\/p>\n<p>Pas\u0101kumu ar savu kl\u0101tb\u016btni pagodin\u0101ja Indra Burkovska,&#13;<br \/>\nM\u0101rti\u0146\u0161 Vilsons, Ain\u0101rs An\u010devskis, Adrians Kukuvass, Juris un Leons S\u0113j\u0101ni,&#13;<br \/>\nImants Strads, Akvel\u012bna L\u012bvmane, Evija D\u0101boli\u0146a, Raimonds Barta\u0161evi\u010ds, Varis&#13;<br \/>\nV\u0113tra, Zane Dombrovska, Olga Rajecka, Igo, Ainars Virga, J\u0101nis L\u016bs\u0113ns, Sanda&#13;<br \/>\nDejus, Agnese Zelti\u0146a, Aina Poi\u0161a u.c. dzied\u0101t\u0101ji, aktieri, m\u016bzi\u0137i, dizaineri,&#13;<br \/>\nscenogr\u0101fi, pav\u0101ri, pa\u0161vald\u012bbu un a\u0123ent\u016bru p\u0101rst\u0101vji, \u017eurn\u0101listi un citi \u201cArt&#13;<br \/>\nManagement Group\u201d noz\u012bm\u012bgi cilv\u0113ki, savuk\u0101rt vad\u012bt\u0101ja lom\u0101 iejut\u0101s Armands&#13;<br \/>\nSimsons.<\/p>\n<p>Vakara gait\u0101 bija iesp\u0113ja nobaud\u012bt gan atspirdzino\u0161us&#13;<br \/>\ndz\u0113rienus, gan gardu kafiju, Ik\u0161\u0137iles sald\u0113jumu, Inas Poli\u0161\u010denko sar\u016bp\u0113to&#13;<br \/>\n\u0161okol\u0101des str\u016bklaku ar aug\u013ciem un citus k\u0101rumus, piedal\u012bties Elitas&#13;<br \/>\nPatmalnieces gleznas tap\u0161an\u0101, fotograf\u0113ties un \u013cauties cit\u0101m aktivit\u0101t\u0113m, bet&#13;<br \/>\nuz skatuves k\u0101pa un ar priek\u0161nesumiem iepriecin\u0101ja grupas \u201cRaxtu raxti\u201d,&#13;<br \/>\n\u201cL\u0101dezers\u201d, \u201cP\u0113rle\u201d, Aivars Hermanis un Igo, J\u0101nis L\u016bs\u0113ns, Raimonds Celms,&#13;<br \/>\nBrigita Reisone, \u201cL\u0101dezers\u201d, Atis Ievi\u0146\u0161 &amp; \u201cThe Rock Brothers\u201d,&#13;<br \/>\n\u201cBr\u012bnumskapis\u201d u.c. m\u0101kslinieki. <\/p>\n<p>T\u0101pat kl\u0101teso\u0161ie viesi tika iepaz\u012bstin\u0101ti ar liel\u0101kajiem&#13;<br \/>\nn\u0101kamgad gaid\u0101majiem pas\u0101kumiem: \u201cImantdienu\u201d 50.jubilejas svin\u012bb\u0101m C\u0113s\u012bs,&#13;<br \/>\nkomponista Imanta Kalni\u0146a 85 gadu jubilejai velt\u012bto koncertu \u201cVirs galvas&#13;<br \/>\nm\u016b\u017e\u012bgs piena ce\u013c\u0161\u201d Liep\u0101jas koncertz\u0101l\u0113 \u201cLielais dzintars\u201d, grupas \u201cRemix\u201d 40.&#13;<br \/>\njubilejai velt\u012bto koncertt\u016bri, Aijas V\u012btoli\u0146as un \u201cAG\u20193\u201d Ziemassv\u0113tku&#13;<br \/>\nkoncertprogrammu, J\u0101\u0146a L\u016bs\u0113na, Brigitas Reisones un Raimonda Celma&#13;<br \/>\nkoncertprogrammu \u201cBr\u012bdi pirms gaismi\u0146as\u201d, TV3 un \u201cStar FM\u201d Jaungada \u0161ovu&#13;<br \/>\n\u201cN\u0101kamais b\u016bs v\u0113l lab\u0101ks\u201d, kas decembra nogal\u0113 norisin\u0101sies Jelgav\u0101, Zemgales&#13;<br \/>\nOlimpiskaj\u0101 centr\u0101, Olgas Rajeckas un vi\u0146as draugu koncertu s\u0113riju \u201cUlbrokas&#13;<br \/>\nP\u0113rl\u0113\u201d no 27.-30.decembrim, Vecgada koncerts \u201cT\u0101, l\u016bk, grie\u017eas dz\u012bves&#13;<br \/>\nrats&#8221; ar aktieriem \u0112riku Egliju-Gr\u0101veli, Gintu Gr\u0101veli, El\u012bnu V\u0101ni, Imantu&#13;<br \/>\nStradu un Arti Robe\u017enieku k\u0101 ar\u012b Jaungada sagaid\u012b\u0161anas svin\u012bbas 31.decembr\u012b VEF&#13;<br \/>\nKult\u016bras pil\u012b \u201cTa\u010du \u0161onakt man\u0101 pil\u012b visi logi gai\u0161i sp\u012bd\u201d, \u201cBr\u012bnumskapja\u201d&#13;<br \/>\njaun\u0101 koncertuzveduma \u201c\u0136ekata-\u013cekata\u201d koncertt\u016bri, grupas \u201cL\u0101dezers\u201d gaid\u0101mo&#13;<br \/>\nkoncertt\u016bri, topo\u0161ajiem te\u0101tra izr\u0101\u017eu iestud\u0113jumiem u.c. projektiem.<\/p>\n<p>Bi\u013cetes uz pas\u0101kumiem iesp\u0113jams ieg\u0101d\u0101ties <a target=\"_blank\" href=\"https:\/\/www.bilesuparadize.lv\/lv\/organizer\/1117\" rel=\"nofollow noopener\">\u0161eit<\/a>.<\/p>\n","protected":false},"excerpt":{"rendered":"Pirmdienas, 3. novembra, p\u0113cpusdien\u0101 greznaj\u0101 Benjami\u0146u nam\u0101&#13; kop\u0101 ar draugiem, m\u0101ksliniekiem un sadarb\u012bbas partneriem producentu komp\u0101nija&#13; \u201cArt Management&hellip;\n","protected":false},"author":2,"featured_media":40351,"comment_status":"","ping_status":"","sticky":false,"template":"","format":"standard","meta":{"footnotes":""},"categories":[19],"tags":[129,5377,2944,89,90,35,39,38,36,37,34,40,5378,6138,5379,6139],"class_list":{"0":"post-40350","1":"post","2":"type-post","3":"status-publish","4":"format-standard","5":"has-post-thumbnail","7":"category-izklaide","8":"tag-__typenameadvicekeyword","9":"tag-id143","10":"tag-id457","11":"tag-entertainment","12":"tag-izklaide","13":"tag-latvia","14":"tag-latvian","15":"tag-latviesu","16":"tag-latviesu-valoda","17":"tag-latviesuvaloda","18":"tag-latvija","19":"tag-lv","20":"tag-slugkoncerti","21":"tag-slugpasakumi","22":"tag-titlekoncerti","23":"tag-titlepasakumi"},"share_on_mastodon":{"url":"https:\/\/pubeurope.com\/@lv\/115495718302086717","error":""},"_links":{"self":[{"href":"https:\/\/www.europesays.com\/lv\/wp-json\/wp\/v2\/posts\/40350","targetHints":{"allow":["GET"]}}],"collection":[{"href":"https:\/\/www.europesays.com\/lv\/wp-json\/wp\/v2\/posts"}],"about":[{"href":"https:\/\/www.europesays.com\/lv\/wp-json\/wp\/v2\/types\/post"}],"author":[{"embeddable":true,"href":"https:\/\/www.europesays.com\/lv\/wp-json\/wp\/v2\/users\/2"}],"replies":[{"embeddable":true,"href":"https:\/\/www.europesays.com\/lv\/wp-json\/wp\/v2\/comments?post=40350"}],"version-history":[{"count":0,"href":"https:\/\/www.europesays.com\/lv\/wp-json\/wp\/v2\/posts\/40350\/revisions"}],"wp:featuredmedia":[{"embeddable":true,"href":"https:\/\/www.europesays.com\/lv\/wp-json\/wp\/v2\/media\/40351"}],"wp:attachment":[{"href":"https:\/\/www.europesays.com\/lv\/wp-json\/wp\/v2\/media?parent=40350"}],"wp:term":[{"taxonomy":"category","embeddable":true,"href":"https:\/\/www.europesays.com\/lv\/wp-json\/wp\/v2\/categories?post=40350"},{"taxonomy":"post_tag","embeddable":true,"href":"https:\/\/www.europesays.com\/lv\/wp-json\/wp\/v2\/tags?post=40350"}],"curies":[{"name":"wp","href":"https:\/\/api.w.org\/{rel}","templated":true}]}}