{"id":40354,"date":"2025-11-05T06:48:07","date_gmt":"2025-11-05T06:48:07","guid":{"rendered":"https:\/\/www.europesays.com\/lv\/40354\/"},"modified":"2025-11-05T06:48:07","modified_gmt":"2025-11-05T06:48:07","slug":"labakais-risinajums-stambulas-konvencijas-jautajuma-butu-referendums-raksts","status":"publish","type":"post","link":"https:\/\/www.europesays.com\/lv\/40354\/","title":{"rendered":"Lab\u0101kais risin\u0101jums Stambulas konvencijas jaut\u0101jum\u0101 b\u016btu referendums \/ Raksts"},"content":{"rendered":"<p>Lab\u0101kais risin\u0101jums Stambulas konvencijas jaut\u0101jum\u0101 b\u016btu referenduma r\u012bko\u0161ana, intervij\u0101 Latvijas Telev\u012bzijas raid\u012bjum\u0101 &#8220;R\u012bta panor\u0101ma&#8221; sac\u012bja &#8220;Apvienot\u0101 saraksta&#8221; deput\u0101ts Edvards Smilt\u0113ns.<\/p>\n<p style=\"margin-left:0cm; margin-right:0cm\">Vi\u0146\u0161 atzina, ka pa\u0161laik neskat\u012bt jaut\u0101jumu par Stambulas konvencijas denons\u0113\u0161anu ir racion\u0101ls un pamatots. Politi\u0137is uzskata, ka nedr\u012bkst sa\u0161\u0137elt sabiedr\u012bbu. Vi\u0146\u0161 v\u0113las,\u00a0lai Latvijas sabiedr\u012bba b\u016btu vienota c\u012b\u0146\u0101 pret agresoru,<\/p>\n<p style=\"margin-left:0cm; margin-right:0cm\">Smilt\u0113ns pauda cer\u012bbu, ka deput\u0101ti piev\u0113rs\u012bsies galvenajai probl\u0113mai \u2013 proti, ka Stambulas konvencija simboliz\u0113 jaunu pasauli, kas lau\u017e gadsimtiem pierastas lietas. &#8220;Cerams, ka s\u0101ksim run\u0101t par \u012bstaj\u0101m liet\u0101m, kas dedzina sabiedr\u012bbu kop\u0101,&#8221; teica deput\u0101ts. P\u0113c vi\u0146a teikt\u0101, lielai sabiedr\u012bbas da\u013cai tas neesot pie\u0146emami.<\/p>\n<p style=\"margin-left:0cm; margin-right:0cm\">Politi\u0137is ar\u012b uzskata, ka notieko\u0161ie protesti pret Stambulas konvencijas denons\u0113\u0161anu ir speci\u0101li veidoti. Tas nederot valsts dro\u0161\u012bbai.<\/p>\n<p>KONTEKSTS:<\/p>\n<p>Iniciat\u012bva v\u0113rt\u0113t Latvijas izst\u0101\u0161anos no\u00a0Stambulas konvenciju n\u0101ca no opoz\u012bcijas partij\u0101m. T\u0101s uzskata, ka konvenciju nevajadz\u0113ja ratific\u0113t.\u00a0Opoz\u012bcijai pievienoj\u0101s ar\u012b koal\u012bcij\u0101 ietilpsto\u0161\u0101 Za\u013co un Zemnieku savien\u012bba (ZZS), t\u0101d\u0113\u013c izdev\u0101s pie\u0146emt likumu par izt\u0101\u0161anos no<a href=\"https:\/\/www.lsm.lv\/raksts\/zinas\/latvija\/30.10.2025-vai-nebus-kauns-saeima-nolemj-latvijai-jaizstajas-no-stambulas-konvencijas.a620391\/\" class=\"lsm-link\" data-type=\"article\" data-id=\"620391\" rel=\"nofollow noopener\" target=\"_blank\"> konvencijas.<\/a>\u00a0<\/p>\n<p>Platform\u0101 &#8220;ManaBalss.lv&#8221; liel\u0101 \u0101trum\u0101 tika sav\u0101kti vair\u0101k nek\u0101 60 000 parakstu, aicinot\u00a0Valsts prezidentu\u00a0Edgaru Rink\u0113vi\u010du\u00a0neparakst\u012bt izst\u0101\u0161anos no konvencijas. Prezidents ar\u012b pazi\u0146oja, ka\u00a0<a data-id=\"620943\" data-type=\"article\" href=\"https:\/\/www.lsm.lv\/raksts\/zinas\/latvija\/03.11.2025-valsts-prezidents-liek-saeimai-parskatit-lemumu-par-izstasanos-no-stambulas-konvencijas.a620943\/\" class=\"lsm-link\" rel=\"nofollow noopener\" target=\"_blank\">izmantos savas ties\u012bbas pras\u012bt\u00a0<\/a>Stambulas konvencijas denons\u0113\u0161anas likuma otrreiz\u0113ju caurl\u016bko\u0161anu. Vienlaikus prezidents uzskata, ka \u0161is l\u0113mums b\u016btu j\u0101p\u0101rskata n\u0101kamajam Saeimas sasaukumam.<\/p>\n<p>Otrdien prezidenta aicin\u0101jumam atst\u0101t jaut\u0101jumu par konvencijas denons\u0113\u0161anu n\u0101kamajai Saeimai\u00a0pievienoj\u0101s ne tikai &#8220;Jaun\u0101 Vienot\u012bba&#8221; un &#8220;Progres\u012bvie&#8221;, kuri iest\u0101j\u0101s par Latvijas palik\u0161anu konvencij\u0101, bet <a href=\"https:\/\/www.lsm.lv\/raksts\/zinas\/latvija\/04.11.2025-nacionala-apvieniba-un-apvienotais-saraksts-atbalsta-aicinajumu-par-stambulas-konvenciju-lemt-nakamajai-saeimai.a621061\/\" class=\"lsm-link\" data-type=\"article\" data-id=\"621061\" rel=\"nofollow noopener\" target=\"_blank\">ar\u012b divas opoz\u012bcij\u0101 eso\u0161\u0101s partijas<\/a> \u2013\u00a0Nacion\u0101l\u0101 apvien\u012bba un &#8220;Apvienotais saraksts&#8221;.<\/p>\n<p>                    Valodas k\u013c\u016bda rakst\u0101?<\/p>\n<p class=\"d-none d-md-block\">Iez\u012bm\u0113jiet tekstu un spiediet Ctrl+Enter, lai nos\u016bt\u012btu labojamo teksta fragmentu redaktoram! Par faktu k\u013c\u016bd\u0101m l\u016bdzam zi\u0146ot e-past\u0101 <a href=\"https:\/\/www.lsm.lv\/cdn-cgi\/l\/email-protection\" class=\"__cf_email__\" data-cfemail=\"ff8d9a9b9e949c96959ebf938c92d19389\" rel=\"nofollow noopener\" target=\"_blank\">[email\u00a0protected]<\/a>.<\/p>\n<p class=\"d-md-none\">Iez\u012bm\u0113jiet tekstu un spiediet uz Zi\u0146ot par k\u013c\u016bdu pogas, lai nos\u016bt\u012btu labojamo teksta fragmentu redaktoram!<\/p>\n<p>\n                    Zi\u0146ot par k\u013c\u016bdu\n                <\/p>\n","protected":false},"excerpt":{"rendered":"Lab\u0101kais risin\u0101jums Stambulas konvencijas jaut\u0101jum\u0101 b\u016btu referenduma r\u012bko\u0161ana, intervij\u0101 Latvijas Telev\u012bzijas raid\u012bjum\u0101 &#8220;R\u012bta panor\u0101ma&#8221; sac\u012bja &#8220;Apvienot\u0101 saraksta&#8221; deput\u0101ts&hellip;\n","protected":false},"author":2,"featured_media":40355,"comment_status":"","ping_status":"","sticky":false,"template":"","format":"standard","meta":{"footnotes":""},"categories":[12],"tags":[23,28,29,32,33,22,30,31,35,39,38,36,37,34,40,20,26,27,24,25,21],"class_list":{"0":"post-40354","1":"post","2":"type-post","3":"status-publish","4":"format-standard","5":"has-post-thumbnail","7":"category-latvija","8":"tag-aktualitates","9":"tag-breaking-news","10":"tag-breakingnews","11":"tag-featured-news","12":"tag-featurednews","13":"tag-headlines","14":"tag-latest-news","15":"tag-latestnews","16":"tag-latvia","17":"tag-latvian","18":"tag-latviesu","19":"tag-latviesu-valoda","20":"tag-latviesuvaloda","21":"tag-latvija","22":"tag-lv","23":"tag-news","24":"tag-popularakas-zinas","25":"tag-popularakaszinas","26":"tag-top-stories","27":"tag-topstories","28":"tag-zinas"},"share_on_mastodon":{"url":"https:\/\/pubeurope.com\/@lv\/115495757591269361","error":""},"_links":{"self":[{"href":"https:\/\/www.europesays.com\/lv\/wp-json\/wp\/v2\/posts\/40354","targetHints":{"allow":["GET"]}}],"collection":[{"href":"https:\/\/www.europesays.com\/lv\/wp-json\/wp\/v2\/posts"}],"about":[{"href":"https:\/\/www.europesays.com\/lv\/wp-json\/wp\/v2\/types\/post"}],"author":[{"embeddable":true,"href":"https:\/\/www.europesays.com\/lv\/wp-json\/wp\/v2\/users\/2"}],"replies":[{"embeddable":true,"href":"https:\/\/www.europesays.com\/lv\/wp-json\/wp\/v2\/comments?post=40354"}],"version-history":[{"count":0,"href":"https:\/\/www.europesays.com\/lv\/wp-json\/wp\/v2\/posts\/40354\/revisions"}],"wp:featuredmedia":[{"embeddable":true,"href":"https:\/\/www.europesays.com\/lv\/wp-json\/wp\/v2\/media\/40355"}],"wp:attachment":[{"href":"https:\/\/www.europesays.com\/lv\/wp-json\/wp\/v2\/media?parent=40354"}],"wp:term":[{"taxonomy":"category","embeddable":true,"href":"https:\/\/www.europesays.com\/lv\/wp-json\/wp\/v2\/categories?post=40354"},{"taxonomy":"post_tag","embeddable":true,"href":"https:\/\/www.europesays.com\/lv\/wp-json\/wp\/v2\/tags?post=40354"}],"curies":[{"name":"wp","href":"https:\/\/api.w.org\/{rel}","templated":true}]}}