{"id":40362,"date":"2025-11-05T07:03:18","date_gmt":"2025-11-05T07:03:18","guid":{"rendered":"https:\/\/www.europesays.com\/lv\/40362\/"},"modified":"2025-11-05T07:03:18","modified_gmt":"2025-11-05T07:03:18","slug":"latvijas-bobsleja-un-skeletona-komandas-gatavas-olimpiskajai-sezonai","status":"publish","type":"post","link":"https:\/\/www.europesays.com\/lv\/40362\/","title":{"rendered":"Latvijas bobsleja un skeletona komandas gatavas olimpiskajai sezonai"},"content":{"rendered":"<p>Latvijas Bobsleja un skeletona feder\u0101cija otrdien R\u012bg\u0101 pulc\u0113ja sportistus, trenerus, partnerus un mediju p\u0101rst\u0101vjus, lai prezent\u0113tu komandas gatav\u012bbu olimpiskajai sezonai. 2026.gada Mil\u0101nas\u2013Kort\u012bnas ziemas olimpiskaj\u0101s sp\u0113l\u0113s Latvija bobslej\u0101 cer start\u0113t ar div\u0101m v\u012brie\u0161u (piloti J\u0113kabs Kalenda un Ren\u0101rs Granti\u0146\u0161) un vienu sievie\u0161u ekip\u0101\u017eu (pilote Am\u0113lija Kot\u0101ne), savuk\u0101rt skeleton\u0101\u00a0\u2013 ar diviem kungiem (Em\u012blu Indriksonu, D\u0101vi Valdovski) un div\u0101m d\u0101m\u0101m (Martu And\u017e\u0101ni, D\u0101rtu Neimani), inform\u0113 feder\u0101cij\u0101.<\/p>\n<p>Preses konferenci atkl\u0101ja feder\u0101cijas prezidents Ansis Zelti\u0146\u0161, uzsverot, ka p\u0113d\u0113j\u0101 gada laik\u0101 notiku\u0161as b\u016btiskas p\u0101rmai\u0146as, kas nesu\u0161as jaunu ener\u0123iju komandai. &#8220;Olimpisk\u0101 sezona ir kl\u0101t. M\u0113s bobslej\u0101 maisi\u0146u esam apgriezu\u0161i uz otru pusi\u00a0\u2013 ar jaunu komandu un jaunu strukt\u016bru,&#8221; sac\u012bja Zelti\u0146\u0161, akcent\u0113jot ar\u012b sekm\u012bgi \u012bstenoto valsts l\u012bdzfinans\u0113to tehnisko programmu, kas \u013c\u0101vusi nodro\u0161in\u0101t modern\u0101ko ekip\u0113jumu un invent\u0101ru. &#8220;Tie ir resursi, bez kuriem \u0161aj\u0101 sporta l\u012bmen\u012b nav iesp\u0113jams konkur\u0113t. M\u0113r\u0137is ir vienk\u0101r\u0161s\u00a0\u2013 b\u016bt uz starta vis\u0101s discipl\u012bn\u0101s un c\u012bn\u012bties par pjedest\u0101lu,&#8221; vi\u0146\u0161 piebilda.<\/p>\n<p><img decoding=\"async\" src=\"https:\/\/www.europesays.com\/lv\/wp-content\/uploads\/2025\/11\/marvanphotoGRAF_2025-0014.jpg\" alt=\"\"\/><\/p>\n<p>Latvijas Olimpisk\u0101s komitejas p\u0101rst\u0101ve Anita Mui\u017eniece uzsv\u0113ra, ka valsts atbalsts ziemas sporta tehniskajai sagatavo\u0161anai bijis kritiski svar\u012bgs. &#8220;Svar\u012bgi nav tikai aizbraukt uz olimpi\u0101di\u00a0\u2013 svar\u012bgi ir b\u016bt lab\u0101kaj\u0101 form\u0101 tie\u0161i sp\u0113\u013cu laik\u0101 un iedvesmot valsti,&#8221; nor\u0101d\u012bja Mui\u017eniece, nor\u0101dot, ka rezult\u0101ti tiek gaid\u012bti ar\u012b ilgtermi\u0146\u0101.<\/p>\n<p>Starp feder\u0101cijas sadarb\u012bbas partneriem uzrunu teica SIA &#8220;Balcia Insurance SE&#8221; viceprezidents Reinis B\u0113rzkalns, kur\u0161 pauda gandar\u012bjumu par ilgsto\u0161o sadarb\u012bbu: &#8220;M\u0113s esam kop\u0101 ar sportu, kas iemieso drosmi, trad\u012bcijas un Latvijas unik\u0101lo Siguldas trasi. Ar lepnumu atbalst\u0101m \u0161\u012bs komandas jauno posmu.&#8221; Savuk\u0101rt &#8220;Oil Recovery&#8221; valdes loceklis Nauris Bertmanis izc\u0113la kop\u012bgo ener\u0123iju ar komandu: &#8220;M\u0113s esam jauna komanda ar liel\u0101m amb\u012bcij\u0101m, un redzam tie\u0161i t\u0101du pa\u0161u sparu Latvijas sportistos. Tas m\u016bs vieno.&#8221;<\/p>\n<p>Skeletona izlases galvenais treneris Ivo \u0160teinbergs inform\u0113ja, ka komanda sezonai sagatavota r\u016bp\u012bgi un ar strat\u0113\u0123isku skat\u012bjumu. &#8220;Komanda ir \u013coti jauna\u00a0\u2013 vec\u0101kais sportists ir tikai 20 gadu vecs. Bet tie\u0161i t\u0101d\u0113\u013c ener\u0123ijas un izsalkuma ir daudz. M\u016bs gaida intens\u012bvs grafiks: pieci Pasaules kausa posmi un pieci Eiropas kausa posmi, lai maksim\u0101li palielin\u0101tu kvalifik\u0101cijas iesp\u0113jas,&#8221; sac\u012bja \u0160teinbergs. Vi\u0146\u0161 nor\u0101d\u012bja, ka m\u0113r\u0137is ir kvalific\u0113t vismaz divus sportistus v\u012brie\u0161u konkurenc\u0113 un vienu l\u012bdz divas d\u0101mas, ta\u010du konkurence sievie\u0161u ieskait\u0113 \u0161ogad b\u016bs \u012bpa\u0161i bl\u012bva. Par tehnikas att\u012bst\u012bbu treneris run\u0101ja ar \u012bpa\u0161u aizraut\u012bbu, uzsverot turpin\u0101to sadarb\u012bbu ar Liep\u0101jas in\u017eenieriem: &#8220;B\u016bv\u0113jam pa\u0161i, att\u012bst\u0101m pa\u0161i\u00a0\u2013 tas ir m\u016bsu ce\u013c\u0161 un m\u016bsu sp\u0113ks.&#8221; Startam Pasaules kaus\u0101 \u0160teinbergs nosauca \u010detrus sportistus: Em\u012bls Indriksons, D\u0101vis Valdovskis, Marta And\u017e\u0101ne un D\u0101rta Neimane.<\/p>\n<p><img decoding=\"async\" src=\"https:\/\/www.europesays.com\/lv\/wp-content\/uploads\/2025\/11\/marvanphotoGRAF_2025-0053.jpg\" alt=\"\"\/><\/p>\n<p>Ar bobsleja komandas m\u0113r\u0137iem dal\u012bj\u0101s t\u0101s vec\u0101kais treneris Em\u012bls Cipulis: &#8220;M\u0113s l\u012bdz\u012bgi k\u0101 skeletona izlase jau \u0161oned\u0113\u013c dodamies uz Kort\u012bnu, kur paredz\u0113tas 10 intens\u012bvas treni\u0146dienas pirms Pasaules kausa starta. Tas noz\u012bm\u0113 vismaz 30 braucienus, kuros var\u0113sim objekt\u012bvi nov\u0113rt\u0113t gan sportistu gatav\u012bbu, gan turpin\u0101t test\u0113t jauno tehniku. Abas m\u016bsu v\u012bru ekip\u0101\u017eas start\u0113s visos \u0161\u012bs sezonas Pasaules kausa posmos gan divniekos, gan \u010detriniekos. Paral\u0113li jau \u0161obr\u012bd ASV start\u0113 sievie\u0161u komanda, kas pievienosies mums sezonas gait\u0101, tostarp Vinterberg\u0101 un Siguld\u0101. M\u0113r\u0137is ir ambiciozs\u00a0\u2013 uz olimpiskaj\u0101m sp\u0113l\u0113m aizvest tr\u012bs vien\u012bbas: divas v\u012bru divnieku un \u010detrinieku ekip\u0101\u017eas, k\u0101 ar\u012b sievie\u0161u komandu gan monobob\u0101, gan divniekos. Tas ir izaicino\u0161s, bet izdar\u0101ms uzdevums, un sagatavo\u0161an\u0101s period\u0101 esam redz\u0113ju\u0161i\u00a0\u2013 sportisti brauc stabili un p\u0101rliecino\u0161i,&#8221; konferenc\u0113 sac\u012bja treneris Cipulis.<\/p>\n<p>&#8220;Testu un treni\u0146u proces\u0101 sportisti pier\u0101d\u012bju\u0161i, ka ieguld\u012btais darbs vasar\u0101 atmaks\u0101jies\u00a0\u2013 fizisk\u0101 sagatavot\u012bba un starta r\u0101d\u012bt\u0101ji ir \u013coti labi. Esam izm\u0113\u0123in\u0101ju\u0161i da\u017e\u0101das st\u016bm\u0113ju kombin\u0101cijas un redzam, ka rezult\u0101ti starp ekip\u0101\u017e\u0101m b\u016btiski nemain\u0101s, kas apliecina komandas dzi\u013cumu un gatav\u012bbu start\u0113t jebkur\u0101 sast\u0101v\u0101. Tas sportistiem dod p\u0101rliec\u012bbu un mums\u00a0\u2013 pla\u0161\u0101kas taktisk\u0101s iesp\u0113jas,&#8221; teica E. Cipulis.<\/p>\n<p>Par tehniku atbild\u012bgais treneris Edgars Maskal\u0101ns nor\u0101d\u012bja, ka, dodoties uz Kort\u012bnu, komandas r\u012bc\u012bb\u0101 b\u016bs tr\u012bs \u010detrinieku (divas &#8220;Wallner&#8221; un vienas BTC kamanas) un tr\u012bs divnieki (divi BTC un viens &#8220;Wallner&#8221; bobs). Pieejami b\u016bs se\u0161i pilni slie\u017eu komplekti un papildu iepriek\u0161\u0113jo sezonu risin\u0101jumi. &#8220;Test\u0113sim un mekl\u0113sim optim\u0101lo kombin\u0101ciju, kas \u013caus sacensties par augst\u0101kaj\u0101m viet\u0101m. Visi desmit komandas sportisti re\u0101li pretend\u0113 uz olimpisko sast\u0101vu\u00a0\u2013 \u0161obr\u012bd galvenais ir stabils darbs un sezonas dinamika,&#8221; sac\u012bja bobsleja treneri.<\/p>\n<p>Preses konferenc\u0113 tika skarts ar\u012b jaut\u0101jums par iesp\u0113jamo Krievijas sportistu dal\u012bbu starptautiskaj\u0101s sacens\u012bb\u0101s. Ansis Zelti\u0146\u0161 nor\u0101d\u012bja, ka \u0161obr\u012bd praktiskas sekas nav sagaid\u0101mas, jo kvalifik\u0101cijas meh\u0101nisms un normat\u012bvie nosac\u012bjumi padara \u0161o scen\u0101riju maz ticamu: &#8220;Ja situ\u0101cija main\u012bsies, r\u012bkosimies atbilsto\u0161i starptautiskajai un valsts likumdo\u0161anai.&#8221;<\/p>\n<p>Nosl\u0113gum\u0101 Zelti\u0146\u0161 aicin\u0101ja sekot l\u012bdzi komandai visa gada garum\u0101 un \u012bpa\u0161i izc\u0113la gaid\u0101mo Pasaules kausa posmu Siguld\u0101, kas b\u016bs noz\u012bm\u012bgs gan sportistiem, gan l\u012bdzjut\u0113jiem. &#8220;Tur\u0113sim \u012bk\u0161\u0137us un tic\u0113sim komandai. Talants ir, tehnika ir, komandas gars ir\u00a0\u2013 tagad atliek braukt!&#8221;<\/p>\n<p><img decoding=\"async\" src=\"https:\/\/www.europesays.com\/lv\/wp-content\/uploads\/2025\/11\/marvanphotoGRAF_2025-0036.jpg\" alt=\"\"\/><\/p>\n","protected":false},"excerpt":{"rendered":"Latvijas Bobsleja un skeletona feder\u0101cija otrdien R\u012bg\u0101 pulc\u0113ja sportistus, trenerus, partnerus un mediju p\u0101rst\u0101vjus, lai prezent\u0113tu komandas gatav\u012bbu&hellip;\n","protected":false},"author":2,"featured_media":40363,"comment_status":"","ping_status":"","sticky":false,"template":"","format":"standard","meta":{"footnotes":""},"categories":[17],"tags":[35,39,38,36,37,34,40,615,67],"class_list":{"0":"post-40362","1":"post","2":"type-post","3":"status-publish","4":"format-standard","5":"has-post-thumbnail","7":"category-sports","8":"tag-latvia","9":"tag-latvian","10":"tag-latviesu","11":"tag-latviesu-valoda","12":"tag-latviesuvaloda","13":"tag-latvija","14":"tag-lv","15":"tag-sigulda","16":"tag-sports"},"share_on_mastodon":{"url":"https:\/\/pubeurope.com\/@lv\/115495816676050194","error":""},"_links":{"self":[{"href":"https:\/\/www.europesays.com\/lv\/wp-json\/wp\/v2\/posts\/40362","targetHints":{"allow":["GET"]}}],"collection":[{"href":"https:\/\/www.europesays.com\/lv\/wp-json\/wp\/v2\/posts"}],"about":[{"href":"https:\/\/www.europesays.com\/lv\/wp-json\/wp\/v2\/types\/post"}],"author":[{"embeddable":true,"href":"https:\/\/www.europesays.com\/lv\/wp-json\/wp\/v2\/users\/2"}],"replies":[{"embeddable":true,"href":"https:\/\/www.europesays.com\/lv\/wp-json\/wp\/v2\/comments?post=40362"}],"version-history":[{"count":0,"href":"https:\/\/www.europesays.com\/lv\/wp-json\/wp\/v2\/posts\/40362\/revisions"}],"wp:featuredmedia":[{"embeddable":true,"href":"https:\/\/www.europesays.com\/lv\/wp-json\/wp\/v2\/media\/40363"}],"wp:attachment":[{"href":"https:\/\/www.europesays.com\/lv\/wp-json\/wp\/v2\/media?parent=40362"}],"wp:term":[{"taxonomy":"category","embeddable":true,"href":"https:\/\/www.europesays.com\/lv\/wp-json\/wp\/v2\/categories?post=40362"},{"taxonomy":"post_tag","embeddable":true,"href":"https:\/\/www.europesays.com\/lv\/wp-json\/wp\/v2\/tags?post=40362"}],"curies":[{"name":"wp","href":"https:\/\/api.w.org\/{rel}","templated":true}]}}