{"id":40364,"date":"2025-11-05T07:06:08","date_gmt":"2025-11-05T07:06:08","guid":{"rendered":"https:\/\/www.europesays.com\/lv\/40364\/"},"modified":"2025-11-05T07:06:08","modified_gmt":"2025-11-05T07:06:08","slug":"smiltens-vaino-partijas-kas-aizstav-stambulas-konvenciju-sabiedribas-skelsana","status":"publish","type":"post","link":"https:\/\/www.europesays.com\/lv\/40364\/","title":{"rendered":"Smilt\u0113ns vaino partijas, kas aizst\u0101v Stambulas konvenciju, sabiedr\u012bbas \u0161\u0137el\u0161an\u0101"},"content":{"rendered":"<p>Savuk\u0101rt valdo\u0161o koal\u012bciju p\u0101rst\u0101vo\u0161\u0101 tieslietu ministre Inese L\u012bbi\u0146a-Egnere (JV) intervij\u0101 LTV sabiedr\u012bbas \u0161\u0137el\u0161anu p\u0101rmeta tie\u0161i opoz\u012bcijai, tostarp AS, kas esot b\u0113rni\u0161\u0137\u012bgi aizsp\u0113l\u0113ju\u0161ies, neapzinoties r\u012bc\u012bbas sekas.<\/p>\n<p>P\u0113c politi\u0137es v\u0101rdiem, konvencija \u0161oreiz bijusi k\u0101 ban\u0101nu miza, kuru pametusi viena opoz\u012bcijas partija, bet citas opoz\u012bcijas partijas uz t\u0101s uzk\u0101pu\u0161as un tagad sakritu\u0161as kaudz\u0113. Vi\u0146aspr\u0101t, opoz\u012bcija neesot apzin\u0101jusies, pie k\u0101d\u0101m sek\u0101m &#8220;\u0161\u012b b\u0113rni\u0161\u0137\u012bg\u0101 un bezatbild\u012bg\u0101 sp\u0113l\u012bte&#8221; noved\u012bs.<\/p>\n<p>Ar\u012b L\u012bbi\u0146a-Egnere kl\u0101st\u012bja, ka Latvija nevar at\u013cauties sabiedr\u012bbas \u0161\u0137el\u0161anos, par ko pa\u0161laik atbild\u012bga esot tie\u0161i opoz\u012bcija, bet labi esot tas, ka tagad opoz\u012bcija ir apzin\u0101jusies \u0161o k\u013c\u016bdu un esot paudusi gatav\u012bbu konvencijas jaut\u0101jumam pielikt punktu.<\/p>\n<p>Uz nor\u0101di, ka punkts Stambulas konvencijas jaut\u0101jumam netiks pielikts, jo tikai tiks atlikta lem\u0161ana par izst\u0101\u0161an\u0101s likumu, L\u012bbi\u0146a-Egnere pauda viedokli, ka n\u0101kamaj\u0101s Saeimas v\u0113l\u0113\u0161an\u0101s atbalsts b\u016bs &#8220;demokr\u0101tiskai, cilv\u0113kties\u012bbas iev\u0113rojo\u0161ai Latvijai&#8221;, l\u012bdz ar to parlament\u0101 non\u0101k\u0161ot t\u0101di sp\u0113ki, kas nodro\u0161in\u0101s, ka konvencija paliks sp\u0113k\u0101.<\/p>\n<p>Savuk\u0101rt tauj\u0101ta par referenduma iesp\u0113j\u0101m, ministre pauda v\u0113rt\u0113jumu, ka referendums nevar\u0113tu tikt r\u012bkots tie\u0161i par eso\u0161o likumprojektu, jo tas paredz izst\u0101\u0161anos no konvencijas, attiec\u012bgi jaut\u0101jums referendum\u0101 b\u016btu j\u0101formul\u0113 \u013coti komplic\u0113ti. T\u0101 viet\u0101 vi\u0146a aicin\u0101ja pagaid\u0101m \u0146emt v\u0113r\u0101 sabiedr\u012bbas aktivit\u0101ti platform\u0101 &#8220;Mana balss&#8221;, kur sabiedr\u012bbas locek\u013ci iest\u0101ju\u0161ies par da\u017e\u0101d\u0101m poz\u012bcij\u0101m konvencijas jaut\u0101jum\u0101.<\/p>\n<p>K\u0101 v\u0113st\u012bts, AS l\u012bdz\u0101s Nacion\u0101lajai apvien\u012bbai (NA) ir pazi\u0146oju\u0161i, ka atbalsta Valsts prezidenta Edgara Rink\u0113vi\u010da aicin\u0101jumu lem\u0161anu par Stambulas konvenciju turpin\u0101t n\u0101kamaj\u0101 Saeim\u0101. V\u0113l nesen abi politiskie sp\u0113ki kop\u0101 ar citiem opoz\u012bcijas politi\u0137iem un koal\u012bcijas Za\u013co un zemnieku savien\u012bbu (ZZS) l\u0113ma par konvencijas denons\u0113\u0161anu.<\/p>\n","protected":false},"excerpt":{"rendered":"Savuk\u0101rt valdo\u0161o koal\u012bciju p\u0101rst\u0101vo\u0161\u0101 tieslietu ministre Inese L\u012bbi\u0146a-Egnere (JV) intervij\u0101 LTV sabiedr\u012bbas \u0161\u0137el\u0161anu p\u0101rmeta tie\u0161i opoz\u012bcijai, tostarp AS,&hellip;\n","protected":false},"author":2,"featured_media":40347,"comment_status":"","ping_status":"","sticky":false,"template":"","format":"standard","meta":{"footnotes":""},"categories":[12],"tags":[23,9194,28,29,10186,32,33,22,30,31,35,39,38,36,37,34,40,20,26,27,141,2023,24,25,21],"class_list":{"0":"post-40364","1":"post","2":"type-post","3":"status-publish","4":"format-standard","5":"has-post-thumbnail","7":"category-latvija","8":"tag-aktualitates","9":"tag-apvienotais-saraksts","10":"tag-breaking-news","11":"tag-breakingnews","12":"tag-edvards-smiltens","13":"tag-featured-news","14":"tag-featurednews","15":"tag-headlines","16":"tag-latest-news","17":"tag-latestnews","18":"tag-latvia","19":"tag-latvian","20":"tag-latviesu","21":"tag-latviesu-valoda","22":"tag-latviesuvaloda","23":"tag-latvija","24":"tag-lv","25":"tag-news","26":"tag-popularakas-zinas","27":"tag-popularakaszinas","28":"tag-saeima","29":"tag-stambulas-konvencija","30":"tag-top-stories","31":"tag-topstories","32":"tag-zinas"},"share_on_mastodon":{"url":"https:\/\/pubeurope.com\/@lv\/115495828416552564","error":""},"_links":{"self":[{"href":"https:\/\/www.europesays.com\/lv\/wp-json\/wp\/v2\/posts\/40364","targetHints":{"allow":["GET"]}}],"collection":[{"href":"https:\/\/www.europesays.com\/lv\/wp-json\/wp\/v2\/posts"}],"about":[{"href":"https:\/\/www.europesays.com\/lv\/wp-json\/wp\/v2\/types\/post"}],"author":[{"embeddable":true,"href":"https:\/\/www.europesays.com\/lv\/wp-json\/wp\/v2\/users\/2"}],"replies":[{"embeddable":true,"href":"https:\/\/www.europesays.com\/lv\/wp-json\/wp\/v2\/comments?post=40364"}],"version-history":[{"count":0,"href":"https:\/\/www.europesays.com\/lv\/wp-json\/wp\/v2\/posts\/40364\/revisions"}],"wp:featuredmedia":[{"embeddable":true,"href":"https:\/\/www.europesays.com\/lv\/wp-json\/wp\/v2\/media\/40347"}],"wp:attachment":[{"href":"https:\/\/www.europesays.com\/lv\/wp-json\/wp\/v2\/media?parent=40364"}],"wp:term":[{"taxonomy":"category","embeddable":true,"href":"https:\/\/www.europesays.com\/lv\/wp-json\/wp\/v2\/categories?post=40364"},{"taxonomy":"post_tag","embeddable":true,"href":"https:\/\/www.europesays.com\/lv\/wp-json\/wp\/v2\/tags?post=40364"}],"curies":[{"name":"wp","href":"https:\/\/api.w.org\/{rel}","templated":true}]}}