{"id":40388,"date":"2025-11-05T07:37:08","date_gmt":"2025-11-05T07:37:08","guid":{"rendered":"https:\/\/www.europesays.com\/lv\/40388\/"},"modified":"2025-11-05T07:37:08","modified_gmt":"2025-11-05T07:37:08","slug":"video-putins-gandriz-zaudeja-pamatu-zem-kajam-karavira-bralameita-tiesaja-etera-pasaka-daudz-par-daudz","status":"publish","type":"post","link":"https:\/\/www.europesays.com\/lv\/40388\/","title":{"rendered":"VIDEO. Putins gandr\u012bz zaud\u0113ja pamatu zem k\u0101j\u0101m: karav\u012bra br\u0101\u013cameita tie\u0161aj\u0101 \u0113ter\u0101 pasaka daudz par daudz"},"content":{"rendered":"<p>    <img decoding=\"async\" src=\"https:\/\/www.europesays.com\/lv\/wp-content\/uploads\/2025\/11\/kolaza-3-1024x640.png\" alt=\"&#10;\"\/><\/p>\n<p>Foto. Scanpix\/REUTERS\/LETA, ekr\u0101nuz\u0146\u0113mums no \u201cYouTube\u201d video\n<\/p>\n<p>Protokol\u0101ra pas\u0101kuma laik\u0101 Maskavas centr\u0101 Putins pieredz\u0113ja \u013coti ne\u0113rtu situ\u0101ciju, kas k\u013cuva par smagu triecienu Krievijas propagandai un pa\u0161am Putinam. K\u0101 zi\u0146o ukrai\u0146u medijs <a href=\"https:\/\/www.dialog.ua\/russia\/323400_1762267108\" rel=\"nofollow noopener\" target=\"_blank\">Dialog<\/a>, krievu karav\u012bra br\u0101\u013cameita tie\u0161aj\u0101 \u0113ter\u0101 Putinam pazi\u0146oja, ka vi\u0146as smagi ievainotais t\u0113vocis bez pien\u0101c\u012bgas \u0101rst\u0113\u0161anas atkal nos\u016bt\u012bts uz fronti.<\/p>\n<p>        Las\u012bt\u0101kie<br \/>\n        <a data-imagesrc=\"{&quot;300&quot;:&quot;https:\\\/\\\/lastatic.ams3.cdn.digitaloceanspaces.com\\\/2025\\\/11\\\/png-9-300x200.png&quot;,&quot;1024&quot;:&quot;https:\\\/\\\/lastatic.ams3.cdn.digitaloceanspaces.com\\\/2025\\\/11\\\/png-9-1024x683.png&quot;,&quot;1536&quot;:&quot;https:\\\/\\\/lastatic.ams3.cdn.digitaloceanspaces.com\\\/2025\\\/11\\\/png-9-1536x1024.png&quot;,&quot;500&quot;:&quot;https:\\\/\\\/lastatic.ams3.cdn.digitaloceanspaces.com\\\/2025\\\/11\\\/png-9-500x333.png&quot;,&quot;800&quot;:&quot;https:\\\/\\\/lastatic.ams3.cdn.digitaloceanspaces.com\\\/2025\\\/11\\\/png-9-800x533.png&quot;,&quot;1800&quot;:&quot;https:\\\/\\\/lastatic.ams3.cdn.digitaloceanspaces.com\\\/2025\\\/11\\\/png-9.png&quot;}\" data-focuspoint=\"&quot;&quot;\" data-p=\"2460999\" href=\"https:\/\/www.la.lv\/uzzini-kura-sunu-skirne-atbilst-tavam-dzimsanas-datumam-rezultats-parsteidz-daudzus\" class=\"content-item lazy-load\" wp_automatic_readability=\"26.5\" rel=\"nofollow noopener\" target=\"_blank\"><\/p>\n<p>                                <img decoding=\"async\" src=\"\" alt=\"\" style=\"\" data-imageid=\"\"\/><\/p>\n<p>\n                                                Uzzini, kura su\u0146u \u0161\u0137irne atbilst tavam dzim\u0161anas datumam \u2013 rezult\u0101ts p\u0101rsteidz daudzus\n                            <\/p>\n<p><\/a><a data-imagesrc=\"{&quot;300&quot;:&quot;https:\\\/\\\/lastatic.ams3.cdn.digitaloceanspaces.com\\\/2025\\\/03\\\/20250213_aaa_s197_001-1-300x200.jpg&quot;,&quot;768&quot;:&quot;https:\\\/\\\/lastatic.ams3.cdn.digitaloceanspaces.com\\\/2025\\\/03\\\/20250213_aaa_s197_001-1-768x512.jpg&quot;,&quot;200&quot;:&quot;https:\\\/\\\/lastatic.ams3.cdn.digitaloceanspaces.com\\\/2025\\\/03\\\/20250213_aaa_s197_001-1-200x133.jpg&quot;,&quot;400&quot;:&quot;https:\\\/\\\/lastatic.ams3.cdn.digitaloceanspaces.com\\\/2025\\\/03\\\/20250213_aaa_s197_001-1-400x267.jpg&quot;,&quot;500&quot;:&quot;https:\\\/\\\/lastatic.ams3.cdn.digitaloceanspaces.com\\\/2025\\\/03\\\/20250213_aaa_s197_001-1-500x334.jpg&quot;,&quot;800&quot;:&quot;https:\\\/\\\/lastatic.ams3.cdn.digitaloceanspaces.com\\\/2025\\\/03\\\/20250213_aaa_s197_001-1-800x534.jpg&quot;,&quot;1000&quot;:&quot;https:\\\/\\\/lastatic.ams3.cdn.digitaloceanspaces.com\\\/2025\\\/03\\\/20250213_aaa_s197_001-1.jpg&quot;}\" data-focuspoint=\"{&quot;x&quot;:&quot;47.41056236538771&quot;,&quot;y&quot;:&quot;30.562184003744587&quot;}\" data-p=\"2460008\" href=\"https:\/\/www.la.lv\/kodolzemudene-jau-pie-krievijas-robezas-putin-un-vispar-amerikani-sakam-izmeginat-savus-kodolierocus-rajevs-atsifre-trampa-pedejos-dusmu-izvirdumus\" class=\"content-item lazy-load\" wp_automatic_readability=\"28.5\" rel=\"nofollow noopener\" target=\"_blank\"><\/p>\n<p>                                <img decoding=\"async\" src=\"\" alt=\"\" style=\"object-position: 47.41056236538771% 30.562184003744587%\" data-imageid=\"\"\/><\/p>\n<p>                                TV24<\/p>\n<p>                                            \u201cKodolzem\u016bdene jau pie Krievijas robe\u017eas, Putin, un visp\u0101r, amerik\u0101\u0146i, s\u0101kam izm\u0113\u0123in\u0101t savus kodoliero\u010dus!\u201d Rajevs \u201cat\u0161ifr\u0113\u201d Trampa p\u0113d\u0113jos dusmu izvirdumus\n                            <\/p>\n<p><\/a><a data-imagesrc=\"{&quot;300&quot;:&quot;https:\\\/\\\/lastatic.ams3.cdn.digitaloceanspaces.com\\\/2025\\\/11\\\/dfbfb638-da91-448a-b112-aa2e5acf963e-300x200.jpg&quot;,&quot;1024&quot;:&quot;https:\\\/\\\/lastatic.ams3.cdn.digitaloceanspaces.com\\\/2025\\\/11\\\/dfbfb638-da91-448a-b112-aa2e5acf963e-1024x683.jpg&quot;,&quot;1536&quot;:&quot;https:\\\/\\\/lastatic.ams3.cdn.digitaloceanspaces.com\\\/2025\\\/11\\\/dfbfb638-da91-448a-b112-aa2e5acf963e-1536x1024.jpg&quot;,&quot;500&quot;:&quot;https:\\\/\\\/lastatic.ams3.cdn.digitaloceanspaces.com\\\/2025\\\/11\\\/dfbfb638-da91-448a-b112-aa2e5acf963e-500x333.jpg&quot;,&quot;800&quot;:&quot;https:\\\/\\\/lastatic.ams3.cdn.digitaloceanspaces.com\\\/2025\\\/11\\\/dfbfb638-da91-448a-b112-aa2e5acf963e-800x533.jpg&quot;,&quot;1800&quot;:&quot;https:\\\/\\\/lastatic.ams3.cdn.digitaloceanspaces.com\\\/2025\\\/11\\\/dfbfb638-da91-448a-b112-aa2e5acf963e.jpg&quot;}\" data-focuspoint=\"&quot;&quot;\" data-p=\"2460433\" href=\"https:\/\/www.la.lv\/foto-senite-pamazam-atgust-savu-spozmi-tikts-vala-no-gadiem-kratas-sunu-kartas\" class=\"content-item lazy-load\" wp_automatic_readability=\"26\" rel=\"nofollow noopener\" target=\"_blank\"><\/p>\n<p>                                <img decoding=\"async\" src=\"\" alt=\"\" style=\"\" data-imageid=\"\"\/><\/p>\n<p>                                            FOTO. \u201cS\u0113n\u012bte\u201d pamaz\u0101m atg\u016bst savu spozmi \u2013 no\u0146emta gadiem kr\u0101t\u0101 s\u016bnu k\u0101rta<\/p>\n<p><\/a><br \/>\n        <a class=\"read-more\" href=\"https:\/\/www.la.lv\/top\" rel=\"nofollow noopener\" target=\"_blank\">Las\u012bt citas zi\u0146as<\/a><\/p>\n<p>Meiten\u012bte\u00a0 Kira bija uzaicin\u0101ta uz ceremoniju k\u0101 \u201c\u012bpa\u0161\u0101s oper\u0101cijas varo\u0146a b\u0113rns\u201d. P\u0113c ofici\u0101l\u0101s da\u013cas pie Putina pieveda vair\u0101kus b\u0113rnus, bet p\u0113k\u0161\u0146i meitene p\u0101rtrauca r\u016bp\u012bgi pl\u0101noto scen\u0101riju un pateica to, ko neviens nev\u0113l\u0113j\u0101s dzird\u0113t tie\u0161aj\u0101 \u0113ter\u0101:<\/p>\n<blockquote><p>\u201cMans t\u0113vocis tagad ir front\u0113. Vi\u0146u ievainoja rok\u0101. Vi\u0146\u0161 bija hospit\u0101l\u012b, bet vi\u0146u vairs ne\u0101rst\u0113. Tagad vi\u0146u atkal s\u016bta uz fronti. Es grib\u0113tu, lai vi\u0146u p\u0101rved uz labu hospit\u0101li Krievij\u0101,\u201d teica b\u0113rns.<\/p><\/blockquote>\n<p>    CITI \u0160OBR\u012aD LASA<\/p>\n<p>Krem\u013ca PR speci\u0101listi, kas r\u016bp\u012bgi kontrol\u0113 ne\u0113rt\u0101s inform\u0101cijas pl\u016bsmu medijos, \u012bpa\u0161i kameru priek\u0161\u0101, nebija paredz\u0113ju\u0161i, ka b\u0113rns var uzdot tie\u0161u un asu jaut\u0101jumu.<\/p>\n<p>Putina sej\u0101 bija redzams apmulsums. \u201cAtrad\u012bsim vi\u0146u, labi? Noteikti. Paldies, ka tu par vi\u0146u atceries, malacis,\u201d vi\u0146\u0161 neveikli atbild\u0113ja.<\/p>\n<p>Ta\u010du taj\u0101 br\u012bd\u012b miljoniem krievu tie\u0161raid\u0113 ieraudz\u012bja, ka krievu karav\u012brus krop\u013co ne tikai kar\u0161, bet ar\u012b pa\u0161u valsts.<\/p>\n<p>K\u0101 nor\u0101da gan Krievijas, gan neatkar\u012bgie \u201cTelegram\u201d kan\u0101li, \u0161\u0101di gad\u012bjumi nav retums. Ievainotos izraksta no hospit\u0101\u013ciem neiz\u0101rst\u0113jot un t\u016bl\u012bt s\u016bta atpaka\u013c uz ierakumiem. Daudzi dodas uz fronti ar nesadziju\u0161\u0101m br\u016bc\u0113m, l\u016bzumiem un pat gangr\u0113nu.<\/p>\n<p>\u0160ie cilv\u0113ki bie\u017ei nesp\u0113j pat notur\u0113t iero\u010dus, neiziet medic\u012bnisko komisiju, bet tik un t\u0101 tiek iesaist\u012bti jaun\u0101s \u201cga\u013cas uzbrukumu\u201d misij\u0101s.<\/p>\n<p>\u201cVi\u0146us vienk\u0101r\u0161i izved no hospit\u0101\u013ca, iekrauj transport\u0101 un ved atpaka\u013c,\u201d raksta milit\u0101rie blogeri.<\/p>\n<p>Kiras fr\u0101ze k\u013cuva par visne\u0113rt\u0101ko br\u012bdi Putinam p\u0113d\u0113jo m\u0113ne\u0161u laik\u0101. Krievijas varas iest\u0101des parasti \u013coti r\u016bp\u012bgi filtr\u0113 \u0161\u0101das tik\u0161an\u0101s, ta\u010du, \u0161\u0137iet, neviens nebija paredz\u0113jis, ka tie\u0161i b\u0113rns uzdro\u0161in\u0101sies pateikt paties\u012bbu.<\/p>\n<p>            Putins da\u017e\u0101dos laikos<\/p>\n<p>T\u0113mas<\/p>\n<p>    SAIST\u012aTIE RAKSTI<\/p>\n","protected":false},"excerpt":{"rendered":"Foto. Scanpix\/REUTERS\/LETA, ekr\u0101nuz\u0146\u0113mums no \u201cYouTube\u201d video Protokol\u0101ra pas\u0101kuma laik\u0101 Maskavas centr\u0101 Putins pieredz\u0113ja \u013coti ne\u0113rtu situ\u0101ciju, kas k\u013cuva&hellip;\n","protected":false},"author":2,"featured_media":40389,"comment_status":"","ping_status":"","sticky":false,"template":"","format":"standard","meta":{"footnotes":""},"categories":[5],"tags":[23,28,29,32,33,22,30,31,35,39,38,36,37,34,40,20,26,27,24,25,21],"class_list":{"0":"post-40388","1":"post","2":"type-post","3":"status-publish","4":"format-standard","5":"has-post-thumbnail","7":"category-aktualitates","8":"tag-aktualitates","9":"tag-breaking-news","10":"tag-breakingnews","11":"tag-featured-news","12":"tag-featurednews","13":"tag-headlines","14":"tag-latest-news","15":"tag-latestnews","16":"tag-latvia","17":"tag-latvian","18":"tag-latviesu","19":"tag-latviesu-valoda","20":"tag-latviesuvaloda","21":"tag-latvija","22":"tag-lv","23":"tag-news","24":"tag-popularakas-zinas","25":"tag-popularakaszinas","26":"tag-top-stories","27":"tag-topstories","28":"tag-zinas"},"share_on_mastodon":{"url":"https:\/\/pubeurope.com\/@lv\/115495950488806678","error":""},"_links":{"self":[{"href":"https:\/\/www.europesays.com\/lv\/wp-json\/wp\/v2\/posts\/40388","targetHints":{"allow":["GET"]}}],"collection":[{"href":"https:\/\/www.europesays.com\/lv\/wp-json\/wp\/v2\/posts"}],"about":[{"href":"https:\/\/www.europesays.com\/lv\/wp-json\/wp\/v2\/types\/post"}],"author":[{"embeddable":true,"href":"https:\/\/www.europesays.com\/lv\/wp-json\/wp\/v2\/users\/2"}],"replies":[{"embeddable":true,"href":"https:\/\/www.europesays.com\/lv\/wp-json\/wp\/v2\/comments?post=40388"}],"version-history":[{"count":0,"href":"https:\/\/www.europesays.com\/lv\/wp-json\/wp\/v2\/posts\/40388\/revisions"}],"wp:featuredmedia":[{"embeddable":true,"href":"https:\/\/www.europesays.com\/lv\/wp-json\/wp\/v2\/media\/40389"}],"wp:attachment":[{"href":"https:\/\/www.europesays.com\/lv\/wp-json\/wp\/v2\/media?parent=40388"}],"wp:term":[{"taxonomy":"category","embeddable":true,"href":"https:\/\/www.europesays.com\/lv\/wp-json\/wp\/v2\/categories?post=40388"},{"taxonomy":"post_tag","embeddable":true,"href":"https:\/\/www.europesays.com\/lv\/wp-json\/wp\/v2\/tags?post=40388"}],"curies":[{"name":"wp","href":"https:\/\/api.w.org\/{rel}","templated":true}]}}