{"id":40419,"date":"2025-11-05T08:12:07","date_gmt":"2025-11-05T08:12:07","guid":{"rendered":"https:\/\/www.europesays.com\/lv\/40419\/"},"modified":"2025-11-05T08:12:07","modified_gmt":"2025-11-05T08:12:07","slug":"ekspluatacija-nodota-pirma-koka-karkasa-daudzdzivoklu-eka-latvija-dienas-bizness","status":"publish","type":"post","link":"https:\/\/www.europesays.com\/lv\/40419\/","title":{"rendered":"Ekspluat\u0101cij\u0101 nodota pirm\u0101 koka karkasa daudzdz\u012bvok\u013cu \u0113ka Latvij\u0101 :: Dienas Bizness"},"content":{"rendered":"<p class=\"text-font font-size--text-xlarge margin-3--bottom font-weight--bold padding-1--top\">Nekustamo \u012bpa\u0161umu att\u012bst\u012bt\u0101js MJL Development pabeidzis un nodevis ekspluat\u0101cij\u0101 pirmo piecu st\u0101vu koka karkasa daudzdz\u012bvok\u013cu \u0113ku Latvij\u0101, Jelgav\u0101. Projekta kop\u0113j\u0101s izmaksas ir 13,10 miljoni eiro.<\/p>\n<p class=\"text-font font-size--text-xlarge margin-3--bottom\">\u0112ka tapusi, izmantojot inovat\u012bvas, r\u016bpnieciski ra\u017eotas koka karkasa konstrukcijas, kas izgatavotas ReBalt Modular Systems ra\u017eotn\u0113 tepat Latvij\u0101. \u0160\u012b b\u016bvniec\u012bbas tehnolo\u0123ija ir noz\u012bm\u012bgs solis ilgtsp\u0113j\u012bgas un energoefekt\u012bvas dz\u012bvojam\u0101s vides att\u012bst\u012bb\u0101 \u2013 t\u0101 \u013cauj b\u016btiski samazin\u0101t b\u016bvniec\u012bbas laiku, samazin\u0101t CO\u2082 nospiedumu un paaugstin\u0101t kvalit\u0101tes kontroli.<\/p>\n<p class=\"text-font font-size--text-xlarge margin-3--bottom\">Modul\u0101r\u0101s konstrukcijas tiek izgatavotas sl\u0113gt\u0101s ra\u017eotnes telp\u0101s, kur ra\u017eo\u0161anas procesu neietekm\u0113 nokri\u0161\u0146i, temperat\u016bras sv\u0101rst\u012bbas un citi \u0101r\u0113jie apst\u0101k\u013ci, t\u0101d\u0113j\u0101di nodro\u0161inot prec\u012bzu un augstas kvalit\u0101tes rezult\u0101tu. \u0160\u0101da pieeja ne vien sekm\u0113 efekt\u012bv\u0101ku b\u016bvniec\u012bbu, bet ar\u012b samazina b\u016bvniec\u012bbas atkritumu daudzumu un troksni b\u016bvlaukum\u0101, veicinot videi draudz\u012bg\u0101ku att\u012bst\u012bbu pils\u0113tvidei, nodro\u0161inot augstas kvalit\u0101tes gala produktu.<\/p>\n<p class=\"text-font font-size--text-xlarge margin-3--bottom\">\u201c\u0160is ir noz\u012bm\u012bgs br\u012bdis gan m\u016bsu uz\u0146\u0113mumam, gan visas Latvijas b\u016bvniec\u012bbas nozarei. Ar \u0161o projektu m\u0113s esam pier\u0101d\u012bju\u0161i, ka ar\u012b daudzst\u0101vu dz\u012bvojam\u0101s \u0113kas iesp\u0113jams b\u016bv\u0113t no koka.Tas ir tikai s\u0101kums \u2013 turpin\u0101sim att\u012bst\u012bbu \u0161aj\u0101 virzien\u0101, radot energoefekt\u012bvus m\u0101jok\u013cus Latvijas iedz\u012bvot\u0101jiem, vienlaikus stiprinot viet\u0113jo ra\u017eo\u0161anu un in\u017eeniertehnisko kompetenci,\u201d uzsver J\u0101nis Lagzdi\u0146\u0161, MJL Development vad\u012bt\u0101js.<\/p>\n<p class=\"text-font font-size--text-xlarge margin-3--bottom\">\u0112k\u0101 izveidoti 58 moderni un energoefekt\u012bvi dz\u012bvok\u013ci, kas paredz\u0113ti ilgtermi\u0146a \u012brei.<\/p>\n<p class=\"text-font font-size--text-xlarge margin-3--bottom\">Projekta att\u012bst\u012bt\u0101js SIA \u201cJelgavas \u012ares Nami\u201d ir piesaist\u012bjis att\u012bst\u012bbas finan\u0161u instit\u016bcijas \u201cAltum\u201d finans\u0113jumu kopum\u0101 11,36 miljonu eiro apm\u0113r\u0101, kas tiek nodro\u0161in\u0101ts ar Atvese\u013co\u0161an\u0101s fonda finansi\u0101lo atbalstu.<\/p>\n<p class=\"text-font font-size--text-xlarge margin-3--bottom\">Projekta kop\u0113j\u0101s izmaksas ir 13,10 miljoni eiro. \u0160\u012b programma un Atvese\u013co\u0161an\u0101s fonda finans\u0113jums ir paredz\u0113ti, lai veicin\u0101tu m\u0101jok\u013cu pieejam\u012bbu re\u0123ionos, b\u016bv\u0113jot izdev\u012bgus un kvalitat\u012bvus dz\u012bvok\u013cus m\u0101jsaimniec\u012bb\u0101m par pieejamu \u012bres cenu.<\/p>\n<p class=\"text-font font-size--text-xlarge margin-3--bottom\">MJL Development ir nekustamo \u012bpa\u0161umu att\u012bst\u012bt\u0101js, da\u013ca no MJL Enterprises grupas, kas vair\u0101k nek\u0101 20 gadus darbojas Latvijas b\u016bvniec\u012bbas un att\u012bst\u012bbas tirg\u016b.<\/p>\n<p>Skat\u012bties p\u0101r\u0113jos att\u0113lus<\/p>\n","protected":false},"excerpt":{"rendered":"Nekustamo \u012bpa\u0161umu att\u012bst\u012bt\u0101js MJL Development pabeidzis un nodevis ekspluat\u0101cij\u0101 pirmo piecu st\u0101vu koka karkasa daudzdz\u012bvok\u013cu \u0113ku Latvij\u0101, Jelgav\u0101.&hellip;\n","protected":false},"author":2,"featured_media":40420,"comment_status":"","ping_status":"","sticky":false,"template":"","format":"standard","meta":{"footnotes":""},"categories":[12],"tags":[23,869,77,870,28,29,867,32,33,22,30,31,35,39,38,36,37,34,871,868,40,20,26,27,24,25,21],"class_list":{"0":"post-40419","1":"post","2":"type-post","3":"status-publish","4":"format-standard","5":"has-post-thumbnail","7":"category-latvija","8":"tag-aktualitates","9":"tag-biznesa-zinas","10":"tag-bizness","11":"tag-bizness-latvija","12":"tag-breaking-news","13":"tag-breakingnews","14":"tag-dienas-zinas","15":"tag-featured-news","16":"tag-featurednews","17":"tag-headlines","18":"tag-latest-news","19":"tag-latestnews","20":"tag-latvia","21":"tag-latvian","22":"tag-latviesu","23":"tag-latviesu-valoda","24":"tag-latviesuvaloda","25":"tag-latvija","26":"tag-latvijas-biznesa-zinas","27":"tag-latvijas-zinas","28":"tag-lv","29":"tag-news","30":"tag-popularakas-zinas","31":"tag-popularakaszinas","32":"tag-top-stories","33":"tag-topstories","34":"tag-zinas"},"share_on_mastodon":{"url":"https:\/\/pubeurope.com\/@lv\/115496087989872880","error":""},"_links":{"self":[{"href":"https:\/\/www.europesays.com\/lv\/wp-json\/wp\/v2\/posts\/40419","targetHints":{"allow":["GET"]}}],"collection":[{"href":"https:\/\/www.europesays.com\/lv\/wp-json\/wp\/v2\/posts"}],"about":[{"href":"https:\/\/www.europesays.com\/lv\/wp-json\/wp\/v2\/types\/post"}],"author":[{"embeddable":true,"href":"https:\/\/www.europesays.com\/lv\/wp-json\/wp\/v2\/users\/2"}],"replies":[{"embeddable":true,"href":"https:\/\/www.europesays.com\/lv\/wp-json\/wp\/v2\/comments?post=40419"}],"version-history":[{"count":0,"href":"https:\/\/www.europesays.com\/lv\/wp-json\/wp\/v2\/posts\/40419\/revisions"}],"wp:featuredmedia":[{"embeddable":true,"href":"https:\/\/www.europesays.com\/lv\/wp-json\/wp\/v2\/media\/40420"}],"wp:attachment":[{"href":"https:\/\/www.europesays.com\/lv\/wp-json\/wp\/v2\/media?parent=40419"}],"wp:term":[{"taxonomy":"category","embeddable":true,"href":"https:\/\/www.europesays.com\/lv\/wp-json\/wp\/v2\/categories?post=40419"},{"taxonomy":"post_tag","embeddable":true,"href":"https:\/\/www.europesays.com\/lv\/wp-json\/wp\/v2\/tags?post=40419"}],"curies":[{"name":"wp","href":"https:\/\/api.w.org\/{rel}","templated":true}]}}