{"id":40421,"date":"2025-11-05T08:13:17","date_gmt":"2025-11-05T08:13:17","guid":{"rendered":"https:\/\/www.europesays.com\/lv\/40421\/"},"modified":"2025-11-05T08:13:17","modified_gmt":"2025-11-05T08:13:17","slug":"par-rezeknes-novada-zeme-ieraktiem-aptuveni-100-kg-narkotisko-vielu-ludz-uzsakt-kriminalvajasanu","status":"publish","type":"post","link":"https:\/\/www.europesays.com\/lv\/40421\/","title":{"rendered":"Par R\u0113zeknes novad\u0101 zem\u0113 ieraktiem aptuveni 100 kg narkotisko vielu l\u016bdz uzs\u0101kt krimin\u0101lvaj\u0101\u0161anu"},"content":{"rendered":"<p>August\u0101 likumsargi s\u0101ka krimin\u0101lprocesu saist\u012bb\u0101 ar akc\u012bzes pre\u010du nelikum\u012bgu apriti un narkotisko vielu glab\u0101\u0161anu R\u0113zeknes novada Ozolaines pagast\u0101. Krimin\u0101lproces\u0101 iz\u0146emti aptuveni 100 kilogrami narkotisko vielu un 382 460 cigaretes ar Baltkrievijas akc\u012bzes mark\u0101m un bez t\u0101m.<\/p>\n<p>Krimin\u0101llietas materi\u0101li oktobr\u012b nos\u016bt\u012bti prokurat\u016brai krimin\u0101lvaj\u0101\u0161anas s\u0101k\u0161anai pret 1975. gad\u0101 dzimu\u0161u v\u012brieti.<\/p>\n<p>Krimin\u0101lprocess kvalific\u0113ts p\u0113c Krimin\u0101llikuma 221. panta tre\u0161\u0101s da\u013cas, proti, par alkoholisko dz\u0113rienu vai tabakas izstr\u0101d\u0101jumu, tabakas aizst\u0101j\u0113jproduktu, augu sm\u0113\u0137\u0113\u0161anas produktu, elektronisko sm\u0113\u0137\u0113\u0161anas ier\u012b\u010du vai to uzpildes tvert\u0146u \u0161\u0137idrumu nelikum\u012bgu izgatavo\u0161anu (ra\u017eo\u0161anu), uzglab\u0101\u0161anu, p\u0101rvieto\u0161anu vai realiz\u0101ciju, ja t\u0101 izdar\u012bta iev\u0113rojam\u0101 apm\u0113r\u0101. Par \u0161\u0101du noziedz\u012bgu nodar\u012bjumu paredz\u0113ts sods ar br\u012bv\u012bbas at\u0146em\u0161anu uz laiku l\u012bdz diviem gadiem, \u012bslaic\u012bgu br\u012bv\u012bbas at\u0146em\u0161anu, prob\u0101cijas uzraudz\u012bbu, sabiedrisko darbu vai naudas sodu.<\/p>\n<p>T\u0101pat krimin\u0101lprocess s\u0101kts p\u0113c Krimin\u0101llikuma 253. panta otr\u0101s da\u013cas, proti, par narkotisko vai psihotropo vielu neat\u013cautu izgatavo\u0161anu, ieg\u0101d\u0101\u0161anos, glab\u0101\u0161anu, p\u0101rvad\u0101\u0161anu vai p\u0101rs\u016bt\u012b\u0161anu bez nol\u016bka t\u0101s realiz\u0113t, ja t\u0101s izdar\u012bjusi personu grupa p\u0113c iepriek\u0161\u0113jas vieno\u0161an\u0101s vai ja t\u0101s izdar\u012btas ar narkotiskaj\u0101m vai psihotropaj\u0101m viel\u0101m liel\u0101 apm\u0113r\u0101. Par to paredz\u0113ts sods ar br\u012bv\u012bbas at\u0146em\u0161anu uz laiku no trim l\u012bdz desmit gadiem, konfisc\u0113jot mantu vai bez mantas konfisk\u0101cijas, un ar prob\u0101cijas uzraudz\u012bbu uz laiku l\u012bdz trim gadiem.<\/p>\n","protected":false},"excerpt":{"rendered":"August\u0101 likumsargi s\u0101ka krimin\u0101lprocesu saist\u012bb\u0101 ar akc\u012bzes pre\u010du nelikum\u012bgu apriti un narkotisko vielu glab\u0101\u0161anu R\u0113zeknes novada Ozolaines pagast\u0101.&hellip;\n","protected":false},"author":2,"featured_media":40422,"comment_status":"","ping_status":"","sticky":false,"template":"","format":"standard","meta":{"footnotes":""},"categories":[5],"tags":[23,28,29,32,33,22,1817,4218,30,31,35,39,38,36,37,34,40,359,20,26,27,167,24,25,21],"class_list":{"0":"post-40421","1":"post","2":"type-post","3":"status-publish","4":"format-standard","5":"has-post-thumbnail","7":"category-aktualitates","8":"tag-aktualitates","9":"tag-breaking-news","10":"tag-breakingnews","11":"tag-featured-news","12":"tag-featurednews","13":"tag-headlines","14":"tag-kontrabandas-cigaretes","15":"tag-kriminalvajasana","16":"tag-latest-news","17":"tag-latestnews","18":"tag-latvia","19":"tag-latvian","20":"tag-latviesu","21":"tag-latviesu-valoda","22":"tag-latviesuvaloda","23":"tag-latvija","24":"tag-lv","25":"tag-narkotikas","26":"tag-news","27":"tag-popularakas-zinas","28":"tag-popularakaszinas","29":"tag-rezekne","30":"tag-top-stories","31":"tag-topstories","32":"tag-zinas"},"share_on_mastodon":{"url":"https:\/\/pubeurope.com\/@lv\/115496091930985198","error":""},"_links":{"self":[{"href":"https:\/\/www.europesays.com\/lv\/wp-json\/wp\/v2\/posts\/40421","targetHints":{"allow":["GET"]}}],"collection":[{"href":"https:\/\/www.europesays.com\/lv\/wp-json\/wp\/v2\/posts"}],"about":[{"href":"https:\/\/www.europesays.com\/lv\/wp-json\/wp\/v2\/types\/post"}],"author":[{"embeddable":true,"href":"https:\/\/www.europesays.com\/lv\/wp-json\/wp\/v2\/users\/2"}],"replies":[{"embeddable":true,"href":"https:\/\/www.europesays.com\/lv\/wp-json\/wp\/v2\/comments?post=40421"}],"version-history":[{"count":0,"href":"https:\/\/www.europesays.com\/lv\/wp-json\/wp\/v2\/posts\/40421\/revisions"}],"wp:featuredmedia":[{"embeddable":true,"href":"https:\/\/www.europesays.com\/lv\/wp-json\/wp\/v2\/media\/40422"}],"wp:attachment":[{"href":"https:\/\/www.europesays.com\/lv\/wp-json\/wp\/v2\/media?parent=40421"}],"wp:term":[{"taxonomy":"category","embeddable":true,"href":"https:\/\/www.europesays.com\/lv\/wp-json\/wp\/v2\/categories?post=40421"},{"taxonomy":"post_tag","embeddable":true,"href":"https:\/\/www.europesays.com\/lv\/wp-json\/wp\/v2\/tags?post=40421"}],"curies":[{"name":"wp","href":"https:\/\/api.w.org\/{rel}","templated":true}]}}