{"id":40450,"date":"2025-11-05T08:41:06","date_gmt":"2025-11-05T08:41:06","guid":{"rendered":"https:\/\/www.europesays.com\/lv\/40450\/"},"modified":"2025-11-05T08:41:06","modified_gmt":"2025-11-05T08:41:06","slug":"kina-vel-uz-gadu-aptur-papildu-24-tarifu-asv-precem","status":"publish","type":"post","link":"https:\/\/www.europesays.com\/lv\/40450\/","title":{"rendered":"\u0136\u012bna v\u0113l uz gadu aptur papildu 24% tarifu ASV prec\u0113m"},"content":{"rendered":"<p>Pazi\u0146ojum\u0101 nor\u0101d\u012bts, ka \u0161\u0101ds l\u0113mums pie\u0146emts p\u0113c konsult\u0101cij\u0101m ar ASV, un tas st\u0101sies sp\u0113k\u0101 10. novembr\u012b.<\/p>\n<p>\u0136\u012bnas l\u012bderis Sji Dzji\u0146pins un ASV prezidents Donalds Tramps pag\u0101ju\u0161aj\u0101 m\u0113nes\u012b tik\u0101s Dienvidkorej\u0101. P\u0113c tik\u0161an\u0101s Tramps pazi\u0146oja, ka samazin\u0101s \u0136\u012bnai noteiktos muitas tarifus, un Sji pazi\u0146oja, ka <a href=\"https:\/\/www.apollo.lv\/term\/555483\/kina\" class=\"topicLink\" target=\"_blank\" rel=\"nofollow noopener\">\u0136\u012bna<\/a> ir pan\u0101kusi vienpr\u0101t\u012bbu ar Savienotaj\u0101m Valst\u012bm ekonomikas un tirdzniec\u012bbas jaut\u0101jumos.<\/p>\n<p>ASV prezidents otrdien ofici\u0101li apstiprin\u0101ja vieno\u0161anos, ka Va\u0161ingtona no 10. novembra samazin\u0101s savus papildu tarifus \u0136\u012bnas importam no 20% l\u012bdz 10%.<\/p>\n<p>\u0136\u012bna \u0161odien ar\u012b pazi\u0146oja, ka samazin\u0101s tarifus da\u017eiem ASV lauksaimniec\u012bbas produktiem, tostarp sojas pupi\u0146\u0101m.<\/p>\n","protected":false},"excerpt":{"rendered":"Pazi\u0146ojum\u0101 nor\u0101d\u012bts, ka \u0161\u0101ds l\u0113mums pie\u0146emts p\u0113c konsult\u0101cij\u0101m ar ASV, un tas st\u0101sies sp\u0113k\u0101 10. novembr\u012b. \u0136\u012bnas l\u012bderis&hellip;\n","protected":false},"author":2,"featured_media":40451,"comment_status":"","ping_status":"","sticky":false,"template":"","format":"standard","meta":{"footnotes":""},"categories":[14],"tags":[23,57,6243,28,29,32,33,22,4213,30,31,35,39,38,36,37,34,40,20,26,27,1596,24,25,54,55,56,21,58],"class_list":{"0":"post-40450","1":"post","2":"type-post","3":"status-publish","4":"format-standard","5":"has-post-thumbnail","7":"category-zinas-no-arvalstim","8":"tag-aktualitates","9":"tag-arvalstim","10":"tag-asv-muitas-tarifi","11":"tag-breaking-news","12":"tag-breakingnews","13":"tag-featured-news","14":"tag-featurednews","15":"tag-headlines","16":"tag-kina","17":"tag-latest-news","18":"tag-latestnews","19":"tag-latvia","20":"tag-latvian","21":"tag-latviesu","22":"tag-latviesu-valoda","23":"tag-latviesuvaloda","24":"tag-latvija","25":"tag-lv","26":"tag-news","27":"tag-popularakas-zinas","28":"tag-popularakaszinas","29":"tag-tarifi","30":"tag-top-stories","31":"tag-topstories","32":"tag-world","33":"tag-world-news","34":"tag-worldnews","35":"tag-zinas","36":"tag-zinas-no-arvalstim"},"share_on_mastodon":{"url":"https:\/\/pubeurope.com\/@lv\/115496202007544664","error":""},"_links":{"self":[{"href":"https:\/\/www.europesays.com\/lv\/wp-json\/wp\/v2\/posts\/40450","targetHints":{"allow":["GET"]}}],"collection":[{"href":"https:\/\/www.europesays.com\/lv\/wp-json\/wp\/v2\/posts"}],"about":[{"href":"https:\/\/www.europesays.com\/lv\/wp-json\/wp\/v2\/types\/post"}],"author":[{"embeddable":true,"href":"https:\/\/www.europesays.com\/lv\/wp-json\/wp\/v2\/users\/2"}],"replies":[{"embeddable":true,"href":"https:\/\/www.europesays.com\/lv\/wp-json\/wp\/v2\/comments?post=40450"}],"version-history":[{"count":0,"href":"https:\/\/www.europesays.com\/lv\/wp-json\/wp\/v2\/posts\/40450\/revisions"}],"wp:featuredmedia":[{"embeddable":true,"href":"https:\/\/www.europesays.com\/lv\/wp-json\/wp\/v2\/media\/40451"}],"wp:attachment":[{"href":"https:\/\/www.europesays.com\/lv\/wp-json\/wp\/v2\/media?parent=40450"}],"wp:term":[{"taxonomy":"category","embeddable":true,"href":"https:\/\/www.europesays.com\/lv\/wp-json\/wp\/v2\/categories?post=40450"},{"taxonomy":"post_tag","embeddable":true,"href":"https:\/\/www.europesays.com\/lv\/wp-json\/wp\/v2\/tags?post=40450"}],"curies":[{"name":"wp","href":"https:\/\/api.w.org\/{rel}","templated":true}]}}