{"id":40456,"date":"2025-11-05T08:44:11","date_gmt":"2025-11-05T08:44:11","guid":{"rendered":"https:\/\/www.europesays.com\/lv\/40456\/"},"modified":"2025-11-05T08:44:11","modified_gmt":"2025-11-05T08:44:11","slug":"sera-atbild-kritikiem-par-attiecibam-ar-40-gadus-jaunaku-virieti","status":"publish","type":"post","link":"https:\/\/www.europesays.com\/lv\/40456\/","title":{"rendered":"\u0160\u0113ra atbild kriti\u0137iem par attiec\u012bb\u0101m ar 40 gadus jaun\u0101ku v\u012brieti"},"content":{"rendered":"<p><a rel=\"noopener nofollow\" target=\"_blank\" href=\"https:\/\/www.delfi.lv\/temas\/44188515\/dziedataja\" tag-id=\"44188515\">Dzied\u0101t\u0101ja<\/a> \u0160\u0113ra intervij\u0101 raid\u012bjumam &#8220;CBS Mornings&#8221; izpeln\u012bjusies kritiku par 40 gadu vecuma starp\u012bbu ar jauno draugu Aleksandru &#8220;AE&#8221; Edvardu. Uz to dzied\u0101t\u0101ja atbild\u0113ja, ka citu viedoklis vi\u0146u nepavisam neauztrauc! <\/p>\n<p>&#8220;Vi\u0146i nedz\u012bvo manu dz\u012bvi. Neviens nezina, kas notiek starp mums, un m\u0113s vienk\u0101r\u0161i lieliski pavad\u0101m laiku.&#8221; \u0160\u0113ra ar\u012b atkl\u0101ja, ka vecums nav \u0161\u0137\u0113rslis ne vi\u0146ai, ne 39 gadus vecajam m\u016bzikas izpilddirektoram, kur\u0161 vi\u0146ai m\u0113dzot teikt: &#8220;Lai gan tu k\u013c\u016bsti vec\u0101ka, tavs gars joproj\u0101m ir jauns.&#8221;<\/p>\n<p>Intervij\u0101, run\u0101jot par tr\u012bs gadus ilgaj\u0101m romantiskaj\u0101m attiec\u012bb\u0101m, \u0160\u0113ra slav\u0113ja Edvardu k\u0101 \u012bpa\u0161i talant\u012bgu un rado\u0161u cilv\u0113ku, ar kuru kop\u0101 vi\u0146i visu laiku smejoties. &#8220;Es vi\u0146u vienk\u0101r\u0161i m\u012blu,&#8221; sac\u012bja m\u0101ksliniece, piebilstot, ka vi\u0146as partneris esot viens no talant\u012bg\u0101kajiem cilv\u0113kiem, ko vi\u0146a jebkad satikusi.<\/p>\n<p class=\"MsoNormal\">P\u0101ris nesen tika man\u012bts \u0145ujork\u0101, &#8220;Alan Faena&#8221; jaunaj\u0101 viesn\u012bc\u0101 \u010celsij\u0101, kur apmekl\u0113ja priv\u0101to &#8220;Faena Art&#8221; instal\u0101cijas &#8220;Amaze, Vogue, Ascend, Flourish&#8221; atkl\u0101\u0161anu. Aculiecinieki medijam &#8220;Page Six&#8221; nor\u0101d\u012bju\u0161i, ka \u0160\u0113ra un Edvards ieradu\u0161ies, sadevu\u0161ies rok\u0101s, visu vakaru biju\u0161i kop\u0101 un izskat\u012bju\u0161ies &#8220;\u013coti iem\u012bl\u0113ju\u0161ies&#8221;.<\/p>\n<p class=\"m-0\">Seko &#8220;Delfi&#8221; ar\u012b  <a target=\"_blank\" href=\"https:\/\/www.instagram.com\/delfi.lv\/\" rel=\"nofollow noopener\">Instagram<\/a>  un <a target=\"_blank\" href=\"https:\/\/www.youtube.com\/channel\/UCw5foWtcJvAbUm64rv7jwUQ\" rel=\"nofollow noopener\">YouTube<\/a>  profil\u0101 \u2013 pievienojies, lai uzzin\u0101tu svar\u012bg\u0101ko un interesant\u0101ko pirmais!<\/p>\n<p>Publik\u0101cijas saturs vai t\u0101s jebk\u0101da apjoma da\u013ca ir aizsarg\u0101ts autorties\u012bbu objekts Autorties\u012bbu likuma izpratn\u0113, un t\u0101 izmanto\u0161ana bez izdev\u0113ja at\u013caujas ir aizliegta. Vair\u0101k lasi  <a target=\"_blank\" href=\"https:\/\/www.delfi.lv\/noteikumi#autortiesibas\" rel=\"nofollow noopener\">\u0161eit<\/a><script async src=\"\/\/www.instagram.com\/embed.js\"><\/script><\/p>\n","protected":false},"excerpt":{"rendered":"Dzied\u0101t\u0101ja \u0160\u0113ra intervij\u0101 raid\u012bjumam &#8220;CBS Mornings&#8221; izpeln\u012bjusies kritiku par 40 gadu vecuma starp\u012bbu ar jauno draugu Aleksandru &#8220;AE&#8221;&hellip;\n","protected":false},"author":2,"featured_media":40457,"comment_status":"","ping_status":"","sticky":false,"template":"","format":"standard","meta":{"footnotes":""},"categories":[19],"tags":[262,2949,89,90,35,39,38,36,37,34,40],"class_list":{"0":"post-40456","1":"post","2":"type-post","3":"status-publish","4":"format-standard","5":"has-post-thumbnail","7":"category-izklaide","8":"tag-attiecibas","9":"tag-dziedataja","10":"tag-entertainment","11":"tag-izklaide","12":"tag-latvia","13":"tag-latvian","14":"tag-latviesu","15":"tag-latviesu-valoda","16":"tag-latviesuvaloda","17":"tag-latvija","18":"tag-lv"},"share_on_mastodon":{"url":"https:\/\/pubeurope.com\/@lv\/115496213877008212","error":""},"_links":{"self":[{"href":"https:\/\/www.europesays.com\/lv\/wp-json\/wp\/v2\/posts\/40456","targetHints":{"allow":["GET"]}}],"collection":[{"href":"https:\/\/www.europesays.com\/lv\/wp-json\/wp\/v2\/posts"}],"about":[{"href":"https:\/\/www.europesays.com\/lv\/wp-json\/wp\/v2\/types\/post"}],"author":[{"embeddable":true,"href":"https:\/\/www.europesays.com\/lv\/wp-json\/wp\/v2\/users\/2"}],"replies":[{"embeddable":true,"href":"https:\/\/www.europesays.com\/lv\/wp-json\/wp\/v2\/comments?post=40456"}],"version-history":[{"count":0,"href":"https:\/\/www.europesays.com\/lv\/wp-json\/wp\/v2\/posts\/40456\/revisions"}],"wp:featuredmedia":[{"embeddable":true,"href":"https:\/\/www.europesays.com\/lv\/wp-json\/wp\/v2\/media\/40457"}],"wp:attachment":[{"href":"https:\/\/www.europesays.com\/lv\/wp-json\/wp\/v2\/media?parent=40456"}],"wp:term":[{"taxonomy":"category","embeddable":true,"href":"https:\/\/www.europesays.com\/lv\/wp-json\/wp\/v2\/categories?post=40456"},{"taxonomy":"post_tag","embeddable":true,"href":"https:\/\/www.europesays.com\/lv\/wp-json\/wp\/v2\/tags?post=40456"}],"curies":[{"name":"wp","href":"https:\/\/api.w.org\/{rel}","templated":true}]}}