{"id":40460,"date":"2025-11-05T08:47:09","date_gmt":"2025-11-05T08:47:09","guid":{"rendered":"https:\/\/www.europesays.com\/lv\/40460\/"},"modified":"2025-11-05T08:47:09","modified_gmt":"2025-11-05T08:47:09","slug":"polijas-robezsardzes-dienests-precize-zinas-par-ukrainu-beglu-piepludumu","status":"publish","type":"post","link":"https:\/\/www.europesays.com\/lv\/40460\/","title":{"rendered":"Polijas robe\u017esardzes dienests preciz\u0113 zi\u0146as par ukrai\u0146u b\u0113g\u013cu piepl\u016bdumu"},"content":{"rendered":"<p>Daudzi mediji zi\u0146oja, ka p\u0113c Ukrainas l\u0113muma at\u013caut valsti pamest 18 l\u012bdz 22 gadus veciem v\u012brie\u0161iem <a href=\"https:\/\/www.apollo.lv\/term\/555430\/polija\" class=\"topicLink\" target=\"_blank\" rel=\"nofollow noopener\">Polija<\/a> re\u0123istr\u0113jusi masveida jaunu v\u012brie\u0161u iebrauk\u0161anu no Ukrainas.<\/p>\n<p>Britu laikraksts &#8220;The Telegraph&#8221; pag\u0101ju\u0161aj\u0101 ned\u0113\u013c\u0101, atsaucoties uz Polijas robe\u017esardzes dienesta datiem, zi\u0146oja, ka p\u0113d\u0113jo divu m\u0113ne\u0161u laik\u0101 no Ukrainas uz Poliju devu\u0161ies gandr\u012bz 100 000 v\u012brie\u0161u vecum\u0101 no 18 l\u012bdz 22 gadiem. &#8220;The Telegraph&#8221; interpret\u0113ja \u0161os datus t\u0101, ka ukrai\u0146i ir neatgriezeniski pametu\u0161i valsti, bet paties\u012bb\u0101 \u0161ajos datos nav \u0146emta v\u0113r\u0101 ne atgrie\u0161an\u0101s, ne tas, ka viena un t\u0101 pati persona robe\u017eu var \u0161\u0137\u0113rsot vair\u0101kas reizes.<\/p>\n<p>Polijas robe\u017esardzes dienesta p\u0101rst\u0101vis ar\u012b nor\u0101d\u012bja, ka no 26. augusta l\u012bdz 26. oktobrim vair\u0101k nek\u0101 45 300 ukrai\u0146u vecum\u0101 no 18 l\u012bdz 22 gadiem izbrauca no Polijas atpaka\u013c uz Ukrainu.<\/p>\n","protected":false},"excerpt":{"rendered":"Daudzi mediji zi\u0146oja, ka p\u0113c Ukrainas l\u0113muma at\u013caut valsti pamest 18 l\u012bdz 22 gadus veciem v\u012brie\u0161iem Polija re\u0123istr\u0113jusi&hellip;\n","protected":false},"author":2,"featured_media":40461,"comment_status":"","ping_status":"","sticky":false,"template":"","format":"standard","meta":{"footnotes":""},"categories":[14],"tags":[23,57,28,29,32,33,22,74,30,31,35,39,38,36,37,34,40,20,72,26,27,24,25,6751,54,55,56,21,58],"class_list":{"0":"post-40460","1":"post","2":"type-post","3":"status-publish","4":"format-standard","5":"has-post-thumbnail","7":"category-zinas-no-arvalstim","8":"tag-aktualitates","9":"tag-arvalstim","10":"tag-breaking-news","11":"tag-breakingnews","12":"tag-featured-news","13":"tag-featurednews","14":"tag-headlines","15":"tag-krievijas-iebrukums-ukraina","16":"tag-latest-news","17":"tag-latestnews","18":"tag-latvia","19":"tag-latvian","20":"tag-latviesu","21":"tag-latviesu-valoda","22":"tag-latviesuvaloda","23":"tag-latvija","24":"tag-lv","25":"tag-news","26":"tag-polija","27":"tag-popularakas-zinas","28":"tag-popularakaszinas","29":"tag-top-stories","30":"tag-topstories","31":"tag-ukrainas-begli","32":"tag-world","33":"tag-world-news","34":"tag-worldnews","35":"tag-zinas","36":"tag-zinas-no-arvalstim"},"share_on_mastodon":{"url":"https:\/\/pubeurope.com\/@lv\/115496225609196896","error":""},"_links":{"self":[{"href":"https:\/\/www.europesays.com\/lv\/wp-json\/wp\/v2\/posts\/40460","targetHints":{"allow":["GET"]}}],"collection":[{"href":"https:\/\/www.europesays.com\/lv\/wp-json\/wp\/v2\/posts"}],"about":[{"href":"https:\/\/www.europesays.com\/lv\/wp-json\/wp\/v2\/types\/post"}],"author":[{"embeddable":true,"href":"https:\/\/www.europesays.com\/lv\/wp-json\/wp\/v2\/users\/2"}],"replies":[{"embeddable":true,"href":"https:\/\/www.europesays.com\/lv\/wp-json\/wp\/v2\/comments?post=40460"}],"version-history":[{"count":0,"href":"https:\/\/www.europesays.com\/lv\/wp-json\/wp\/v2\/posts\/40460\/revisions"}],"wp:featuredmedia":[{"embeddable":true,"href":"https:\/\/www.europesays.com\/lv\/wp-json\/wp\/v2\/media\/40461"}],"wp:attachment":[{"href":"https:\/\/www.europesays.com\/lv\/wp-json\/wp\/v2\/media?parent=40460"}],"wp:term":[{"taxonomy":"category","embeddable":true,"href":"https:\/\/www.europesays.com\/lv\/wp-json\/wp\/v2\/categories?post=40460"},{"taxonomy":"post_tag","embeddable":true,"href":"https:\/\/www.europesays.com\/lv\/wp-json\/wp\/v2\/tags?post=40460"}],"curies":[{"name":"wp","href":"https:\/\/api.w.org\/{rel}","templated":true}]}}