{"id":40479,"date":"2025-11-05T09:05:07","date_gmt":"2025-11-05T09:05:07","guid":{"rendered":"https:\/\/www.europesays.com\/lv\/40479\/"},"modified":"2025-11-05T09:05:07","modified_gmt":"2025-11-05T09:05:07","slug":"kravas-lidmasinas-avarija-kentuki-bojagajuso-un-cietuso-skaits-pieaug","status":"publish","type":"post","link":"https:\/\/www.europesays.com\/lv\/40479\/","title":{"rendered":"Kravas lidma\u0161\u012bnas av\u0101rija Kentuki: boj\u0101g\u0101ju\u0161o un cietu\u0161o skaits pieaug"},"content":{"rendered":"<p class=\"descr\">Avar\u0113jot kravas lidma\u0161\u012bnai net\u0101lu no L\u016bivilas Starptautisk\u0101s lidostas ASV Kentuki \u0161tat\u0101, otrdien g\u0101ju\u0161i boj\u0101 vismaz septi\u0146i cilv\u0113ki un v\u0113l vair\u0101ki ievainoti, pazi\u0146oju\u0161as Kentuki amatpersonas.<\/p>\n<p>ASV Feder\u0101l\u0101 avi\u0101cijas p\u0101rvalde (FAA) pazi\u0146oja, ka neilgi p\u0113c pacel\u0161an\u0101s avar\u0113ja lidma\u0161\u012bna &#8220;McDonnell Douglas MD-11&#8221;, nog\u0101\u017eoties uz \u0113k\u0101m blakus lidostai. Av\u0101rijas viet\u0101 izc\u0113lies ugunsgr\u0113ks.<\/p>\n<p>Kentuki gubernators Endijs Be\u0161\u0113rs preses konferenc\u0113 nor\u0101d\u012bja, ka miru\u0161o un ievainoto skaits, visticam\u0101k, v\u0113l pieaugs.<\/p>\n<p>Kravas lidma\u0161\u012bn\u0101 <a href=\"https:\/\/nra.lv\/pasaule\/505195-divas-asv-juras-speku-lidmasinas-avare-dienvidkinas-jura.htm\" data-item-link=\"true\" data-item-id=\"505195\" rel=\"nofollow noopener\" target=\"_blank\">av\u0101rijas br\u012bd\u012b<\/a> atrad\u0101s tr\u012bs cilv\u0113ki.<\/p>\n<p>\t\t\t\t\t\tinfo<\/p>\n<p>Uzzini pirmais<br \/>kas interesants noticis Latvij\u0101 un pasaul\u0113,<br \/>pievienojoties mums <a href=\"https:\/\/t.me\/neatkariga\" rel=\"nofollow\">Telegram<\/a> vai <a href=\"https:\/\/whatsapp.com\/channel\/0029VaMLFUH5K3zLU5s4wm3y\" rel=\"nofollow noopener\" target=\"_blank\">Whatsapp<\/a> kan\u0101l\u0101<\/p>\n","protected":false},"excerpt":{"rendered":"Avar\u0113jot kravas lidma\u0161\u012bnai net\u0101lu no L\u016bivilas Starptautisk\u0101s lidostas ASV Kentuki \u0161tat\u0101, otrdien g\u0101ju\u0161i boj\u0101 vismaz septi\u0146i cilv\u0113ki un&hellip;\n","protected":false},"author":2,"featured_media":40480,"comment_status":"","ping_status":"","sticky":false,"template":"","format":"standard","meta":{"footnotes":""},"categories":[14],"tags":[23,57,28,29,32,33,22,30,31,35,39,38,36,37,34,40,20,26,27,24,25,54,55,56,21,58],"class_list":{"0":"post-40479","1":"post","2":"type-post","3":"status-publish","4":"format-standard","5":"has-post-thumbnail","7":"category-zinas-no-arvalstim","8":"tag-aktualitates","9":"tag-arvalstim","10":"tag-breaking-news","11":"tag-breakingnews","12":"tag-featured-news","13":"tag-featurednews","14":"tag-headlines","15":"tag-latest-news","16":"tag-latestnews","17":"tag-latvia","18":"tag-latvian","19":"tag-latviesu","20":"tag-latviesu-valoda","21":"tag-latviesuvaloda","22":"tag-latvija","23":"tag-lv","24":"tag-news","25":"tag-popularakas-zinas","26":"tag-popularakaszinas","27":"tag-top-stories","28":"tag-topstories","29":"tag-world","30":"tag-world-news","31":"tag-worldnews","32":"tag-zinas","33":"tag-zinas-no-arvalstim"},"share_on_mastodon":{"url":"https:\/\/pubeurope.com\/@lv\/115496296341085046","error":""},"_links":{"self":[{"href":"https:\/\/www.europesays.com\/lv\/wp-json\/wp\/v2\/posts\/40479","targetHints":{"allow":["GET"]}}],"collection":[{"href":"https:\/\/www.europesays.com\/lv\/wp-json\/wp\/v2\/posts"}],"about":[{"href":"https:\/\/www.europesays.com\/lv\/wp-json\/wp\/v2\/types\/post"}],"author":[{"embeddable":true,"href":"https:\/\/www.europesays.com\/lv\/wp-json\/wp\/v2\/users\/2"}],"replies":[{"embeddable":true,"href":"https:\/\/www.europesays.com\/lv\/wp-json\/wp\/v2\/comments?post=40479"}],"version-history":[{"count":0,"href":"https:\/\/www.europesays.com\/lv\/wp-json\/wp\/v2\/posts\/40479\/revisions"}],"wp:featuredmedia":[{"embeddable":true,"href":"https:\/\/www.europesays.com\/lv\/wp-json\/wp\/v2\/media\/40480"}],"wp:attachment":[{"href":"https:\/\/www.europesays.com\/lv\/wp-json\/wp\/v2\/media?parent=40479"}],"wp:term":[{"taxonomy":"category","embeddable":true,"href":"https:\/\/www.europesays.com\/lv\/wp-json\/wp\/v2\/categories?post=40479"},{"taxonomy":"post_tag","embeddable":true,"href":"https:\/\/www.europesays.com\/lv\/wp-json\/wp\/v2\/tags?post=40479"}],"curies":[{"name":"wp","href":"https:\/\/api.w.org\/{rel}","templated":true}]}}