{"id":40491,"date":"2025-11-05T09:19:21","date_gmt":"2025-11-05T09:19:21","guid":{"rendered":"https:\/\/www.europesays.com\/lv\/40491\/"},"modified":"2025-11-05T09:19:21","modified_gmt":"2025-11-05T09:19:21","slug":"saeimas-komisija-neatbalsta-siksna-kandidaturu-seplp-locekla-amatam-3","status":"publish","type":"post","link":"https:\/\/www.europesays.com\/lv\/40491\/","title":{"rendered":"Saeimas komisija neatbalsta Sik\u0161\u0146a kandidat\u016bru SEPLP locek\u013ca amatam"},"content":{"rendered":"<p class=\"lead\">\n                                Saeimas Cilv\u0113kties\u012bbu un sabiedrisko lietu komisijas s\u0113d\u0113 otrdien neatbalst\u012bja J\u0101\u0146a Sik\u0161\u0146a apstiprin\u0101\u0161anu par Sabiedrisko elektronisko pla\u0161sazi\u0146as l\u012bdzek\u013cu padomes (SEPLP) locekli.\n                            <\/p>\n<p style=\"margin-left:0px;\">S\u0113d\u0113 otrdien deput\u0101ti tikai balsoja par vai pret Sik\u0161\u0146a apstiprin\u0101\u0161anu amat\u0101, jo vi\u0146a uzklaus\u012b\u0161ana notika jau pag\u0101ju\u0161aj\u0101 ned\u0113\u013c\u0101. Vi\u0146a t\u0101l\u0101ku virz\u012b\u0161anu atbalst\u012bja tikai deput\u0101ti Leila Rasima (P) un J\u0101nis Zari\u0146\u0161 (JV). Pret bija Nacion\u0101l\u0101s apvien\u012bbas (NA) deput\u0101ti Jur\u0123is Kloti\u0146\u0161 un J\u0101nis Grasbergs, k\u0101 ar\u012b pie frakcij\u0101m nepiedero\u0161ais deput\u0101ts Didzis \u0160mits un &#8220;Latvija pirmaj\u0101 viet\u0101&#8221; deput\u0101te Maija Arma\u0146eva. Balsojum\u0101 attur\u0113j\u0101s Za\u013co un zemnieku savien\u012bbas (ZZS) deput\u0101ti Augusts Brigmanis un Didzis Zemmers, k\u0101 ar\u012b pie frakcij\u0101m nepiedero\u0161ais parlament\u0101rietis Aleksandrs Kir\u0161teins. Nebalsoja &#8220;Stabilit\u0101tei&#8221; deput\u0101ts I\u013cja Ivanovs.<\/p>\n<p style=\"margin-left:0px;\">Vienlaikus gala l\u0113mums par Sik\u0161\u0146a kandidat\u016bru b\u016bs j\u0101pie\u0146em Saeimas s\u0113d\u0113 13. novembr\u012b.<\/p>\n<p style=\"margin-left:0px;\">K\u0101 v\u0113st\u012bts, pag\u0101ju\u0161\u0101s ned\u0113\u013cas s\u0113d\u0113 Saeimas Cilv\u0113kties\u012bbu un sabiedrisko lietu komisijas deput\u0101ti nesprieda par Sik\u0161\u0146a kandidat\u016bru, bet s\u0101ka diskut\u0113t par padomes locek\u013cu skaita samazin\u0101\u0161anu.<\/p>\n<p style=\"margin-left:0px;\">S\u0113d\u0113 &#8220;Jaun\u0101s vienot\u012bbas&#8221; (JV) deput\u0101ti Zari\u0146\u0161 un Anna Ranc\u0101ne nor\u0101d\u012bja, ka v\u0113l nevar lemt par Siksni, jo vi\u0146\u0161 nav uzklaus\u012bts politisk\u0101 sp\u0113ka Saeimas frakcij\u0101. Ar\u012b Za\u013co un zemnieku savien\u012bbas (ZZS) deput\u0101ts Augusts Brigmanis pauda, ka \u0161\u0101da JV v\u0113lme ir saprotama, un piekrita \u0161o jaut\u0101jumu skat\u012bt k\u0101d\u0101 no cit\u0101m s\u0113d\u0113m.<\/p>\n<p style=\"margin-left:0px;\">To atbalst\u012bja ar\u012b Kloti\u0146\u0161. Vi\u0146\u0161 gan ar\u012b aicin\u0101ja apsv\u0113rt domu par to, ka padome turpm\u0101k var\u0113tu str\u0101d\u0101t divu cilv\u0113ku sast\u0101v\u0101. Ideju par padomes sast\u0101va samazin\u0101\u0161anu l\u012bdz diviem cilv\u0113kiem s\u0113d\u0113 rosin\u0101ja ar\u012b NA deput\u0101ts J\u0101nis Grasbergs.<\/p>\n<p style=\"margin-left:0px;\">Patlaban likum\u0101 noteikts, ka SEPLP ir tr\u012bs locek\u013ci, bet faktiski t\u0101 darbojas divu locek\u013cu sast\u0101v\u0101, jo viens v\u0113l nav iev\u0113l\u0113ts.<\/p>\n<p style=\"margin-left:0px;\">Iepriek\u0161\u0113jo padomes vad\u012bt\u0101ju Siksni amatam izvirz\u012bjusi Nevalstisko organiz\u0101ciju (NVO) un Ministru kabineta (MK) sadarb\u012bbas memoranda padome.<\/p>\n<p style=\"margin-left:0px;\">Siksnis tika atz\u012bts par lab\u0101ko kandid\u0101tu Memoranda padomes atk\u0101rtoti r\u012bkotaj\u0101 konkurs\u0101 uz \u0161o vakanci. \u0160oreiz, at\u0161\u0137ir\u012bb\u0101 no iepriek\u0161\u0113j\u0101 konkursa, Memoranda padomes locek\u013ciem bija j\u0101balso atkl\u0101ti, un balsojum\u0101 nebija iesp\u0113jams attur\u0113ties. A\u0123ent\u016brai LETA zin\u0101ms, ka Siksnis bija sa\u0146\u0113mis augst\u0101ko punktu skaitu ar\u012b iepriek\u0161\u0113j\u0101 konkurs\u0101, tom\u0113r Memoranda padome balsojum\u0101 atbalst\u012bja Ivara Beltes, nevis Sik\u0161\u0146a kandidat\u016bru.<\/p>\n<p style=\"margin-left:0px;\">Skaidrojot motiv\u0101ciju pieteikties SEPLP locek\u013ca amatam, Siksnis nor\u0101d\u012bjis, ka mediji ir vi\u0146a nozare, kur\u0101 pavad\u012bjis gandr\u012bz visu savu profesion\u0101lo m\u016b\u017eu. Vi\u0146u \u0161\u012b nozare interes\u0113jot un vi\u0146\u0161 saredzot, k\u0101 ar savu pieredzi var ieguld\u012bt notieko\u0161ajos procesos.<\/p>\n<p style=\"margin-left:0px;\">Run\u0101jot par pa\u0161as padomes darbu, Siksnis atzina, ka saredz lielas at\u0161\u0137ir\u012bbas taj\u0101, k\u0101 tai vajadz\u0113tu str\u0101d\u0101t \u0161obr\u012bd no t\u0101, k\u0101 padome str\u0101d\u0101ja iepriek\u0161\u0113jos \u010detrus gadus. Vi\u0146apr\u0101t, SEPLP b\u016btu vair\u0101k j\u0101p\u0101riet tie\u0161i uz Latvijas sabiedrisk\u0101 medija (LSM) uzraudz\u012bbu, l\u012bdz ar to padomes locek\u013ciem darbs SEPLP vairs neb\u016btu veicams ar\u012b pilnu slodzi. Tas noz\u012bm\u0113tu ar\u012b SEPLP locek\u013cu algas samazin\u0101jumu. Vienlaikus, p\u0113c Sik\u0161\u0146a dom\u0101m, b\u016btu nepiecie\u0161ama SEPLP locek\u013cu skaita palielin\u0101\u0161ana, papla\u0161inot padomes kompetences.<\/p>\n<p style=\"margin-left:0px;\">Siksnis bija SEPLP priek\u0161s\u0113d\u0113t\u0101js l\u012bdz 2025. gada 3. augustam.<\/p>\n<p style=\"margin-left:0px;\">Saeimas deput\u0101ti 19. j\u016bnij\u0101 SEPLP locek\u013cu amatos iec\u0113la Unu Klapkalni un Sanitu Upleju-Jegermani. L\u012bdz\u0161in\u0113jo SEPLP locekli Upleju-Jegermani darbam padom\u0113 izvirz\u012bja Valsts prezidents, bet biju\u0161o Latvijas Radio valdes priek\u0161s\u0113d\u0113t\u0101ju Klapkalni &#8211; Saeimas deput\u0101ti. L\u012bdz ar \u0161\u012bm p\u0101rmai\u0146\u0101m amatus SEPLP zaud\u0113ja Siksnis, kuru pirms vair\u0101kiem gadiem darbam padom\u0113 bija virz\u012bjusi Memoranda padome, un J\u0101nis Egl\u012btis, kur\u0161 savulaik bija Saeimas virz\u012bts SEPLP loceklis.<\/p>\n<p style=\"margin-left:0px;\">SEPLP locek\u013ca m\u0113ne\u0161alga ir 5196 eiro pirms nodok\u013cu nomaksas.<\/p>\n<p style=\"margin-left:0px;\">SEPLP sast\u0101v\u0101 ir tr\u012bs locek\u013ci, kurus apstiprina Saeima. Vienu locekli apstiprin\u0101\u0161anai izvirza Valsts prezidents, vienu &#8211; NVO un MK sadarb\u012bbas memoranda \u012bsteno\u0161anas padome, bet v\u0113l vienu &#8211; Saeima. SEPLP locekli var apstiprin\u0101t amat\u0101 ne vair\u0101k k\u0101 divas reizes p\u0113c k\u0101rtas.<\/p>\n<p style=\"margin-left:0px;\">SEPLP ir neatkar\u012bga, pilnties\u012bga, autonoma instit\u016bcija, kas atbilsto\u0161i savai kompetencei p\u0101rst\u0101v sabiedr\u012bbas intereses sabiedrisko mediju jom\u0101.<\/p>\n<p class=\"paragraph-muted\">Izv\u0113lies savu soct\u012bklu platformu, lai sekotu LASI.LV: <a href=\"https:\/\/www.facebook.com\/portals.lasi.lv\" target=\"_blank\" rel=\"noopener noreferrer nofollow\">Facebook<\/a>, <a href=\"https:\/\/twitter.com\/lasilvportals\" target=\"_blank\" rel=\"noopener noreferrer nofollow\">X<\/a>, <a href=\"https:\/\/bsky.app\/profile\/lasilv.bsky.social\" target=\"_blank\" rel=\"noopener noreferrer nofollow\">Bluesky<\/a>, <a href=\"https:\/\/www.draugiem.lv\/lasilv\/?pg=4\" target=\"_blank\" rel=\"noopener noreferrer nofollow\">Draugiem<\/a> vai ar\u012b <a href=\"https:\/\/www.instagram.com\/lasilv_zinas\/\" target=\"_blank\" rel=\"noopener noreferrer nofollow\">Instagram<\/a>. Pievienojies m\u016bsu las\u012bt\u0101ju pulkam, lai sa\u0146emtu \u012bpa\u0161i tev atlas\u012btu noder\u012bgu, praktisku un aktu\u0101lu saturu.\u00a0<\/p>\n<p><a href=\"https:\/\/lasi.lv\/abonesana\" rel=\"nofollow noopener\" target=\"_blank\">Abon\u0113<\/a>\u00a0LASI.LV gadam\u00a0vai k\u0101du no\u00a0&#8220;Latvijas Mediju&#8221; periodiskajiem izdevumiem 2026. gadam, un laim\u0113 1500 eiro vai Philips kafijas autom\u0101tu. Loterijas at\u013caujas nr. 8744.<\/p>\n<p><img decoding=\"async\" src=\"https:\/\/www.europesays.com\/lv\/wp-content\/uploads\/2025\/10\/1760568371_496_2025100311425268df8c8c1572e.jpg\" alt=\"\" loading=\"lazy\"\/><\/p>\n<p style=\"margin-left:auto;\">Pieraksties LASI.LV redaktora v\u0113stkopai <a href=\"https:\/\/lasi.lv\/vestkopa\/lasi-lv-galvena-redaktora-vestkopa\" rel=\"nofollow noopener\" target=\"_blank\">\u0161eit<\/a>.<\/p>\n<p>Pieraksties v\u0113stkopai un divas reizes ned\u0113\u013c\u0101 sa\u0146em padzi\u013cin\u0101tu LASI.LV galven\u0101 redaktora aktu\u0101lo zi\u0146u, kompetentu viedok\u013cu un interesant\u0101ko interviju apkopojumu.<\/p>\n<p>Ko tu sa\u0146emsi:<\/p>\n<ul>\n<li>Daudzveid\u012bgus koment\u0101rus un kompetentus Latvijas Mediju \u017eurn\u0101listu un autoru viedok\u013cus par aktu\u0101lo<\/li>\n<li>Ekspertu koment\u0101rus par da\u017e\u0101diem praktiskiem, noder\u012bgiem tematiem<\/li>\n<li>Aizraujo\u0161us materi\u0101lus par v\u0113sturi, psiholo\u0123iju, kult\u016bru<\/li>\n<li>Gata \u0160\u013c\u016bkas karikat\u016bru<\/li>\n<li>Tav\u0101 e-pasta kast\u012bt\u0113 katru ceturtdienu<\/li>\n<\/ul>\n<p style=\"margin-left:auto;\">\u00a0<\/p>\n<p><script async src=\"https:\/\/platform.twitter.com\/widgets.js\" charset=\"utf-8\"><\/script><script async src=\"\/\/www.instagram.com\/embed.js\"><\/script><\/p>\n","protected":false},"excerpt":{"rendered":"Saeimas Cilv\u0113kties\u012bbu un sabiedrisko lietu komisijas s\u0113d\u0113 otrdien neatbalst\u012bja J\u0101\u0146a Sik\u0161\u0146a apstiprin\u0101\u0161anu par Sabiedrisko elektronisko pla\u0161sazi\u0146as l\u012bdzek\u013cu padomes&hellip;\n","protected":false},"author":2,"featured_media":40492,"comment_status":"","ping_status":"","sticky":false,"template":"","format":"standard","meta":{"footnotes":""},"categories":[5],"tags":[23,28,29,32,33,22,30,31,35,39,38,36,37,34,40,20,26,27,24,25,21],"class_list":{"0":"post-40491","1":"post","2":"type-post","3":"status-publish","4":"format-standard","5":"has-post-thumbnail","7":"category-aktualitates","8":"tag-aktualitates","9":"tag-breaking-news","10":"tag-breakingnews","11":"tag-featured-news","12":"tag-featurednews","13":"tag-headlines","14":"tag-latest-news","15":"tag-latestnews","16":"tag-latvia","17":"tag-latvian","18":"tag-latviesu","19":"tag-latviesu-valoda","20":"tag-latviesuvaloda","21":"tag-latvija","22":"tag-lv","23":"tag-news","24":"tag-popularakas-zinas","25":"tag-popularakaszinas","26":"tag-top-stories","27":"tag-topstories","28":"tag-zinas"},"share_on_mastodon":{"url":"https:\/\/pubeurope.com\/@lv\/115496351600933197","error":""},"_links":{"self":[{"href":"https:\/\/www.europesays.com\/lv\/wp-json\/wp\/v2\/posts\/40491","targetHints":{"allow":["GET"]}}],"collection":[{"href":"https:\/\/www.europesays.com\/lv\/wp-json\/wp\/v2\/posts"}],"about":[{"href":"https:\/\/www.europesays.com\/lv\/wp-json\/wp\/v2\/types\/post"}],"author":[{"embeddable":true,"href":"https:\/\/www.europesays.com\/lv\/wp-json\/wp\/v2\/users\/2"}],"replies":[{"embeddable":true,"href":"https:\/\/www.europesays.com\/lv\/wp-json\/wp\/v2\/comments?post=40491"}],"version-history":[{"count":0,"href":"https:\/\/www.europesays.com\/lv\/wp-json\/wp\/v2\/posts\/40491\/revisions"}],"wp:featuredmedia":[{"embeddable":true,"href":"https:\/\/www.europesays.com\/lv\/wp-json\/wp\/v2\/media\/40492"}],"wp:attachment":[{"href":"https:\/\/www.europesays.com\/lv\/wp-json\/wp\/v2\/media?parent=40491"}],"wp:term":[{"taxonomy":"category","embeddable":true,"href":"https:\/\/www.europesays.com\/lv\/wp-json\/wp\/v2\/categories?post=40491"},{"taxonomy":"post_tag","embeddable":true,"href":"https:\/\/www.europesays.com\/lv\/wp-json\/wp\/v2\/tags?post=40491"}],"curies":[{"name":"wp","href":"https:\/\/api.w.org\/{rel}","templated":true}]}}