{"id":40497,"date":"2025-11-05T09:26:08","date_gmt":"2025-11-05T09:26:08","guid":{"rendered":"https:\/\/www.europesays.com\/lv\/40497\/"},"modified":"2025-11-05T09:26:08","modified_gmt":"2025-11-05T09:26:08","slug":"flautistes-ditas-krenbergas-veseligakais-ieradums-ir-smaids","status":"publish","type":"post","link":"https:\/\/www.europesays.com\/lv\/40497\/","title":{"rendered":"Flautistes Ditas Krenbergas vesel\u012bg\u0101kais ieradums ir smaids"},"content":{"rendered":"<p>Skaistaj\u0101 pirmssv\u0113tku laik\u0101 13. un 14. decembr\u012b VSIA \u201cLatvijas koncerti\u201d aicina uz \u201cSp\u012b\u0137eru koncertz\u0101li\u201d, kur cikl\u0101 \u201cPatie\u0161\u0101m mazi\u0146iem\u201d izskan\u0113s muzik\u0101l\u0101 izr\u0101de b\u0113rniem \u201c\u0160okol\u0101des pasaka\u201d. Tas ir st\u0101sts par meiten\u012bti Hannu, kura senos laikos dz\u012bvoja Austrijas galvaspils\u0113t\u0101 V\u012bn\u0113, bet par \u0161okol\u0101des br\u012bni\u0161\u0137o smar\u017eu un gar\u0161u var\u0113ja tikai sap\u0146ot. Reiz meitenes vec\u0101ki dev\u0101s ce\u013cojum\u0101, un Hannai \u0161is laiks bija j\u0101pavada pie nejauk\u0101s un skop\u0101s Hildas tantes. Un tikai sarunas ar pel\u012bti, putni\u0146u un kaimi\u0146u \u2013 konditoru Vilhelma onkuli \u2013 pal\u012bdz\u0113ja meitenei sagaid\u012bt vec\u0101kus.<\/p>\n<p>Uzvedum\u0101 skan\u0113s austrie\u0161u komponistu Volfganga Amadeja Mocarta, Fran\u010da \u0160\u016bberta un Johana \u0160trausa skaist\u0101 m\u016bzika un jauk\u0101s Ziemassv\u0113tku melodijas. Lom\u0101s iejut\u012bsies dzied\u0101t\u0101ji Jolanta Strikaite-Lapi\u0146a (Vani\u013ca) un Nauris Indzeris (Konditors Vilhelms), flautiste Dita Krenberga (\u0160okol\u0101des feja) un pianists Ventis Zilberts (Cukuri\u0146\u0161), koncert\u0101 piedal\u012bsies ar\u012b R\u012bgas Baletskolas audz\u0113k\u0146i (Hanna, zef\u012bri, marmel\u0101des), savuk\u0101rt st\u0101stu izst\u0101st\u012bs Karina B\u0113rzi\u0146a.<\/p>\n<p>Kas ir ekstr\u0113m\u0101kais, ko dz\u012bv\u0113 esat dar\u012bjusi?<br \/>Lai\u0161an\u0101s lejup no apledoju\u0161a kalna ar slid\u0101m septi\u0146u gadu vecum\u0101. Neiesaku.<\/p>\n<p>Viens no aizkustino\u0161\u0101kajiem br\u012b\u017eiem dz\u012bv\u0113? <br \/>\u012apa\u0161\u0101kais un aizkustino\u0161\u0101kais notikums ir manas meitas piedzim\u0161ana.<\/p>\n<p>Kas j\u016bs iedvesmo darbam? <br \/>Darbam mani iedvesmo kalend\u0101rs. Kad tuvojas koncerti \u2013 m\u0101cos. Iedvesma atn\u0101k pati.<\/p>\n<p>J\u016bsu vesel\u012bgie ieradumi? <br \/>Mans vesel\u012bg\u0101kais ieradums ir smaids un smiekli. Tie, k\u0101 zin\u0101ms, vairo C vitam\u012bnu.<\/p>\n<p>J\u016bsu kait\u012bgie ieradumi? <br \/>Man pat\u012bk braukt ar auto. Vajadz\u0113tu vair\u0101k staig\u0101t ar k\u0101j\u0101m.<\/p>\n<p>V\u0113rt\u012bg\u0101k\u0101 atzi\u0146a, ko dz\u012bves laik\u0101 esat guvusi?<br \/>\u201cTas, kas m\u016bs nenogalina, padara m\u016bs stipr\u0101kus.\u201d Fr\u012bdrihs N\u012b\u010de.<\/p>\n<p>Gr\u0101mata vai filma, ko ieteiktu citiem?<br \/>B\u012bbele. Noteikti \u2013 desmit bau\u0161\u013ci. Ne tikai izlas\u012bt, bet dz\u012bvot saska\u0146\u0101 ar tiem.<\/p>\n<p>K\u0101du m\u016bziku klaus\u0101ties? <br \/>Klausos Radio 3 \u201cKlasika\u201d, \u0161ad tad \u201cSWH Gold\u201d un \u201cLounge FM\u201d.<\/p>\n<p>J\u016bsu nepr\u0101t\u012bg\u0101kais, spont\u0101n\u0101kais pirkums?<br \/>Spont\u0101n\u0101kais pirkums \u2013 aviobi\u013cete nepl\u0101notam ce\u013cojumam.<\/p>\n<p>Vieta un laiks, kur\u0101 grib\u0113tu dz\u012bvot? <br \/>Es grib\u0113tu sp\u0113t teleport\u0113ties laik\u0101 un piedz\u012bvot gan pag\u0101tni, gan n\u0101kotni.<\/p>\n","protected":false},"excerpt":{"rendered":"Skaistaj\u0101 pirmssv\u0113tku laik\u0101 13. un 14. decembr\u012b VSIA \u201cLatvijas koncerti\u201d aicina uz \u201cSp\u012b\u0137eru koncertz\u0101li\u201d, kur cikl\u0101 \u201cPatie\u0161\u0101m mazi\u0146iem\u201d&hellip;\n","protected":false},"author":2,"featured_media":40498,"comment_status":"","ping_status":"","sticky":false,"template":"","format":"standard","meta":{"footnotes":""},"categories":[19],"tags":[47,89,90,381,64,35,39,38,36,37,34,40,385,172,382,384,383,21],"class_list":{"0":"post-40497","1":"post","2":"type-post","3":"status-publish","4":"format-standard","5":"has-post-thumbnail","7":"category-izklaide","8":"tag-ekonomika","9":"tag-entertainment","10":"tag-izklaide","11":"tag-jaunumi","12":"tag-kultura","13":"tag-latvia","14":"tag-latvian","15":"tag-latviesu","16":"tag-latviesu-valoda","17":"tag-latviesuvaloda","18":"tag-latvija","19":"tag-lv","20":"tag-pieriga","21":"tag-riga","22":"tag-sabiedriba","23":"tag-sludinajumi","24":"tag-sports-afisa","25":"tag-zinas"},"share_on_mastodon":{"url":"https:\/\/pubeurope.com\/@lv\/115496379025419679","error":""},"_links":{"self":[{"href":"https:\/\/www.europesays.com\/lv\/wp-json\/wp\/v2\/posts\/40497","targetHints":{"allow":["GET"]}}],"collection":[{"href":"https:\/\/www.europesays.com\/lv\/wp-json\/wp\/v2\/posts"}],"about":[{"href":"https:\/\/www.europesays.com\/lv\/wp-json\/wp\/v2\/types\/post"}],"author":[{"embeddable":true,"href":"https:\/\/www.europesays.com\/lv\/wp-json\/wp\/v2\/users\/2"}],"replies":[{"embeddable":true,"href":"https:\/\/www.europesays.com\/lv\/wp-json\/wp\/v2\/comments?post=40497"}],"version-history":[{"count":0,"href":"https:\/\/www.europesays.com\/lv\/wp-json\/wp\/v2\/posts\/40497\/revisions"}],"wp:featuredmedia":[{"embeddable":true,"href":"https:\/\/www.europesays.com\/lv\/wp-json\/wp\/v2\/media\/40498"}],"wp:attachment":[{"href":"https:\/\/www.europesays.com\/lv\/wp-json\/wp\/v2\/media?parent=40497"}],"wp:term":[{"taxonomy":"category","embeddable":true,"href":"https:\/\/www.europesays.com\/lv\/wp-json\/wp\/v2\/categories?post=40497"},{"taxonomy":"post_tag","embeddable":true,"href":"https:\/\/www.europesays.com\/lv\/wp-json\/wp\/v2\/tags?post=40497"}],"curies":[{"name":"wp","href":"https:\/\/api.w.org\/{rel}","templated":true}]}}