{"id":40506,"date":"2025-11-05T09:37:09","date_gmt":"2025-11-05T09:37:09","guid":{"rendered":"https:\/\/www.europesays.com\/lv\/40506\/"},"modified":"2025-11-05T09:37:09","modified_gmt":"2025-11-05T09:37:09","slug":"skaistkalnes-baznica-tiek-svineti-sv-huberta-svetki","status":"publish","type":"post","link":"https:\/\/www.europesays.com\/lv\/40506\/","title":{"rendered":"Skaistkalnes bazn\u012bc\u0101 tiek svin\u0113ti Sv. Huberta sv\u0113tki"},"content":{"rendered":"<p class=\"descr\">P\u0113d\u0113j\u0101s dien\u0101s soct\u012bklus ir p\u0101rpludin\u0101ju\u0161i video un sa\u0161utuma pilni koment\u0101ri par Sv. Huberta sv\u0113tkiem &#8211; mednieku un vi\u0146u su\u0146u aizst\u0101vja godin\u0101\u0161anu Skaistkalnes bazn\u012bc\u0101. Sv\u0113tku centr\u0101lais objekts bija nomed\u012bts briedis.<\/p>\n<p>Sv. Huberta sv\u0113tkus Skaistkalnes bazn\u012bc\u0101 vad\u012bja metropol\u012bts <a href=\"https:\/\/nra.lv\/latvija\/489474-pavesta-franciska-beres-apmekles-ari-arhibiskaps-stankevics.htm\" data-item-link=\"true\" data-item-id=\"489474\" rel=\"nofollow noopener\" target=\"_blank\">Zbig\u0146evs Stankevi\u010ds<\/a>. Video no pas\u0101kuma soct\u012bklos ir sac\u0113lis \u012bstu v\u0113tru, it \u012bpa\u0161i t\u0101p\u0113c, ka cilv\u0113kiem, kuri nav saist\u012bti ar katolisko bazn\u012bcu, nav saprotama nomed\u012bt\u0101 brie\u017ea svin\u012bga iene\u0161ana bazn\u012bc\u0101.<\/p>\n<p>Viens no sv\u0113tku dal\u012bbniekiem skaidro: &#8220;Tie ir Sv. Huberta (mednieku aizbild\u0146a) sv\u0113tki. Tie visi ir simboli un neb\u016bt ne asi\u0146aini. Veikalos ta\u010du nav iebildumu pret, piem\u0113ram, beigtas c\u016bkas galvu vitr\u012bn\u0101 pie ga\u013cas produktiem. Vai nedz\u012bvu foreli, kas zivju stend\u0101. Tas var patikt vai n\u0113, bet t\u0101 Austrij\u0101, \u010cehij\u0101, Polij\u0101 un V\u0101cij\u0101 ir sena trad\u012bcija. Katram jau ir savs viedoklis, un t\u0101d\u0113\u013c m\u0113s esam demokr\u0101tiska valsts, ka plus m\u012bnus to ar\u012b dr\u012bkstam paust. Man person\u012bgi ar\u012b pretrun\u012bgas izj\u016btas, nomed\u012bto briedi redzot, bet es neesmu mednieks.&#8221;<\/p>\n<p>Zbig\u0146eva Stankevi\u010da ievietoto ierakstu &#8220;Facebook&#8221; koment\u0113 daudzi, tostarp Evija Pu\u0137e-Jansone: &#8220;T\u0101das pretrun\u012bgas saj\u016btas, skatoties uz no\u0161auto briedi bazn\u012bc\u0101. Simboliski man tas nerada asoci\u0101cijas ar cilv\u0113ka r\u016bp\u0113m par dz\u012bvo dabu, bet dr\u012bz\u0101k ar cilv\u0113ka varu un dominanci. Un v\u0113l tik skaists dz\u012bvnieks k\u0101 briedis! B\u016btu vismaz k\u0101da me\u017eac\u016bka. Un vai Sv\u0113t\u0101 Huberta le\u0123enda laika gait\u0101 nav apgriezta k\u0101j\u0101m gais\u0101? Jo Huberts bija kaism\u012bgs mednieks, bet reiz, kad vi\u0146\u0161 t\u0113m\u0113ja uz k\u0101du briedi, vi\u0146\u0161 ieraudz\u012bja starp vi\u0146a ragiem krusta z\u012bmi un briedis vi\u0146am cilv\u0113ka bals\u012b jaut\u0101ja: &#8220;K\u0101p\u0113c tu mani vaj\u0101?&#8221; No t\u0101 br\u012b\u017ea Huberts atteic\u0101s no med\u012bb\u0101m un k\u013cuva par ask\u0113tisku m\u016bku. Taisn\u012bba, ka tagad ir ar\u012b medniekiem savi ierobe\u017eojumi un noteikumi, bet \u0161is no\u0161autais briedis bazn\u012bcas vid\u016b&#8230; nu labi.&#8221;<\/p>\n<p>Ilze \u0160\u0137\u0113le: &#8220;Labvakar! Cik sen \u0161\u012b trad\u012bcija tiek kopta? Vai ar\u012b tas notiek tikai \u0161ogad &#8211; z\u012bm\u012bgi, p\u0113c brut\u0101li nogalin\u0101tiem sun\u012b\u0161iem, tie\u0161i Bauskas novad\u0101, un to paveica mednieks! Tagad \u0161o nogalin\u0101to un ienesto dz\u012bvnieku bazn\u012bc\u0101 visur sludina \u017eurn\u0101ls &#8220;Med\u012bbas&#8221;! L\u016bdzu, neuzp\u0113rcieties ar \u0161o ga\u013cu! Tas nav t\u0101 v\u0113rts! \u0160obr\u012bd ir j\u0101solidariz\u0113jas ar sabiedr\u012bbu, kura \u0161obr\u012bd pieprasa taisn\u012bbu! Mednieks ir nepamatoti noslepkavojis 3 sun\u012b\u0161us! Un \u013coti priec\u0101tos bazn\u012bc\u0101 nekad neredz\u0113t nogalin\u0101tus dz\u012bvniekus &#8211; tagad nav Vec\u0101s Der\u012bbas laiks un trad\u012bcijas! B\u0113rniem nav j\u0101redz nogalin\u0101ti dz\u012bvnieki, un mednieki neb\u016btu j\u0101atbalsta &#8211; tie \u0161auj m\u016bsdien\u0101s pa labi pa kreisi, neiev\u0113rojot likumu!&#8221;<\/p>\n<p>Savuk\u0101rt pie p\u0101rpublic\u0113tajiem video koment\u0101ri ir sa\u0161utuma pilni: &#8220;Nenorm\u0101lo sektas saiets. Drausm\u012bgi un pret\u012bgi.&#8221;<\/p>\n<p>&#8220;Kaut k\u0101das viduslaiku izklaides. Kas t\u0101 par Tvaika ielas fili\u0101li?&#8221;<\/p>\n<p>&#8220;Nolad\u0113tie, asinsk\u0101rie slepkavas, uz elli j\u016bs visus&#8230;&#8230;.Tas ir pr\u0101tam neaptverami, kas te notiek&#8230;.&#8221;<\/p>\n<p>&#8220;Tr\u016bkst v\u0101rdu&#8230; Nek\u0101 vairs nav sv\u0113ta.. T\u0101du m\u0101c\u012bt\u0101ju gr\u016bti par Dieva kalpu nosaukt&#8230;.V\u012brie\u0161i ar cepur\u0113m bazn\u012bc\u0101&#8230;..&#8221;<\/p>\n<p>\t\t\t\t\t\tinfo<\/p>\n<p>Uzzini pirmais<br \/>kas interesants noticis Latvij\u0101 un pasaul\u0113,<br \/>pievienojoties mums <a href=\"https:\/\/t.me\/neatkariga\" rel=\"nofollow\">Telegram<\/a> vai <a href=\"https:\/\/whatsapp.com\/channel\/0029VaMLFUH5K3zLU5s4wm3y\" rel=\"nofollow noopener\" target=\"_blank\">Whatsapp<\/a> kan\u0101l\u0101<\/p>\n","protected":false},"excerpt":{"rendered":"P\u0113d\u0113j\u0101s dien\u0101s soct\u012bklus ir p\u0101rpludin\u0101ju\u0161i video un sa\u0161utuma pilni koment\u0101ri par Sv. Huberta sv\u0113tkiem &#8211; mednieku un vi\u0146u&hellip;\n","protected":false},"author":2,"featured_media":40507,"comment_status":"","ping_status":"","sticky":false,"template":"","format":"standard","meta":{"footnotes":""},"categories":[5],"tags":[23,28,29,32,33,22,30,31,35,39,38,36,37,34,40,20,26,27,24,25,21],"class_list":{"0":"post-40506","1":"post","2":"type-post","3":"status-publish","4":"format-standard","5":"has-post-thumbnail","7":"category-aktualitates","8":"tag-aktualitates","9":"tag-breaking-news","10":"tag-breakingnews","11":"tag-featured-news","12":"tag-featurednews","13":"tag-headlines","14":"tag-latest-news","15":"tag-latestnews","16":"tag-latvia","17":"tag-latvian","18":"tag-latviesu","19":"tag-latviesu-valoda","20":"tag-latviesuvaloda","21":"tag-latvija","22":"tag-lv","23":"tag-news","24":"tag-popularakas-zinas","25":"tag-popularakaszinas","26":"tag-top-stories","27":"tag-topstories","28":"tag-zinas"},"share_on_mastodon":{"url":"https:\/\/pubeurope.com\/@lv\/115496422237295353","error":""},"_links":{"self":[{"href":"https:\/\/www.europesays.com\/lv\/wp-json\/wp\/v2\/posts\/40506","targetHints":{"allow":["GET"]}}],"collection":[{"href":"https:\/\/www.europesays.com\/lv\/wp-json\/wp\/v2\/posts"}],"about":[{"href":"https:\/\/www.europesays.com\/lv\/wp-json\/wp\/v2\/types\/post"}],"author":[{"embeddable":true,"href":"https:\/\/www.europesays.com\/lv\/wp-json\/wp\/v2\/users\/2"}],"replies":[{"embeddable":true,"href":"https:\/\/www.europesays.com\/lv\/wp-json\/wp\/v2\/comments?post=40506"}],"version-history":[{"count":0,"href":"https:\/\/www.europesays.com\/lv\/wp-json\/wp\/v2\/posts\/40506\/revisions"}],"wp:featuredmedia":[{"embeddable":true,"href":"https:\/\/www.europesays.com\/lv\/wp-json\/wp\/v2\/media\/40507"}],"wp:attachment":[{"href":"https:\/\/www.europesays.com\/lv\/wp-json\/wp\/v2\/media?parent=40506"}],"wp:term":[{"taxonomy":"category","embeddable":true,"href":"https:\/\/www.europesays.com\/lv\/wp-json\/wp\/v2\/categories?post=40506"},{"taxonomy":"post_tag","embeddable":true,"href":"https:\/\/www.europesays.com\/lv\/wp-json\/wp\/v2\/tags?post=40506"}],"curies":[{"name":"wp","href":"https:\/\/api.w.org\/{rel}","templated":true}]}}