{"id":40536,"date":"2025-11-05T10:02:06","date_gmt":"2025-11-05T10:02:06","guid":{"rendered":"https:\/\/www.europesays.com\/lv\/40536\/"},"modified":"2025-11-05T10:02:06","modified_gmt":"2025-11-05T10:02:06","slug":"rokgrupas-red-hot-chili-peppers-bundzinieks-cads-smits-iedibina-stipendiju-muzikas-talantiem-lente-lv","status":"publish","type":"post","link":"https:\/\/www.europesays.com\/lv\/40536\/","title":{"rendered":"Rokgrupas &#8220;Red Hot Chili Peppers&#8221; bundzinieks \u010cads Smits iedibina stipendiju m\u016bzikas talantiem\u00a0\u2014\u00a0Lente.lv"},"content":{"rendered":"<p>\u010cada Smita fonds nodro\u0161ina m\u016bzikas izgl\u012bt\u012bbas pieejam\u012bbu jaunaj\u0101m paaudz\u0113m<\/p>\n<p>Slavenais rokgrupas &#8220;Red Hot Chili Peppers&#8221; bundzinieks \u010cads Smits, kur\u0161 paz\u012bstams ar savu ener\u0123isko sp\u0113li un beisbola cepuri, aiz muguras atst\u0101jis jau gandr\u012bz \u010detras desmitgades uz skatuves. Vi\u0146\u0161 ne tikai turpina iepriecin\u0101t fanus ar savu talantu, bet ar\u012b akt\u012bvi iesaist\u0101s labdar\u012bbas projektos, \u012bpa\u0161i atbalstot m\u016bzikas izgl\u012bt\u012bbas noz\u012bmi. Neseni pas\u0101kumi atkl\u0101j smita iniciat\u012bvu stipendiju fonda izveid\u0113, lai pal\u012bdz\u0113tu jaunie\u0161iem sasniegt savus muzik\u0101los sap\u0146us.<\/p>\n<p>Iedvesmojo\u0161a iniciat\u012bva \u2013 &#8220;Curtis &amp; Joan Smith&#8221; stipendija<\/p>\n<p>\u010cads Smits, kur\u0161 ir dzimis Minesotas \u0161tat\u0101, ir nodibin\u0101jis &#8220;Chad Smith Foundation&#8221;, kuras pirmais noz\u012bm\u012bgais projekts ir &#8220;Curtis &amp; Joan Smith&#8221; stipendija. \u0160\u012b stipendija ir nosaukta par godu vi\u0146a vec\u0101kiem, kuriem ir cie\u0161a saikne ar Minesotas Universit\u0101ti. Stipendijas m\u0113r\u0137is ir atbalst\u012bt studentus, kas uz\u0146emti Minesotas Universit\u0101tes M\u016bzikas skol\u0101 un kuriem ir bijusi pieredze ar Minesotas nekomerci\u0101lajiem kopienas m\u016bzikas programm\u0101m. \u012apa\u0161a uzman\u012bba tiek piev\u0113rsta jaunie\u0161iem no maz\u0101k aizsarg\u0101t\u0101m un maz\u0101k p\u0101rst\u0101v\u0113t\u0101m kopien\u0101m, lai mazin\u0101tu plaisu m\u016bzikas pieejam\u012bb\u0101 un iesp\u0113j\u0101s. Smits ir p\u0101rliecin\u0101ts par pla\u0161as m\u016bzikas izgl\u012bt\u012bbas ieguvumiem, kas vi\u0146am pa\u0161am pal\u012bdz\u0113ja att\u012bst\u012bt talantu un sekot sapnim.<\/p>\n<p>Universit\u0101te ne tikai deva vi\u0146a vec\u0101kiem pamatu veiksm\u012bgai dz\u012bvei un \u0123imenes nodro\u0161in\u0101\u0161anai, bet ar\u012b \u013c\u0101va Smitam pa\u0161am piepild\u012bt savu muzik\u0101lo sapni. Vi\u0146a vec\u0101ku atbalsts un universit\u0101tes izgl\u012bt\u012bba ir veicin\u0101ju\u0161i vi\u0146a m\u016b\u017ea ilgo m\u012blest\u012bbu pret m\u0101c\u012b\u0161anos un m\u0101kslu, kas agr\u0101 vecum\u0101 atkl\u0101ja vi\u0146am rado\u0161\u0101s pasaules.<\/p>\n<p>Pla\u0161\u0101ks sasniegums \u2013 stipendija ar\u012b Mi\u010diganas Universit\u0101t\u0113<\/p>\n<p>Ne tikai Minesot\u0101, bet ar\u012b \u010cada Smita dzimtaj\u0101 Mi\u010diganas \u0161tat\u0101 ir uzs\u0101kta l\u012bdz\u012bga iniciat\u012bva. Vi\u0146\u0161 ir izveidojis partner\u012bbu ar Mi\u010diganas Universit\u0101tes M\u016bzikas, te\u0101tra un dejas skolu, radot ar\u012b tur &#8220;Curtis &amp; Joan Smith&#8221; stipendiju. \u0160\u012b stipendija, t\u0101pat k\u0101 Minesotas variants, ir v\u0113rsta uz nepiecie\u0161am\u012bbas gad\u012bjum\u0101 sniedzamu atbalstu topo\u0161ajiem m\u016bzi\u0137iem, s\u0101kot ar 2026. gada rudeni. Vi\u0146a vec\u0101ku izgl\u012bt\u012bba \u0161aj\u0101 universit\u0101t\u0113 un atbalsts, ko vi\u0146i sniedza vi\u0146a muzik\u0101laj\u0101m amb\u012bcij\u0101m, ir bijis liels iedvesmas avots.<\/p>\n<p>Smits uzsver: \u201cMi\u010digana ir vieta, kur viss s\u0101k\u0101s man. Tur es iem\u0101c\u012bjos sp\u0113l\u0113t, tur es iem\u012bl\u0113jos m\u016bzik\u0101 un tur mani vec\u0101ki mani atbalst\u012bja ik uz so\u013ca. Sadarb\u012bba ar Mi\u010diganas Universit\u0101ti un vi\u0146u godin\u0101\u0161ana caur \u0161o stipendiju liekas k\u0101 atgrie\u0161an\u0101s m\u0101j\u0101s.\u201d Vi\u0146\u0161 cer sniegt jaunajiem m\u016bzi\u0137iem t\u0101du pa\u0161u iesp\u0113ju, k\u0101da bija vi\u0146am \u2013 drosmi sekot sapnim un padar\u012bt to par realit\u0101ti.<\/p>\n<p>Stipendiju fonda misija un turpm\u0101k\u0101 att\u012bst\u012bba<\/p>\n<p>&#8220;Chad Smith Foundation&#8221; misija ir papla\u0161in\u0101t piek\u013cuvi augstas kvalit\u0101tes m\u016bzikas izgl\u012bt\u012bbai un karjeras ce\u013ciem jaunajiem m\u016bzi\u0137iem vis\u0101 valst\u012b. Fonds cen\u0161as savienot kopienas m\u016bzikas skolu noz\u012bm\u012bgo darbu ar pasaules l\u012bme\u0146a universit\u0101\u0161u programm\u0101m, radot re\u0101las iesp\u0113jas n\u0101kamaj\u0101m paaudz\u0113m. \u0160\u012b stipendiju programma ne tikai main\u012bs dz\u012bves, bet ar\u012b stiprin\u0101s saikni ar svar\u012bg\u0101m kopienas m\u016bzikas programm\u0101m vis\u0101 \u0161tat\u0101.<\/p>\n<p>Smita iedvesmojo\u0161ais piem\u0113rs un filantropisk\u0101 darb\u012bba atspogu\u013co vi\u0146a dzi\u013co p\u0101rliec\u012bbu par m\u016bzikas un m\u0101kslas noz\u012bmi cilv\u0113ka att\u012bst\u012bb\u0101. Vi\u0146\u0161 uzskata, ka m\u016bzikas un m\u0101kslas izgl\u012bt\u012bba ir \u201cwin-win visiem\u201d, un vi\u0146a pa\u0161a pieredze pusaud\u017ea gados \u013c\u0101va vi\u0146am izvair\u012bties no iesp\u0113jamas noziedz\u012bgas dz\u012bves vai pat n\u0101ves.<\/p>\n<p>\u0160ie pas\u0101kumi liecina par \u010cada Smita v\u0113lmi dot atpaka\u013c sabiedr\u012bbai un atbalst\u012bt talant\u012bgus jaunie\u0161us, kuriem var\u0113tu neb\u016bt citu iesp\u0113ju att\u012bst\u012bt savu muzik\u0101lo potenci\u0101lu. Vi\u0146a centieni sniedz cer\u012bbu un iedro\u0161in\u0101jumu n\u0101kamaj\u0101m m\u016bzikas talantu paaudz\u0113m.<\/p>\n","protected":false},"excerpt":{"rendered":"\u010cada Smita fonds nodro\u0161ina m\u016bzikas izgl\u012bt\u012bbas pieejam\u012bbu jaunaj\u0101m paaudz\u0113m Slavenais rokgrupas &#8220;Red Hot Chili Peppers&#8221; bundzinieks \u010cads Smits,&hellip;\n","protected":false},"author":2,"featured_media":40537,"comment_status":"","ping_status":"","sticky":false,"template":"","format":"standard","meta":{"footnotes":""},"categories":[19],"tags":[11680,11684,89,90,35,39,38,36,37,34,40,11683,11681,11682],"class_list":{"0":"post-40536","1":"post","2":"type-post","3":"status-publish","4":"format-standard","5":"has-post-thumbnail","7":"category-izklaide","8":"tag-cads-smits","9":"tag-chad-smith-foundation","10":"tag-entertainment","11":"tag-izklaide","12":"tag-latvia","13":"tag-latvian","14":"tag-latviesu","15":"tag-latviesu-valoda","16":"tag-latviesuvaloda","17":"tag-latvija","18":"tag-lv","19":"tag-muzikas-izglitiba","20":"tag-red-hot-chili-peppers","21":"tag-stipendija"},"share_on_mastodon":{"url":"https:\/\/pubeurope.com\/@lv\/115496520435662875","error":""},"_links":{"self":[{"href":"https:\/\/www.europesays.com\/lv\/wp-json\/wp\/v2\/posts\/40536","targetHints":{"allow":["GET"]}}],"collection":[{"href":"https:\/\/www.europesays.com\/lv\/wp-json\/wp\/v2\/posts"}],"about":[{"href":"https:\/\/www.europesays.com\/lv\/wp-json\/wp\/v2\/types\/post"}],"author":[{"embeddable":true,"href":"https:\/\/www.europesays.com\/lv\/wp-json\/wp\/v2\/users\/2"}],"replies":[{"embeddable":true,"href":"https:\/\/www.europesays.com\/lv\/wp-json\/wp\/v2\/comments?post=40536"}],"version-history":[{"count":0,"href":"https:\/\/www.europesays.com\/lv\/wp-json\/wp\/v2\/posts\/40536\/revisions"}],"wp:featuredmedia":[{"embeddable":true,"href":"https:\/\/www.europesays.com\/lv\/wp-json\/wp\/v2\/media\/40537"}],"wp:attachment":[{"href":"https:\/\/www.europesays.com\/lv\/wp-json\/wp\/v2\/media?parent=40536"}],"wp:term":[{"taxonomy":"category","embeddable":true,"href":"https:\/\/www.europesays.com\/lv\/wp-json\/wp\/v2\/categories?post=40536"},{"taxonomy":"post_tag","embeddable":true,"href":"https:\/\/www.europesays.com\/lv\/wp-json\/wp\/v2\/tags?post=40536"}],"curies":[{"name":"wp","href":"https:\/\/api.w.org\/{rel}","templated":true}]}}