{"id":40597,"date":"2025-11-05T11:07:07","date_gmt":"2025-11-05T11:07:07","guid":{"rendered":"https:\/\/www.europesays.com\/lv\/40597\/"},"modified":"2025-11-05T11:07:07","modified_gmt":"2025-11-05T11:07:07","slug":"gimenes-vares-dzivot-drosa-vide-nakama-gada-budzetu-verte-silina","status":"publish","type":"post","link":"https:\/\/www.europesays.com\/lv\/40597\/","title":{"rendered":"&#8220;\u0122imenes var\u0113s dz\u012bvot dro\u0161\u0101 vid\u0113&#8221; \u2013 n\u0101kam\u0101 gada bud\u017eetu v\u0113rt\u0113 Sili\u0146a"},"content":{"rendered":"<p>2026. gada bud\u017eets paredz stipru pamatu dro\u0161\u0101kai Latvijas n\u0101kotnei un es tie\u0161\u0101m ticu, ka \u0123imenes var\u0113s dz\u012bvot dro\u0161\u0101 vid\u0113, tre\u0161dien, 5. novembr\u012b, <a rel=\"noopener nofollow\" target=\"_blank\" href=\"https:\/\/www.delfi.lv\/temas\/38952207\/saeima\" tag-id=\"38952207\">Saeimas<\/a> \u0101rk\u0101rtas s\u0113d\u0113 uzsv\u0113ra Ministru prezidente <a rel=\"noopener nofollow\" target=\"_blank\" href=\"https:\/\/www.delfi.lv\/temas\/55877428\/evika-silina\" tag-id=\"55877428\">Evika Sili\u0146a<\/a> (JV).<\/p>\n<p class=\"western\">\u0160odien Saeima pirmaj\u0101 las\u012bjum\u0101 skata 2026. gada bud\u017eeta projektu un to pavado\u0161os likumprojektus. <\/p>\n<p class=\"western\">Pirms debat\u0113m un balsojuma uzrunu Saeimai teica premjerministre, atz\u012bstot, ka n\u0101kam\u0101 gada valsts bud\u017eets noteikti nav tikai Saeimas darbs, bet ar\u012b dokuments, k\u0101rt\u012bba, ko gaida gan pa\u0161vald\u012bbas, gan Latvijas iedz\u012bvot\u0101ji.<\/p>\n<p class=\"western\">Uzrun\u0101 Sili\u0146a nor\u0101d\u012bja uz \u0123eopolitiskajiem izaicin\u0101jumiem, t\u0101p\u0113c 2026. gada bud\u017eet\u0101 vald\u012bba ir atradusi l\u012bdzsvaru starp &#8220;sapr\u0101t\u012bgu izdevumu samazin\u0101jumu un lietder\u012bgu ieguld\u012bjumu dro\u0161\u0101kai n\u0101kotn\u0113&#8221;.<\/p>\n<p class=\"western\">&#8220;\u0160is bud\u017eets ir v\u0113rsts uz sist\u0113misk\u0101m un palieko\u0161\u0101m p\u0101rmai\u0146\u0101m vair\u0101k\u0101s jom\u0101s, jo \u0161obr\u012bd ir j\u0101risina ilgsto\u0161i atliktas probl\u0113mas izgl\u012bt\u012bbas, soci\u0101laj\u0101, valsts p\u0101rvaldes jom\u0101,&#8221; pauda Ministru prezidente.<\/p>\n<p class=\"western\">Vi\u0146a st\u0101st\u012bja, ka, gatavojot 2025. gada bud\u017eetu, vald\u012bba veica b\u0101zes izdevumu samazin\u0101jumu par vismaz 171 miljonu eiro. <\/p>\n<p class=\"western\">&#8220;M\u0113s vienoj\u0101mies, ka t\u0101 neb\u016bs vienk\u0101r\u0161i taup\u012bba taup\u012bbas p\u0113c. Ir nepiecie\u0161amas izmai\u0146as lietder\u012bg\u0101 valsts p\u0101rvald\u012bb\u0101. Tie\u0161i dro\u0161\u012bba, \u0123imenes un izgl\u012bt\u012bba ir nacion\u0101l\u0101s izdz\u012bvo\u0161anas b\u0101ze \u0161obr\u012bd un ar\u012b lai m\u016bsu ekonomika var\u0113tu att\u012bst\u012bties,&#8221; sac\u012bja Sili\u0146a.<\/p>\n<p class=\"western\">Vi\u0146a v\u0113rs\u0101s pie Saeimas deput\u0101tiem, nor\u0101dot, ka no parlamenta l\u0113mumiem turpm\u0101kaj\u0101s dien\u0101s b\u016bs atkar\u012bgs, k\u0101d\u0101 valst\u012b dz\u012bvos m\u016bsu b\u0113rni, k\u0101 tiks sarg\u0101tas m\u016bsu m\u0101jas, k\u0101du tic\u012bbu Latvijai jut\u012bs ikviens cilv\u0113ks, kur\u0161 str\u0101d\u0101, audzina b\u0113rnus, m\u0101ca, m\u0101c\u0101s Latvij\u0101, vai sarg\u0101 valsti un t\u0101s robe\u017eas.<\/p>\n<p class=\"western\">&#8220;Bud\u017eeta centr\u0101 aiz cipariem, &#8220;Excel&#8221; tabul\u0101m un skait\u013ciem st\u0101v m\u016bsu visu Latvijas iedz\u012bvot\u0101ju intereses, m\u016bsu vec\u0101ki, Latvijas b\u0113rni un vi\u0146u redz\u0113jums par to, vai m\u0113s iedosim vi\u0146iem saj\u016btu par p\u0101rliec\u012bbu, par to, k\u0101da Latvija b\u016bs n\u0101kotn\u0113. T\u0101p\u0113c, run\u0101jot par katru priorit\u0101ti, es ar\u012b aicinu skat\u012bties uz to caur cilv\u0113ku un uz\u0146\u0113m\u0113ju ac\u012bm,&#8221; teca Sili\u0146a.<\/p>\n<p class=\"western\">Atbildot uz jaut\u0101jumu, k\u0101p\u0113c bud\u017eet\u0101 pardz\u0113ti tik lieli l\u012bdzek\u013ci dro\u0161\u012bbai, Sili\u0146a nor\u0101d\u012bja, ka m\u016bsu br\u012bv\u012bba un Latvijas valsts nav pa\u0161saprotamas v\u0113rt\u012bbas. &#8220;Br\u012bv\u012bbai ir cena, un es dom\u0101ju, ka to ir v\u0113rts maks\u0101t. T\u0101p\u0113c m\u0113s n\u0101kamgad turpin\u0101m atbalst\u012bt m\u016bsu dro\u0161\u012bbu un atbalst\u012bt ar\u012b Ukrainu, jo Ukraina \u0161obr\u012bd joproj\u0101m c\u012bn\u0101s par visas Eiropas dro\u0161\u012bbu,&#8221; sac\u012bja Ministru prezidente.<\/p>\n<p class=\"western\">Atbildot uz jaut\u0101jumu par finans\u0113jumu \u0123imen\u0113m, Sili\u0146a secin\u0101ja: &#8220;Ja neatbalst\u012bsim \u0123imenes tagad, tad diez vai p\u0113c simts gadiem sp\u0113sim piepild\u012bt Dziesmu sv\u0113tku estr\u0101di&#8221;. Vi\u0146a pauda p\u0101rliec\u012bbu, ka ar\u012b n\u0101kamajai Saeimai un vald\u012bbai 2027. gad\u0101 b\u016bs j\u0101turpina konsekventa \u0123ime\u0146u atbalsta politika un ieguld\u012bjumi izgl\u012bt\u012bb\u0101.<\/p>\n<p class=\"western\">Sili\u0146a nor\u0101d\u012bja deput\u0101tiem, ka Latvija nav sadal\u012bta pa frakcij\u0101m un partij\u0101m, jo visiem Latvija ir viena.<\/p>\n<p class=\"western\">&#8220;Cilv\u0113ki no mums gaida uz rezult\u0101tu orient\u0113tus un j\u0113gpilnus l\u0113mumus. M\u0113s visi p\u0101rst\u0101vam m\u016bsu Latvijas iedz\u012bvot\u0101ju intereses. M\u0113s esam tautas p\u0101rst\u0101vji \u2013 gan vald\u012bba, gan Saeima. Un es aicinu gan koal\u012bciju, gan opoz\u012bciju skat\u012bties p\u0101ri \u0161\u012bm ikdienas pretrun\u0101m un atbild\u0113t uz jaut\u0101jumu: ko \u0161is bud\u017eets dod katram iedz\u012bvot\u0101jam un ko \u0161is bud\u017eets dod sabiedr\u012bbai un Latvijas valstij kopum\u0101?&#8221; uzrun\u0101j pauda premjerministre.<\/p>\n<p class=\"western\">Savuk\u0101rt finan\u0161u ministrs <a rel=\"noopener nofollow\" target=\"_blank\" href=\"https:\/\/www.delfi.lv\/temas\/40409847\/arvils-aseradens\" tag-id=\"40409847\">Arvils A\u0161eradens<\/a> (JV) inform\u0113ja, ka 2026. gad\u0101 valsts konsolid\u0113t\u0101 bud\u017eeta ie\u0146\u0113mumi tiek pl\u0101noti 16,1 miljarda eiro apm\u0113r\u0101, savuk\u0101rt izdevumi \u2013 17,9 miljardu eiro apm\u0113r\u0101. Sal\u012bdzinot ar 2025. gada bud\u017eetu, 2026. gad\u0101 valsts bud\u017eeta ie\u0146\u0113mumi pl\u0101noti par 945 miljoniem eiro liel\u0101ki, savuk\u0101rt izdevumi \u2013 par 84 miljoniem eiro liel\u0101ki.<\/p>\n<p class=\"western\">Ministrs uzsv\u0113ra, ka n\u0101kam\u0101 gada bud\u017eeta veido\u0161ana notiek sare\u017e\u0123\u012bt\u0101 laik\u0101. &#8220;Laik\u0101, kad dro\u0161\u012bbas izaicin\u0101jumi Eirop\u0101 ir liel\u0101kie kop\u0161 Otr\u0101 pasaules kara; laik\u0101, kad kar\u0161 Ukrain\u0101, jauna Eiropas dro\u0161\u012bbas arhitekt\u016bra un Eiropas glob\u0101l\u0101 konkur\u0113tsp\u0113ja ir k\u013cuvusi par Eiropas Savien\u012bbas b\u016btisk\u0101kajiem politisk\u0101s darba k\u0101rt\u012bbas jaut\u0101jumiem; laik\u0101, kad dro\u0161\u012bbas, ekonomiskie un soci\u0101lie izaicin\u0101jumi saviju\u0161ies vien\u0101 kamol\u0101,&#8221; pauda A\u0161eradens.<\/p>\n<p class=\"western\">T\u0101pat vi\u0146\u0161 inform\u0113ja, ka, veidojot bud\u017eetu, vald\u012bbai bija j\u0101atrod l\u012bdzsvars starp aizsardz\u012bbas vajadz\u012bb\u0101m, soci\u0101lo atbild\u012bbu un ekonomiskajiem stimuliem. Ministrs pauda p\u0101rliec\u012bbu, ka bud\u017eets ir sagatavots valstiski atbild\u012bgi, tas fisk\u0101li sabalans\u0113ts un v\u0113rsts uz valsts n\u0101kotnes dro\u0161\u012bbu.<\/p>\n<p class=\"western\">&#8220;Bud\u017eet\u0101 Latvijas atbalsts kara plos\u012btajai Ukrainai paliek nemain\u012bgs. M\u0113s atbalst\u0101m Ukrainas ties\u012bbas uz neatkar\u012bbu l\u012bdz piln\u012bgai t\u0101s uzvarai. Latvija turpin\u0101s pild\u012bt vieno\u0161anos starp ab\u0101m valst\u012bm, nodro\u0161inot milit\u0101ro pal\u012bdz\u012bbu, k\u0101 ar\u012b sniegt maksim\u0101li hum\u0101no, civil\u0101s atjauno\u0161anas un diplom\u0101tisko atbalstu. Tas ir m\u016bsu pien\u0101kums un vienlaikus ar\u012b ieguld\u012bjums Latvijas dro\u0161\u012bb\u0101,&#8221; uzsv\u0113ra finan\u0161u ministrs.<\/p>\n<p class=\"m-0\">Seko &#8220;Delfi&#8221; ar\u012b  <a target=\"_blank\" href=\"https:\/\/www.instagram.com\/delfi.lv\/\" rel=\"nofollow noopener\">Instagram<\/a>  un <a target=\"_blank\" href=\"https:\/\/www.youtube.com\/channel\/UCw5foWtcJvAbUm64rv7jwUQ\" rel=\"nofollow noopener\">YouTube<\/a>  profil\u0101 \u2013 pievienojies, lai uzzin\u0101tu svar\u012bg\u0101ko un interesant\u0101ko pirmais!<\/p>\n<p>Publik\u0101cijas saturs vai t\u0101s jebk\u0101da apjoma da\u013ca ir aizsarg\u0101ts autorties\u012bbu objekts Autorties\u012bbu likuma izpratn\u0113, un t\u0101 izmanto\u0161ana bez izdev\u0113ja at\u013caujas ir aizliegta. Vair\u0101k lasi  <a target=\"_blank\" href=\"https:\/\/www.delfi.lv\/noteikumi#autortiesibas\" rel=\"nofollow noopener\">\u0161eit<\/a><script async src=\"\/\/www.instagram.com\/embed.js\"><\/script><\/p>\n","protected":false},"excerpt":{"rendered":"2026. gada bud\u017eets paredz stipru pamatu dro\u0161\u0101kai Latvijas n\u0101kotnei un es tie\u0161\u0101m ticu, ka \u0123imenes var\u0113s dz\u012bvot dro\u0161\u0101&hellip;\n","protected":false},"author":2,"featured_media":40598,"comment_status":"","ping_status":"","sticky":false,"template":"","format":"standard","meta":{"footnotes":""},"categories":[5],"tags":[23,3025,28,29,1040,1249,32,33,22,30,31,35,39,38,36,37,34,40,11702,20,26,27,141,24,25,21],"class_list":{"0":"post-40597","1":"post","2":"type-post","3":"status-publish","4":"format-standard","5":"has-post-thumbnail","7":"category-aktualitates","8":"tag-aktualitates","9":"tag-arvils-aseradens","10":"tag-breaking-news","11":"tag-breakingnews","12":"tag-budzets-2026","13":"tag-evika-silina","14":"tag-featured-news","15":"tag-featurednews","16":"tag-headlines","17":"tag-latest-news","18":"tag-latestnews","19":"tag-latvia","20":"tag-latvian","21":"tag-latviesu","22":"tag-latviesu-valoda","23":"tag-latviesuvaloda","24":"tag-latvija","25":"tag-lv","26":"tag-ministru-prezidents","27":"tag-news","28":"tag-popularakas-zinas","29":"tag-popularakaszinas","30":"tag-saeima","31":"tag-top-stories","32":"tag-topstories","33":"tag-zinas"},"share_on_mastodon":{"url":"https:\/\/pubeurope.com\/@lv\/115496776028055393","error":""},"_links":{"self":[{"href":"https:\/\/www.europesays.com\/lv\/wp-json\/wp\/v2\/posts\/40597","targetHints":{"allow":["GET"]}}],"collection":[{"href":"https:\/\/www.europesays.com\/lv\/wp-json\/wp\/v2\/posts"}],"about":[{"href":"https:\/\/www.europesays.com\/lv\/wp-json\/wp\/v2\/types\/post"}],"author":[{"embeddable":true,"href":"https:\/\/www.europesays.com\/lv\/wp-json\/wp\/v2\/users\/2"}],"replies":[{"embeddable":true,"href":"https:\/\/www.europesays.com\/lv\/wp-json\/wp\/v2\/comments?post=40597"}],"version-history":[{"count":0,"href":"https:\/\/www.europesays.com\/lv\/wp-json\/wp\/v2\/posts\/40597\/revisions"}],"wp:featuredmedia":[{"embeddable":true,"href":"https:\/\/www.europesays.com\/lv\/wp-json\/wp\/v2\/media\/40598"}],"wp:attachment":[{"href":"https:\/\/www.europesays.com\/lv\/wp-json\/wp\/v2\/media?parent=40597"}],"wp:term":[{"taxonomy":"category","embeddable":true,"href":"https:\/\/www.europesays.com\/lv\/wp-json\/wp\/v2\/categories?post=40597"},{"taxonomy":"post_tag","embeddable":true,"href":"https:\/\/www.europesays.com\/lv\/wp-json\/wp\/v2\/tags?post=40597"}],"curies":[{"name":"wp","href":"https:\/\/api.w.org\/{rel}","templated":true}]}}