{"id":40621,"date":"2025-11-05T11:37:07","date_gmt":"2025-11-05T11:37:07","guid":{"rendered":"https:\/\/www.europesays.com\/lv\/40621\/"},"modified":"2025-11-05T11:37:07","modified_gmt":"2025-11-05T11:37:07","slug":"viens-no-lielakajiem-partikas-mazumtirdzniecibas-uznemumiem-latvija-sanemis-18-miljonu-eiro-sodu-tv3-lv","status":"publish","type":"post","link":"https:\/\/www.europesays.com\/lv\/40621\/","title":{"rendered":"Viens no liel\u0101kajiem p\u0101rtikas mazumtirdzniec\u012bbas uz\u0146\u0113mumiem Latvij\u0101 sa\u0146\u0113mis 1,8 miljonu eiro sodu &#8211; tv3.lv"},"content":{"rendered":"<ol>\n<li><a href=\"https:\/\/news.google.com\/rss\/articles\/CBMixwFBVV95cUxQSWVyQjlOSm4zdExOS0h0aF9MRlVLUFFzNFRNRnVBb2lPNzcwWnhKQUpTZXFzSzRBTU5VLXVwM2Rrd3B3endhdEZjQmtQUVRINVNlMkhUaDVzNzFoNWVCRnk5OU9XeEhZTWg3RW1Ia1RkQlJOUjlaaU5UQ3NZcHhwYmFPTlMxblpZUDV1YXRFOFZnZ1luZ3pLMm5WeE9fWUJpV0R1OEdEdnQyZ3BtdTY5VTVVT1FqelcybXN2a19nbkhwc3B4X0Fz?oc=5\" target=\"_blank\" rel=\"nofollow noopener\">Viens no liel\u0101kajiem p\u0101rtikas mazumtirdzniec\u012bbas uz\u0146\u0113mumiem Latvij\u0101 sa\u0146\u0113mis 1,8 miljonu eiro sodu<\/a>&nbsp;&nbsp;tv3.lv<\/li>\n<li><a href=\"https:\/\/news.google.com\/rss\/articles\/CBMisAFBVV95cUxPWXRXQnBjRGVLcFJMN0c1NWdRTXRQNVZGT0JwYlBNREFJYW53VXZYSVhoSkF5OTh4Qm9CeVBQcDVxa0ZGVjNIc0R1U0xiYU1Mb3YwMnBaNERsLVhRSWNUTnZYQy1TS1FVeDV2bUl6eEtZanNmNGhxTV9uUHlTYnVfbWo3ZDVhWmxnOTdoT1BCWXhCdzliQXRnNDBJVjRjYUlKTFV4M0NWaTFxd0NPYUNZWQ?oc=5\" target=\"_blank\" rel=\"nofollow noopener\">Vienam no liel\u0101kajiem p\u0101rtikas mazumtirgot\u0101jiem Latvij\u0101 piem\u0113rots pr\u0101vs naudassods<\/a>&nbsp;&nbsp;TVNET<\/li>\n<li><a href=\"https:\/\/news.google.com\/rss\/articles\/CBMiwgFBVV95cUxOenZkanlPaFRaVElxLXdCRm9CS1J0cFIwd0trOFVEMVJjSm1QajhtS28zNG13cVVjd2pXT0hCUHNlQ0c1RnFEa2JLQkxvNGtSMmNBX3lqRldmMnJEQ1F4RHd5dFMxUmdpbk0ya0J5b3d0Um9KNHJBQUtkX1pDWVd3UjZDaV9iRmJXTHlWQlV0RWEtLVZfTmRUd0ZRaVJ0b2JnZy04YmpuTmhsSDRFN2JiN1JlM1Q5aWROQ3ZFdTlmWURXQQ?oc=5\" target=\"_blank\" rel=\"nofollow noopener\">KP lielam p\u0101rtikas mazumtirgot\u0101jam uzliek 1,8 miljonu eiro sodu<\/a>&nbsp;&nbsp;Delfi<\/li>\n<li><a href=\"https:\/\/news.google.com\/rss\/articles\/CBMiqgFBVV95cUxQRjhmZ0ZqVWdrODJoaTEtQUxZUHh5aXpCMkExUk5RQllENWU5RC1QSjJkOVdQV0ZCbGMxejM5WUU3cTR5Y1VMRzdtZXVRX2lIc0dpUnRGZk5yZWFQQnI1OUtQdEczQ0pxNjNiLS1zSDZyYjBhUTdXX0NYZmFhaHJyNTV1Y2p5Q3Q4aGFDUlBFUE9MTXcwY1phYjRYYnpWT2F0Q3ZJanN5STlzQQ?oc=5\" target=\"_blank\" rel=\"nofollow noopener\">1,8 miljonu eiro sods vienam no p\u0101rtikas mazumtirdzniec\u012bbas l\u012bderiem Latvij\u0101<\/a>&nbsp;&nbsp;Dienas Bizness<\/li>\n<li><a href=\"https:\/\/news.google.com\/rss\/articles\/CBMi4gFBVV95cUxOVlhERU1xUk81T3JEdTY1UkR4dFloSXNyNjk1OGVCVTJDd0poSndWV1FyS0VGN25taEFkaHlxb2tUNDRHOS1sV0Q5Y25wekxMLWNIcUMxU01PY1Y4ZllsLXhzUlhxcm1fb0pfZ1p1bXEydTVfOVhnM3g1TFdHOU1OTi15eF82UEtaZFN3Slk1eFBOUFhTOU9taU1uTFRvaEs3cHNoRXJtMWtDQ0pCLWxxZFRzVVR2TVBOYlVqR2wxTkxsNXFNYUdIVE1NdjBmVVcyeGlaTjRBamJNYTdfZkZla09B?oc=5\" target=\"_blank\" rel=\"nofollow noopener\">KP piem\u0113rojusi 1,8 miljonu eiro sodu vienam no liel\u0101kajiem p\u0101rtikas mazumtirdzniec\u012bbas uz\u0146\u0113mumiem Latvij\u0101<\/a>&nbsp;&nbsp;BauskasDzive.lv<\/li>\n<\/ol>\n","protected":false},"excerpt":{"rendered":"Viens no liel\u0101kajiem p\u0101rtikas mazumtirdzniec\u012bbas uz\u0146\u0113mumiem Latvij\u0101 sa\u0146\u0113mis 1,8 miljonu eiro sodu&nbsp;&nbsp;tv3.lv Vienam no liel\u0101kajiem p\u0101rtikas mazumtirgot\u0101jiem Latvij\u0101&hellip;\n","protected":false},"author":2,"featured_media":40622,"comment_status":"","ping_status":"","sticky":false,"template":"","format":"standard","meta":{"footnotes":""},"categories":[5],"tags":[23,28,29,32,33,22,11711,30,31,35,39,38,36,37,34,40,20,26,27,24,25,21],"class_list":{"0":"post-40621","1":"post","2":"type-post","3":"status-publish","4":"format-standard","5":"has-post-thumbnail","7":"category-aktualitates","8":"tag-aktualitates","9":"tag-breaking-news","10":"tag-breakingnews","11":"tag-featured-news","12":"tag-featurednews","13":"tag-headlines","14":"tag-konkurences-padomemazumtirdznieciba","15":"tag-latest-news","16":"tag-latestnews","17":"tag-latvia","18":"tag-latvian","19":"tag-latviesu","20":"tag-latviesu-valoda","21":"tag-latviesuvaloda","22":"tag-latvija","23":"tag-lv","24":"tag-news","25":"tag-popularakas-zinas","26":"tag-popularakaszinas","27":"tag-top-stories","28":"tag-topstories","29":"tag-zinas"},"share_on_mastodon":{"url":"https:\/\/pubeurope.com\/@lv\/115496894065737534","error":""},"_links":{"self":[{"href":"https:\/\/www.europesays.com\/lv\/wp-json\/wp\/v2\/posts\/40621","targetHints":{"allow":["GET"]}}],"collection":[{"href":"https:\/\/www.europesays.com\/lv\/wp-json\/wp\/v2\/posts"}],"about":[{"href":"https:\/\/www.europesays.com\/lv\/wp-json\/wp\/v2\/types\/post"}],"author":[{"embeddable":true,"href":"https:\/\/www.europesays.com\/lv\/wp-json\/wp\/v2\/users\/2"}],"replies":[{"embeddable":true,"href":"https:\/\/www.europesays.com\/lv\/wp-json\/wp\/v2\/comments?post=40621"}],"version-history":[{"count":0,"href":"https:\/\/www.europesays.com\/lv\/wp-json\/wp\/v2\/posts\/40621\/revisions"}],"wp:featuredmedia":[{"embeddable":true,"href":"https:\/\/www.europesays.com\/lv\/wp-json\/wp\/v2\/media\/40622"}],"wp:attachment":[{"href":"https:\/\/www.europesays.com\/lv\/wp-json\/wp\/v2\/media?parent=40621"}],"wp:term":[{"taxonomy":"category","embeddable":true,"href":"https:\/\/www.europesays.com\/lv\/wp-json\/wp\/v2\/categories?post=40621"},{"taxonomy":"post_tag","embeddable":true,"href":"https:\/\/www.europesays.com\/lv\/wp-json\/wp\/v2\/tags?post=40621"}],"curies":[{"name":"wp","href":"https:\/\/api.w.org\/{rel}","templated":true}]}}