{"id":40627,"date":"2025-11-05T11:42:10","date_gmt":"2025-11-05T11:42:10","guid":{"rendered":"https:\/\/www.europesays.com\/lv\/40627\/"},"modified":"2025-11-05T11:42:10","modified_gmt":"2025-11-05T11:42:10","slug":"ivo-nikkolo-baltman-un-baltika-bankrots-veikali-slegti-visa-baltija","status":"publish","type":"post","link":"https:\/\/www.europesays.com\/lv\/40627\/","title":{"rendered":"Ivo Nikkolo, Baltman un Baltika bankrots: veikali sl\u0113gti vis\u0101 Baltij\u0101"},"content":{"rendered":"<p class=\"descr\">Igaunijas modes industrij\u0101 ir beidzies laikmets: Harju apgabaltiesa pasludin\u0101ja par bankrot\u0113ju\u0161u AS Baltika meitasuz\u0146\u0113mumu un slaven\u0101 z\u012bmola Ivo Nikkolo mazumtirgot\u0101ju Baltman O\u00dc. Par to zi\u0146o Postimees.<\/p>\n<p>Ar <a href=\"https:\/\/nra.lv\/birka\/bankrots\/\" target=\"_blank\" rel=\"noopener nofollow\">bankrota<\/a> l\u0113mumu izbeidz viena no vec\u0101kajiem modes ra\u017eot\u0101jiem un mazumtirgot\u0101jiem Baltij\u0101 darb\u012bbu. Sl\u0113g\u0161anas br\u012bd\u012b Igaunij\u0101 bija paliku\u0161i septi\u0146i veikali, kas visi jau nestr\u0101d\u0101ja.<\/p>\n<p>Izpilddirektore Brigita Albertina atzina, ka pat sp\u0113c\u012bgs un atpaz\u012bstams z\u012bmols nevar\u0113tu izdz\u012bvot neliel\u0101 un konkur\u0113tsp\u0113j\u012bg\u0101 tirg\u016b. P\u0113c finan\u0161u direktora Margusa Oleska teikt\u0101, galvenais iemesls bija augst\u0101s ra\u017eo\u0161anas izmaksas Igaunij\u0101.<\/p>\n<p>Ar\u012b m\u0101tesuz\u0146\u0113mums Baltika Grupp iesniedza bankrota pieteikumu, p\u0101rtraucot darb\u012bbu ne tikai Igaunij\u0101, bet ar\u012b Latvij\u0101 un Lietuv\u0101, k\u0101 ar\u012b sl\u0113dzot visus interneta veikalus.<\/p>\n<blockquote><p>Turpm\u0101kaj\u0101s ned\u0113\u013c\u0101s bankrota proced\u016bras ietvaros tiks atlaisti visi 120 grupas darbinieki, tostarp 70 darbinieki Igaunij\u0101, 21 Latvij\u0101 un 29 Lietuv\u0101.<\/p><\/blockquote>\n<p>Uz\u0146\u0113mums paskaidroja, ka l\u0113mumu ietekm\u0113ja ilgsto\u0161as \u200b\u200bekonomisk\u0101s gr\u016bt\u012bbas un nelabv\u0113l\u012bgi tirgus apst\u0101k\u013ci. Baltika iepriek\u0161 bija veikusi finan\u0161u p\u0101rstruktur\u0113\u0161anu, ta\u010du jauna finan\u0161u p\u0101rstruktur\u0113\u0161ana izr\u0101d\u012bj\u0101s neiesp\u0113jama.<\/p>\n<p>Neskatoties uz bankrotu, m\u0101tesuz\u0146\u0113mums ELG Grupp apsver iesp\u0113ju saglab\u0101t un atk\u0101rtoti laist klaj\u0101 Ivo Nikkolo z\u012bmolu, izmantojot vairumtirdzniec\u012bbas un tie\u0161saistes p\u0101rdo\u0161anu Eiropas tirg\u016b.<\/p>\n<p>Grupas p\u0101rst\u0101vis Indreks Rahumaa pazi\u0146oja:<\/p>\n<p>&#8220;M\u0113s esam tic\u0113ju\u0161i un turpin\u0101m tic\u0113t Ivo Nikkolo z\u012bmola sp\u0113kam. Tom\u0113r ekonomiskie apst\u0101k\u013ci Baltij\u0101 vairs ne\u013cauj mums \u012bstenot iepriek\u0161\u0113jo mazumtirdzniec\u012bbas strat\u0113\u0123iju. Lai gan \u0161\u012b noda\u013ca tuvojas beig\u0101m, m\u0113s neizsl\u0113dzam z\u012bmola atgrie\u0161anos n\u0101kotn\u0113.&#8221;<\/p>\n<p>Dibin\u0101ts 20. gs. asto\u0146desmito gadu beig\u0101s, Baltman bija Igaunijas modes simbols un ilgu laiku tika uzskat\u012bts par vienu no nedaudzajiem veiksm\u012bgajiem viet\u0113jiem ra\u017eot\u0101jiem, kas papla\u0161in\u0101ja savu darb\u012bbu \u0101rpus viet\u0113j\u0101 tirgus.<\/p>\n<p>\t\t\t\t\t\tinfo<\/p>\n<p>Uzzini pirmais<br \/>kas interesants noticis Latvij\u0101 un pasaul\u0113,<br \/>pievienojoties mums <a href=\"https:\/\/t.me\/neatkariga\" rel=\"nofollow\">Telegram<\/a> vai <a href=\"https:\/\/whatsapp.com\/channel\/0029VaMLFUH5K3zLU5s4wm3y\" rel=\"nofollow noopener\" target=\"_blank\">Whatsapp<\/a> kan\u0101l\u0101<\/p>\n","protected":false},"excerpt":{"rendered":"Igaunijas modes industrij\u0101 ir beidzies laikmets: Harju apgabaltiesa pasludin\u0101ja par bankrot\u0113ju\u0161u AS Baltika meitasuz\u0146\u0113mumu un slaven\u0101 z\u012bmola Ivo&hellip;\n","protected":false},"author":2,"featured_media":40628,"comment_status":"","ping_status":"","sticky":false,"template":"","format":"standard","meta":{"footnotes":""},"categories":[12],"tags":[23,28,29,32,33,22,30,31,35,39,38,36,37,34,40,20,26,27,24,25,21],"class_list":{"0":"post-40627","1":"post","2":"type-post","3":"status-publish","4":"format-standard","5":"has-post-thumbnail","7":"category-latvija","8":"tag-aktualitates","9":"tag-breaking-news","10":"tag-breakingnews","11":"tag-featured-news","12":"tag-featurednews","13":"tag-headlines","14":"tag-latest-news","15":"tag-latestnews","16":"tag-latvia","17":"tag-latvian","18":"tag-latviesu","19":"tag-latviesu-valoda","20":"tag-latviesuvaloda","21":"tag-latvija","22":"tag-lv","23":"tag-news","24":"tag-popularakas-zinas","25":"tag-popularakaszinas","26":"tag-top-stories","27":"tag-topstories","28":"tag-zinas"},"share_on_mastodon":{"url":"https:\/\/pubeurope.com\/@lv\/115496913734288142","error":""},"_links":{"self":[{"href":"https:\/\/www.europesays.com\/lv\/wp-json\/wp\/v2\/posts\/40627","targetHints":{"allow":["GET"]}}],"collection":[{"href":"https:\/\/www.europesays.com\/lv\/wp-json\/wp\/v2\/posts"}],"about":[{"href":"https:\/\/www.europesays.com\/lv\/wp-json\/wp\/v2\/types\/post"}],"author":[{"embeddable":true,"href":"https:\/\/www.europesays.com\/lv\/wp-json\/wp\/v2\/users\/2"}],"replies":[{"embeddable":true,"href":"https:\/\/www.europesays.com\/lv\/wp-json\/wp\/v2\/comments?post=40627"}],"version-history":[{"count":0,"href":"https:\/\/www.europesays.com\/lv\/wp-json\/wp\/v2\/posts\/40627\/revisions"}],"wp:featuredmedia":[{"embeddable":true,"href":"https:\/\/www.europesays.com\/lv\/wp-json\/wp\/v2\/media\/40628"}],"wp:attachment":[{"href":"https:\/\/www.europesays.com\/lv\/wp-json\/wp\/v2\/media?parent=40627"}],"wp:term":[{"taxonomy":"category","embeddable":true,"href":"https:\/\/www.europesays.com\/lv\/wp-json\/wp\/v2\/categories?post=40627"},{"taxonomy":"post_tag","embeddable":true,"href":"https:\/\/www.europesays.com\/lv\/wp-json\/wp\/v2\/tags?post=40627"}],"curies":[{"name":"wp","href":"https:\/\/api.w.org\/{rel}","templated":true}]}}