{"id":40629,"date":"2025-11-05T11:43:08","date_gmt":"2025-11-05T11:43:08","guid":{"rendered":"https:\/\/www.europesays.com\/lv\/40629\/"},"modified":"2025-11-05T11:43:08","modified_gmt":"2025-11-05T11:43:08","slug":"video-%e2%9f%a9-vitolins-olimpiskaja-sezona-informe-par-latvijas-izlases-gatavosanos-vacijas-kausam","status":"publish","type":"post","link":"https:\/\/www.europesays.com\/lv\/40629\/","title":{"rendered":"VIDEO \u27e9 V\u012btoli\u0146\u0161 olimpiskaj\u0101 sezon\u0101 inform\u0113 par Latvijas izlases gatavo\u0161anos V\u0101cijas kausam"},"content":{"rendered":"<p>Iepriek\u0161 bija pl\u0101nots, ka uz novembra p\u0101rbaudes sp\u0113l\u0113m izsauks v\u0101rtsargu Kristeru Gud\u013cevski, bet Ivars Punnenovs pievienosies izlasei decembr\u012b.<\/p>\n<p>Gud\u013cevska trauma viesusi korekcijas, t\u0101p\u0113c novembr\u012b ierind\u0101 Punnenovs. V\u012btoli\u0146\u0161 uzskata, ka \u0161iem abiem v\u0101rtsargiem nav vajadz\u012bbas vienlaic\u012bgi b\u016bt kandid\u0101tu lok\u0101.<\/p>\n<p>&#8220;Ivars nomin\u0101li ir ceturtais numurs Latvijas hokej\u0101. S\u0101kum\u0101 bija doma Gud\u013cevski izsaukt novembr\u012b, bet Ivaru decembr\u012b,&#8221; past\u0101st\u012bja treneris.<\/p>\n<p>&#8220;Par v\u0101rtsargu l\u012bniju j\u016btamies visdro\u0161\u0101k. Elvis (Merz\u013cikins) un Art\u016brs (\u0160ilovs) r\u0101da labu sniegumu (NHL),&#8221; turpin\u0101ja V\u012btoli\u0146\u0161.<\/p>\n<p>Treneris atz\u012bm\u0113ja, ka ar\u012b Gustavs Grigals un \u0112riks V\u012btols ir labi v\u0101rtsargi. &#8220;Galvenais ir vesel\u012bba,&#8221; piebilda V\u012btoli\u0146\u0161.<\/p>\n<p>Izlases kandid\u0101tu lok\u0101 iek\u013cauts ar\u012b 17 gadus vecais Alberts \u0160mits, kuram prognoz\u0113 \u013coti augstu vietu n\u0101kam\u0101 gada NHL draft\u0101.<\/p>\n<p>\u0160mits \u0161osezon Somijas augst\u0101kaj\u0101 l\u012bg\u0101 19 ma\u010dos sakr\u0101jis desmit rezultativit\u0101tes punktus (6+4).<\/p>\n<p>&#8220;Vi\u0146\u0161 sp\u0113l\u0113 20+ min\u016btes pirmaj\u0101 mai\u0146\u0101. Vi\u0146\u0161 ir gatavs pieaugu\u0161o hokejam. Gribas redz\u0113t vi\u0146u dz\u012bv\u0113, k\u0101 vi\u0146\u0161 izskat\u0101s izlas\u0113. Iesp\u0113jas tikt uz olimpiskaj\u0101m sp\u0113l\u0113m ir lielas,&#8221; talant\u012bgo \u0160mitu v\u0113rt\u0113ja V\u012btoli\u0146\u0161.<\/p>\n<p>&#8220;Alberts neizv\u0113las tos vienk\u0101r\u0161\u0101kos ce\u013cus. Vi\u0146\u0161 nevair\u0101s no atbild\u012bbas. Vi\u0146am ir sp\u0113c\u012bgs un prec\u012bzs metiens, turpin\u0101ja Latvijas izlases galvenais treneris.<\/p>\n<p>Latvijas izlase pirmo sp\u0113li aizvad\u012bs 6. novembr\u012b, plkst. 20.45, tiekoties ar V\u0101ciju.<\/p>\n<p>8. novembr\u012b, plkst. 12., trnera V\u012btoli\u0146a vad\u012bt\u0101 komanda tiksies ar Slov\u0101kiju.,<\/p>\n<p>Dienu v\u0113l\u0101k, plkst. 12, Latvijas izlase turn\u012bru nosl\u0113gs ar c\u012b\u0146u pret Austriju.<\/p>\n<p>Tie\u0161raid\u0113 visas Latvijas izlases sp\u0113les V\u0101cijas kaus\u0101 var\u0113s v\u0113rot telev\u012bzijas kan\u0101l\u0101 TV6.<\/p>\n<p>V\u012btoli\u0146am turn\u012br\u0101 pal\u012bdz\u0113s treneri Lauris D\u0101rzi\u0146\u0161, Sandis Ozoli\u0146\u0161, Raimonds Vilkoits, Peteri Nummelins, v\u0101rtsargu treneris Art\u016brs Irbe un fizisk\u0101s sagatavot\u012bbas treneris \u0112riks Visockis.<\/p>\n<p>Latvijas izlase \u0161aj\u0101s sacens\u012bb\u0101s ir start\u0113jusi tikai vienu reizi, 2020. gad\u0101 triumf\u0113jot turn\u012br\u0101. Covid-19 ierobe\u017eojumu d\u0113\u013c turn\u012br\u0101 piedal\u012bj\u0101s tr\u012bs komandas &#8211; Latvijas valstsvien\u012bba, V\u0101cijas izlase un V\u0101cijas U-23 komanda.<\/p>\n<p>2026. gada ziemas olimpisko sp\u0113\u013cu hokeja turn\u012brs Mil\u0101n\u0101 risin\u0101sies no 5. l\u012bdz 22. febru\u0101rim. Latvijas izlase grupu turn\u012br\u0101 sp\u0113kosies ar ASV, V\u0101ciju un D\u0101niju.<\/p>\n","protected":false},"excerpt":{"rendered":"Iepriek\u0161 bija pl\u0101nots, ka uz novembra p\u0101rbaudes sp\u0113l\u0113m izsauks v\u0101rtsargu Kristeru Gud\u013cevski, bet Ivars Punnenovs pievienosies izlasei decembr\u012b.&hellip;\n","protected":false},"author":2,"featured_media":40630,"comment_status":"","ping_status":"","sticky":false,"template":"","format":"standard","meta":{"footnotes":""},"categories":[5],"tags":[23,28,29,32,33,4242,22,836,394,721,30,31,35,39,38,36,37,34,1532,40,20,26,27,24,25,4019,1994,21],"class_list":{"0":"post-40629","1":"post","2":"type-post","3":"status-publish","4":"format-standard","5":"has-post-thumbnail","7":"category-aktualitates","8":"tag-aktualitates","9":"tag-breaking-news","10":"tag-breakingnews","11":"tag-featured-news","12":"tag-featurednews","13":"tag-harijs-vitolins","14":"tag-headlines","15":"tag-hokeja-jaunumi","16":"tag-hokejs","17":"tag-hokejs-pasaule","18":"tag-latest-news","19":"tag-latestnews","20":"tag-latvia","21":"tag-latvian","22":"tag-latviesu","23":"tag-latviesu-valoda","24":"tag-latviesuvaloda","25":"tag-latvija","26":"tag-latvijas-hokeja-izlase","27":"tag-lv","28":"tag-news","29":"tag-popularakas-zinas","30":"tag-popularakaszinas","31":"tag-top-stories","32":"tag-topstories","33":"tag-tvnet-saturs","34":"tag-video","35":"tag-zinas"},"share_on_mastodon":{"url":"https:\/\/pubeurope.com\/@lv\/115496917642484638","error":""},"_links":{"self":[{"href":"https:\/\/www.europesays.com\/lv\/wp-json\/wp\/v2\/posts\/40629","targetHints":{"allow":["GET"]}}],"collection":[{"href":"https:\/\/www.europesays.com\/lv\/wp-json\/wp\/v2\/posts"}],"about":[{"href":"https:\/\/www.europesays.com\/lv\/wp-json\/wp\/v2\/types\/post"}],"author":[{"embeddable":true,"href":"https:\/\/www.europesays.com\/lv\/wp-json\/wp\/v2\/users\/2"}],"replies":[{"embeddable":true,"href":"https:\/\/www.europesays.com\/lv\/wp-json\/wp\/v2\/comments?post=40629"}],"version-history":[{"count":0,"href":"https:\/\/www.europesays.com\/lv\/wp-json\/wp\/v2\/posts\/40629\/revisions"}],"wp:featuredmedia":[{"embeddable":true,"href":"https:\/\/www.europesays.com\/lv\/wp-json\/wp\/v2\/media\/40630"}],"wp:attachment":[{"href":"https:\/\/www.europesays.com\/lv\/wp-json\/wp\/v2\/media?parent=40629"}],"wp:term":[{"taxonomy":"category","embeddable":true,"href":"https:\/\/www.europesays.com\/lv\/wp-json\/wp\/v2\/categories?post=40629"},{"taxonomy":"post_tag","embeddable":true,"href":"https:\/\/www.europesays.com\/lv\/wp-json\/wp\/v2\/tags?post=40629"}],"curies":[{"name":"wp","href":"https:\/\/api.w.org\/{rel}","templated":true}]}}