{"id":40655,"date":"2025-11-05T12:02:12","date_gmt":"2025-11-05T12:02:12","guid":{"rendered":"https:\/\/www.europesays.com\/lv\/40655\/"},"modified":"2025-11-05T12:02:12","modified_gmt":"2025-11-05T12:02:12","slug":"roberts-balanas-atgriezas-latvija-ar-jaunu-koncertprogrammu-pirms-ziemassvetkiem","status":"publish","type":"post","link":"https:\/\/www.europesays.com\/lv\/40655\/","title":{"rendered":"Roberts Balanas atgrie\u017eas Latvij\u0101 ar jaunu koncertprogrammu pirms Ziemassv\u0113tkiem"},"content":{"rendered":"<p>Koncert\u0101 R\u012bg\u0101 skan\u0113s Roberta ori\u0123in\u0101l\u0101s klasisk\u0101s un popul\u0101r\u0101s m\u016bzikas aran\u017eijas vijolei un st\u012bgu ansamblim, k\u0101 ar\u012b klaus\u012bt\u0101ju iem\u012b\u013coti ska\u0146darbi vi\u0146a versij\u0101 solo un elektriskajai vijolei. T\u0101 b\u016bs pirm\u0101 iesp\u0113ja dzird\u0113t programmu, ar kuras vari\u0101cij\u0101m m\u0101kslinieks n\u0101kamgad dosies t\u016br\u0113 pa pasaulslaven\u0101m koncertz\u0101l\u0113m &#8211; Concertgebouw Amsterdam\u0101, Palau de la M\u00fasica Catalana Barselon\u0101, K\u00fchlhaus Berl\u012bn\u0113 un citur.<\/p>\n<p>\u201c\u0160\u012b programma ietver vair\u0101kas manas aran\u017eijas vijolei un st\u012bgu ansamblim, instrument\u0101cijai, kas man \u013cauj izpausties ar neticami pla\u0161\u0101m ska\u0146u pasaul\u0113m. Un pirmo reizi atska\u0146ot \u0161o m\u016bziku tie\u0161i m\u0101j\u0101s Ziemassv\u0113tku laik\u0101\u2026 tas b\u016bs super!\u201d saka Balanas.<\/p>\n<p>Roberts Balanas un RWCMD String Orchestra &#8211; Bohemian Rhapsody<\/p>\n<p>\u00a0<\/p>\n<p>Gatavojot \u0161o koncertprogrammu, Roberts public\u0113jis jaunu video kop\u0101 ar Velsas Karalisk\u0101s m\u016bzikas akad\u0113mijas studentiem, atska\u0146ojot grupas Queen klasiku \u201cBohemian Rhapsody\u201d 50. gadadien\u0101, kop\u0161 dziesma tika izdota. Ieraksts guvis pla\u0161u rezonansi un pag\u0101ju\u0161oned\u0113\u013c tika atska\u0146ots ar\u012b BBC Radio 4 Today raid\u012bjuma \u0113ter\u0101, kuram ik ned\u0113\u013cu piesl\u0113dzas apm\u0113ram 5,7 miljoni klaus\u012bt\u0101ju.<\/p>\n<p>Roberts Balanas ir paz\u012bstams k\u0101 m\u016bzi\u0137is, kur\u0161 nojauc robe\u017eas starp klasisko un m\u016bsdienu m\u016bziku, radot jaunu, ener\u0123\u0113tisku un emocion\u0101li bag\u0101tu skan\u0113jumu. Ar sav\u0101m radik\u0101laj\u0101m aran\u017eij\u0101m solo vijolei Balanas guvis miljoniem skat\u012bjumu soci\u0101lajos t\u012bklos un k\u013cuvis par vienu no atpaz\u012bstam\u0101kajiem Latvijas m\u016bzi\u0137iem pasaul\u0113. Vi\u0146a vijoles virtuozit\u0101ti atzin\u012bgi nov\u0113rt\u0113ju\u0161i Eltons D\u017eons, D\u017eeikobs Koljers, k\u0101 ar\u012b grupu Pink Floyd un Vulfpeck dal\u012bbnieki.<\/p>\n","protected":false},"excerpt":{"rendered":"Koncert\u0101 R\u012bg\u0101 skan\u0113s Roberta ori\u0123in\u0101l\u0101s klasisk\u0101s un popul\u0101r\u0101s m\u016bzikas aran\u017eijas vijolei un st\u012bgu ansamblim, k\u0101 ar\u012b klaus\u012bt\u0101ju iem\u012b\u013coti&hellip;\n","protected":false},"author":2,"featured_media":40656,"comment_status":"","ping_status":"","sticky":false,"template":"","format":"standard","meta":{"footnotes":""},"categories":[19],"tags":[89,90,202,64,35,39,38,36,37,34,40,9687],"class_list":{"0":"post-40655","1":"post","2":"type-post","3":"status-publish","4":"format-standard","5":"has-post-thumbnail","7":"category-izklaide","8":"tag-entertainment","9":"tag-izklaide","10":"tag-koncerts","11":"tag-kultura","12":"tag-latvia","13":"tag-latvian","14":"tag-latviesu","15":"tag-latviesu-valoda","16":"tag-latviesuvaloda","17":"tag-latvija","18":"tag-lv","19":"tag-ziemassvetki"},"share_on_mastodon":{"url":"https:\/\/pubeurope.com\/@lv\/115496992305309627","error":""},"_links":{"self":[{"href":"https:\/\/www.europesays.com\/lv\/wp-json\/wp\/v2\/posts\/40655","targetHints":{"allow":["GET"]}}],"collection":[{"href":"https:\/\/www.europesays.com\/lv\/wp-json\/wp\/v2\/posts"}],"about":[{"href":"https:\/\/www.europesays.com\/lv\/wp-json\/wp\/v2\/types\/post"}],"author":[{"embeddable":true,"href":"https:\/\/www.europesays.com\/lv\/wp-json\/wp\/v2\/users\/2"}],"replies":[{"embeddable":true,"href":"https:\/\/www.europesays.com\/lv\/wp-json\/wp\/v2\/comments?post=40655"}],"version-history":[{"count":0,"href":"https:\/\/www.europesays.com\/lv\/wp-json\/wp\/v2\/posts\/40655\/revisions"}],"wp:featuredmedia":[{"embeddable":true,"href":"https:\/\/www.europesays.com\/lv\/wp-json\/wp\/v2\/media\/40656"}],"wp:attachment":[{"href":"https:\/\/www.europesays.com\/lv\/wp-json\/wp\/v2\/media?parent=40655"}],"wp:term":[{"taxonomy":"category","embeddable":true,"href":"https:\/\/www.europesays.com\/lv\/wp-json\/wp\/v2\/categories?post=40655"},{"taxonomy":"post_tag","embeddable":true,"href":"https:\/\/www.europesays.com\/lv\/wp-json\/wp\/v2\/tags?post=40655"}],"curies":[{"name":"wp","href":"https:\/\/api.w.org\/{rel}","templated":true}]}}