{"id":40691,"date":"2025-11-05T12:53:08","date_gmt":"2025-11-05T12:53:08","guid":{"rendered":"https:\/\/www.europesays.com\/lv\/40691\/"},"modified":"2025-11-05T12:53:08","modified_gmt":"2025-11-05T12:53:08","slug":"nujorka-nodevusi-savas-atslegas-hamas-atbalstitajam","status":"publish","type":"post","link":"https:\/\/www.europesays.com\/lv\/40691\/","title":{"rendered":"\u0145ujorka nodevusi savas atsl\u0113gas &#8220;Ham\u0101s&#8221; atbalst\u012bt\u0101jam"},"content":{"rendered":"<p>\u0160ikli aicin\u0101ja \u0145ujorkas ebrejus p\u0101rcelties uz Izra\u0113lu p\u0113c Mamdani uzvaras v\u0113l\u0113\u0161an\u0101s.<\/p>\n<p>&#8220;Pils\u0113ta, kas reiz bija pasaules br\u012bv\u012bbas simbols, ir nodevusi savas atsl\u0113gas &#8220;Ham\u0101s&#8221; atbalst\u012bt\u0101jam,&#8221; platform\u0101 &#8220;X&#8221; pazi\u0146oja \u0160ikli. Vi\u0146apr\u0101t, Mamdani uzskati nav t\u0101lu no to &#8220;d\u017eih\u0101distu fan\u0101ti\u0137u uzskatiem&#8221;, kas sar\u012bkoja 11. septembra teroraktus.<\/p>\n<p>34 gadus vecais Mamdani k\u013c\u016bs par pirmo musulmani \u0145ujorkas m\u0113ra amat\u0101 un par vienu no iev\u0113rojam\u0101kajiem v\u0113l\u0113tajiem <a href=\"https:\/\/www.apollo.lv\/term\/555410\/asv\" class=\"topicLink\" target=\"_blank\" rel=\"nofollow noopener\">ASV<\/a> prezidenta Donalda Trampa pretiniekiem. Pl\u0101nots, ka vi\u0146\u0161 st\u0101sies m\u0113ra amat\u0101 janv\u0101r\u012b.<\/p>\n<p>Mamdani p\u0113d\u0113jos m\u0113ne\u0161os ir publiski nosod\u012bjis gan antisem\u012btismu, gan islamofobiju. Vi\u0146\u0161 izsenis ir atbalst\u012bjis palest\u012bnie\u0161us un Izra\u0113lu nod\u0113v\u0113jis par &#8220;aparte\u012bda re\u017e\u012bmu&#8221;, bet karu Gazas josl\u0101 par genoc\u012bdu.<\/p>\n<p>&#8220;\u0145ujorka nekad vairs neb\u016bs t\u0101da pati, jo \u012bpa\u0161i t\u0101s ebreju kopienai. Pils\u0113ta ar atv\u0113rt\u0101m ac\u012bm dodas bezdiben\u012b, kur\u0101 Londona jau ir iegrimusi,&#8221; uzskata \u0160ikli.<\/p>\n<p>Mamdani kampa\u0146a sask\u0101r\u0101s ar asiem uzbrukumiem vi\u0146a politikai un izcelsmei no biznesa elites, konservat\u012bvo mediju un ASV prezidenta Donalda Trampa puses. Tramps otrdien sav\u0101 platform\u0101 &#8220;Truth Social&#8221; nod\u0113v\u0113ja Mamdani par &#8220;ebreju ienaidnieku&#8221;.<\/p>\n","protected":false},"excerpt":{"rendered":"\u0160ikli aicin\u0101ja \u0145ujorkas ebrejus p\u0101rcelties uz Izra\u0113lu p\u0113c Mamdani uzvaras v\u0113l\u0113\u0161an\u0101s. &#8220;Pils\u0113ta, kas reiz bija pasaules br\u012bv\u012bbas simbols,&hellip;\n","protected":false},"author":2,"featured_media":40310,"comment_status":"","ping_status":"","sticky":false,"template":"","format":"standard","meta":{"footnotes":""},"categories":[14],"tags":[23,57,292,28,29,32,33,1272,22,493,503,30,31,35,39,38,36,37,34,40,20,26,27,24,25,54,55,56,21,58],"class_list":{"0":"post-40691","1":"post","2":"type-post","3":"status-publish","4":"format-standard","5":"has-post-thumbnail","7":"category-zinas-no-arvalstim","8":"tag-aktualitates","9":"tag-arvalstim","10":"tag-asv","11":"tag-breaking-news","12":"tag-breakingnews","13":"tag-featured-news","14":"tag-featurednews","15":"tag-hamas","16":"tag-headlines","17":"tag-izraela","18":"tag-izraelas-palestiniesu-konflikts","19":"tag-latest-news","20":"tag-latestnews","21":"tag-latvia","22":"tag-latvian","23":"tag-latviesu","24":"tag-latviesu-valoda","25":"tag-latviesuvaloda","26":"tag-latvija","27":"tag-lv","28":"tag-news","29":"tag-popularakas-zinas","30":"tag-popularakaszinas","31":"tag-top-stories","32":"tag-topstories","33":"tag-world","34":"tag-world-news","35":"tag-worldnews","36":"tag-zinas","37":"tag-zinas-no-arvalstim"},"share_on_mastodon":{"url":"https:\/\/pubeurope.com\/@lv\/115497192890983223","error":""},"_links":{"self":[{"href":"https:\/\/www.europesays.com\/lv\/wp-json\/wp\/v2\/posts\/40691","targetHints":{"allow":["GET"]}}],"collection":[{"href":"https:\/\/www.europesays.com\/lv\/wp-json\/wp\/v2\/posts"}],"about":[{"href":"https:\/\/www.europesays.com\/lv\/wp-json\/wp\/v2\/types\/post"}],"author":[{"embeddable":true,"href":"https:\/\/www.europesays.com\/lv\/wp-json\/wp\/v2\/users\/2"}],"replies":[{"embeddable":true,"href":"https:\/\/www.europesays.com\/lv\/wp-json\/wp\/v2\/comments?post=40691"}],"version-history":[{"count":0,"href":"https:\/\/www.europesays.com\/lv\/wp-json\/wp\/v2\/posts\/40691\/revisions"}],"wp:featuredmedia":[{"embeddable":true,"href":"https:\/\/www.europesays.com\/lv\/wp-json\/wp\/v2\/media\/40310"}],"wp:attachment":[{"href":"https:\/\/www.europesays.com\/lv\/wp-json\/wp\/v2\/media?parent=40691"}],"wp:term":[{"taxonomy":"category","embeddable":true,"href":"https:\/\/www.europesays.com\/lv\/wp-json\/wp\/v2\/categories?post=40691"},{"taxonomy":"post_tag","embeddable":true,"href":"https:\/\/www.europesays.com\/lv\/wp-json\/wp\/v2\/tags?post=40691"}],"curies":[{"name":"wp","href":"https:\/\/api.w.org\/{rel}","templated":true}]}}