{"id":40707,"date":"2025-11-05T13:03:12","date_gmt":"2025-11-05T13:03:12","guid":{"rendered":"https:\/\/www.europesays.com\/lv\/40707\/"},"modified":"2025-11-05T13:03:12","modified_gmt":"2025-11-05T13:03:12","slug":"15-xi-saha-turnirs-jaunais-sahists-pinkos","status":"publish","type":"post","link":"https:\/\/www.europesays.com\/lv\/40707\/","title":{"rendered":"15.XI \u0160aha turn\u012brs &#8220;Jaunais \u0161ahists&#8221; Pi\u0146\u0137os"},"content":{"rendered":"<p>15.novembr\u012b no\u00a0plkst.10.00\u00a0Bab\u012btes vidusskol\u0101 Pi\u0146\u0137os notiks \u0161aha turn\u012bra &#8220;Jaunais \u0161ahists&#8221; ceturtais posms. Sacens\u012bbas paredz\u0113tas 1.-12.kla\u0161u skol\u0113niem, kuri ir M\u0101rupes novada pa\u0161vald\u012bbas izl\u012bt\u012bbas iest\u0101\u017eu \u0161aha pulci\u0146a dal\u012bbnieki, k\u0101 ar\u012b citiem interesentiem. A grup\u0101 sacent\u012bsies dal\u012bbnieki ar pirmo, otro, tre\u0161o vai ceturto sporta klasi, bet B grup\u0101 \u2013 dal\u012bbnieki bez sporta klas\u0113m (ies\u0101c\u0113ji).<\/p>\n","protected":false},"excerpt":{"rendered":"15.novembr\u012b no\u00a0plkst.10.00\u00a0Bab\u012btes vidusskol\u0101 Pi\u0146\u0137os notiks \u0161aha turn\u012bra &#8220;Jaunais \u0161ahists&#8221; ceturtais posms. Sacens\u012bbas paredz\u0113tas 1.-12.kla\u0161u skol\u0113niem, kuri ir M\u0101rupes&hellip;\n","protected":false},"author":2,"featured_media":40708,"comment_status":"","ping_status":"","sticky":false,"template":"","format":"standard","meta":{"footnotes":""},"categories":[17],"tags":[47,381,64,35,39,38,36,37,34,40,385,172,382,384,67,383,21],"class_list":{"0":"post-40707","1":"post","2":"type-post","3":"status-publish","4":"format-standard","5":"has-post-thumbnail","7":"category-sports","8":"tag-ekonomika","9":"tag-jaunumi","10":"tag-kultura","11":"tag-latvia","12":"tag-latvian","13":"tag-latviesu","14":"tag-latviesu-valoda","15":"tag-latviesuvaloda","16":"tag-latvija","17":"tag-lv","18":"tag-pieriga","19":"tag-riga","20":"tag-sabiedriba","21":"tag-sludinajumi","22":"tag-sports","23":"tag-sports-afisa","24":"tag-zinas"},"share_on_mastodon":{"url":"https:\/\/pubeurope.com\/@lv\/115497232178154895","error":""},"_links":{"self":[{"href":"https:\/\/www.europesays.com\/lv\/wp-json\/wp\/v2\/posts\/40707","targetHints":{"allow":["GET"]}}],"collection":[{"href":"https:\/\/www.europesays.com\/lv\/wp-json\/wp\/v2\/posts"}],"about":[{"href":"https:\/\/www.europesays.com\/lv\/wp-json\/wp\/v2\/types\/post"}],"author":[{"embeddable":true,"href":"https:\/\/www.europesays.com\/lv\/wp-json\/wp\/v2\/users\/2"}],"replies":[{"embeddable":true,"href":"https:\/\/www.europesays.com\/lv\/wp-json\/wp\/v2\/comments?post=40707"}],"version-history":[{"count":0,"href":"https:\/\/www.europesays.com\/lv\/wp-json\/wp\/v2\/posts\/40707\/revisions"}],"wp:featuredmedia":[{"embeddable":true,"href":"https:\/\/www.europesays.com\/lv\/wp-json\/wp\/v2\/media\/40708"}],"wp:attachment":[{"href":"https:\/\/www.europesays.com\/lv\/wp-json\/wp\/v2\/media?parent=40707"}],"wp:term":[{"taxonomy":"category","embeddable":true,"href":"https:\/\/www.europesays.com\/lv\/wp-json\/wp\/v2\/categories?post=40707"},{"taxonomy":"post_tag","embeddable":true,"href":"https:\/\/www.europesays.com\/lv\/wp-json\/wp\/v2\/tags?post=40707"}],"curies":[{"name":"wp","href":"https:\/\/api.w.org\/{rel}","templated":true}]}}