{"id":40768,"date":"2025-11-05T13:57:07","date_gmt":"2025-11-05T13:57:07","guid":{"rendered":"https:\/\/www.europesays.com\/lv\/40768\/"},"modified":"2025-11-05T13:57:07","modified_gmt":"2025-11-05T13:57:07","slug":"latvijas-basketbolistu-pretinieki-pazino-paplasinatos-sastavus-pk-kvalifikacijas-maciem","status":"publish","type":"post","link":"https:\/\/www.europesays.com\/lv\/40768\/","title":{"rendered":"Latvijas basketbolistu pretinieki pazi\u0146o papla\u0161in\u0101tos sast\u0101vus PK kvalifik\u0101cijas ma\u010diem"},"content":{"rendered":"<p>Latvijas izlase ar N\u012bderlandes valstsvien\u012bbu 2027. gada Pasaules kausa kvalifik\u0101cijas turn\u012bra Eiropas zonas F grupas sp\u0113li sav\u0101 laukum\u0101 aizvad\u012bs 28. novembr\u012b, bet ar austrie\u0161iem tiksies 1. decembr\u012b viesos.<\/p>\n<p>N\u012bderlandes izlases kandid\u0101tu lok\u0101 iek\u013cauti 23 sp\u0113l\u0113t\u0101ji, tostarp Sp\u0101nijas ACB l\u012bgas klubu sp\u0113l\u0113t\u0101ji Janiks Kr\u0101gs un Sanders Holanders, k\u0101 ar\u012b latvie\u0161a Roberta Blumberga komandas biedrs turku Izmiras &#8220;Petkim Spor&#8221; rind\u0101s Janiks Franke.<\/p>\n<p>Savuk\u0101rt austrie\u0161i papla\u0161in\u0101taj\u0101 sast\u0101v\u0101 iek\u013c\u0101vu\u0161i 24 sp\u0113l\u0113t\u0101jus, kuru vid\u016b nav Nacion\u0101l\u0101s basketbola asoci\u0101cijas (NBA) p\u0101rst\u0101vja Jakoba Peltla no Toronto &#8220;Raptors&#8221;, toties ir \u010detri debitanti &#8211; Niko \u017delezniks, Elv\u012brs Jakupovi\u010ds, \u0112riks D\u012bcs un \u0100rons Sta\u017ei\u010ds.<\/p>\n<p>Kvalifik\u0101cijas F grup\u0101 kop\u0101 ar Latviju, N\u012bderlandi un Austriju ir ar\u012b Polijas izlase. Katra komanda ar vis\u0101m pretiniec\u0113m sp\u0113l\u0113s m\u0101j\u0101s un viesos.<\/p>\n<p>F grupas tr\u012bs lab\u0101k\u0101s komandas, \u0146emot l\u012bdzi visu sp\u0113\u013cu rezult\u0101tus, otraj\u0101 posm\u0101 apvienosies ar E grupas (V\u0101cija, Horv\u0101tija, Izra\u0113la, Kipra) lab\u0101ko trijnieku. Tr\u012bs lab\u0101k\u0101s E grupas komandas ieg\u016bs ties\u012bbas sp\u0113l\u0113t 2027. gada Pasaules kausa fin\u0101lturn\u012br\u0101 Katar\u0101.<\/p>\n<p>N\u012bderlandes izlases kandid\u0101ti:<\/p>\n<p>Endurenss Aijamenhue, Janu Slingerlands (abi &#8211; Ulmas &#8220;Ratiopharm&#8221;, V\u0101cija), Villems Brandveiks (&#8220;Aix-Maurienne&#8221;, Francija), L\u016bks van Br\u0113, \u0160arlons Klofs (abi &#8211; Hertogenbo\u0161as &#8220;Heroes Den Bosch&#8221;), Stans van den Elzens, Sems H\u016brmans, L\u016bkass Kruitofs, Jibe Sikings (visi &#8211; &#8220;ZZ Leiden&#8221;), Janiks Franke (Izmiras &#8220;Petkim Spor&#8221;, Turcija), Sanders Holanders (&#8220;Girona&#8221;, Sp\u0101nija), Jito Koks (&#8220;Hyeres-Toulon&#8221;, Francija), Janiks Kr\u0101gs (Badalonas &#8220;Joventut&#8221;, Sp\u0101nija), Neitans Kuta (&#8220;Orleans Loire Basket&#8221;, Francija), L\u016bkass N&#8217;gesans (H\u0101genas &#8220;Phoenix&#8221;, V\u0101cija), Deivids N&#8217;gesans (&#8220;Braunschweig&#8221;, V\u0101cija), R\u016bls van Overb\u0113ks (Limburgas BAL), K\u016bns Stolks, Boids van der V\u016brsts-de Fr\u012bss, Leons Viljamss (visi &#8211; Cvolles &#8220;Landstede Hammers&#8221;), Marains Verfers (&#8220;Limburg United&#8221;, Be\u013c\u0123ija), Kejs van der V\u016brsts de Fr\u012bss (B\u012bj\u012bk\u010dekmed\u017ees ONVO, Turcija), Kjelds Zaidema (Groningenas &#8220;Donar&#8221;).<\/p>\n<p>Austrijas izlases kandid\u0101ti:<\/p>\n<p>Luka Brajkovi\u010ds (\u013bub\u013canas &#8220;Cedevita Olimpija&#8221;, Slov\u0113nija), \u0112riks D\u012bcs, Benedikts Gitls (abi &#8211; Traiskirhenes &#8220;Lions&#8221;), Erols Erseks (Heidelbergas &#8220;MLP Academics&#8221;, V\u0101cija), Daniels Fr\u012bdrihs, Jakobs Lors, Miro Zaps (visi &#8211; Gmundenes &#8220;Swans&#8221;), L\u016bkass H\u0101ns (Sant&#8217;Antimo &#8220;PSA Pallacanestro&#8221;, It\u0101lija), Elv\u012brs Jakupovi\u010ds (Velsas &#8220;Flyers&#8221;), Sebastians K\u0113ferle, Jonatans Knesls, Daniels K\u0113pels, Edi Patekars, Reano Po\u013caks (visi &#8211; Obervartas &#8220;Gunners&#8221;), Tomass Klepajs (Ulmas &#8220;Ratiopharm&#8221;, V\u0101cija), Silvens Landesbergs, Niko \u017delezniks (abi &#8211; Klosterneibergas &#8220;Karbon-X Dukes&#8221;), Timo Lanmillers (Kvakenbrikas &#8220;Artland Dragons&#8221;, V\u0101cija), Ra\u0161ids Mahalba\u0161i\u010ds, \u0100rons Sta\u017ei\u010ds (&#8220;Vienna&#8221;), Marvins Ogunsipe (Krailsheimas &#8220;Merlins&#8221;, V\u0101cija), Finns \u0160ots (&#8220;Menorca&#8221;, Sp\u0101nija), Benjamins \u0160uhs (Madrides &#8220;ZBK&#8221;, Sp\u0101nija), Bogi\u010ds Vujo\u0161evi\u010ds (&#8220;Timisoara&#8221;, Rum\u0101nija).<\/p>\n","protected":false},"excerpt":{"rendered":"Latvijas izlase ar N\u012bderlandes valstsvien\u012bbu 2027. gada Pasaules kausa kvalifik\u0101cijas turn\u012bra Eiropas zonas F grupas sp\u0113li sav\u0101 laukum\u0101&hellip;\n","protected":false},"author":2,"featured_media":40769,"comment_status":"","ping_status":"","sticky":false,"template":"","format":"standard","meta":{"footnotes":""},"categories":[17],"tags":[145,144,1098,35,39,38,36,37,34,225,40,11729,67],"class_list":{"0":"post-40768","1":"post","2":"type-post","3":"status-publish","4":"format-standard","5":"has-post-thumbnail","7":"category-sports","8":"tag-basketbols","9":"tag-basketbols-latvija","10":"tag-basketbols-pasaule","11":"tag-latvia","12":"tag-latvian","13":"tag-latviesu","14":"tag-latviesu-valoda","15":"tag-latviesuvaloda","16":"tag-latvija","17":"tag-latvijas-basketbola-izlase","18":"tag-lv","19":"tag-pasaules-kauss-basketbola","20":"tag-sports"},"share_on_mastodon":{"url":"https:\/\/pubeurope.com\/@lv\/115497444537379880","error":""},"_links":{"self":[{"href":"https:\/\/www.europesays.com\/lv\/wp-json\/wp\/v2\/posts\/40768","targetHints":{"allow":["GET"]}}],"collection":[{"href":"https:\/\/www.europesays.com\/lv\/wp-json\/wp\/v2\/posts"}],"about":[{"href":"https:\/\/www.europesays.com\/lv\/wp-json\/wp\/v2\/types\/post"}],"author":[{"embeddable":true,"href":"https:\/\/www.europesays.com\/lv\/wp-json\/wp\/v2\/users\/2"}],"replies":[{"embeddable":true,"href":"https:\/\/www.europesays.com\/lv\/wp-json\/wp\/v2\/comments?post=40768"}],"version-history":[{"count":0,"href":"https:\/\/www.europesays.com\/lv\/wp-json\/wp\/v2\/posts\/40768\/revisions"}],"wp:featuredmedia":[{"embeddable":true,"href":"https:\/\/www.europesays.com\/lv\/wp-json\/wp\/v2\/media\/40769"}],"wp:attachment":[{"href":"https:\/\/www.europesays.com\/lv\/wp-json\/wp\/v2\/media?parent=40768"}],"wp:term":[{"taxonomy":"category","embeddable":true,"href":"https:\/\/www.europesays.com\/lv\/wp-json\/wp\/v2\/categories?post=40768"},{"taxonomy":"post_tag","embeddable":true,"href":"https:\/\/www.europesays.com\/lv\/wp-json\/wp\/v2\/tags?post=40768"}],"curies":[{"name":"wp","href":"https:\/\/api.w.org\/{rel}","templated":true}]}}