{"id":40782,"date":"2025-11-05T14:19:13","date_gmt":"2025-11-05T14:19:13","guid":{"rendered":"https:\/\/www.europesays.com\/lv\/40782\/"},"modified":"2025-11-05T14:19:13","modified_gmt":"2025-11-05T14:19:13","slug":"lukasenko-aizliedz-lietuvas-un-polijas-kravas-auto-caur-baltkrieviju-spriedze-un-ekonomikas-sekas-lente-lv","status":"publish","type":"post","link":"https:\/\/www.europesays.com\/lv\/40782\/","title":{"rendered":"Luka\u0161enko aizliedz Lietuvas un Polijas kravas auto caur Baltkrieviju: spriedze un ekonomikas sekas\u00a0\u2014\u00a0Lente.lv"},"content":{"rendered":"<p>Luka\u0161enko \u012bstenotais kravas auto aizliegums rada spriedzi Baltijas un Polijas attiec\u012bb\u0101s<\/p>\n<p>Baltkrievijas l\u012bderis Aleksandrs Luka\u0161enko ir izdevis dekr\u0113tu, kas aizliedz Lietuv\u0101 un Polij\u0101 re\u0123istr\u0113tiem kravas automobi\u013ciem un traktortehnikai \u0161\u0137\u0113rsot Baltkrievijas teritoriju. \u0160is radik\u0101lais solis, kas st\u0101sies sp\u0113k\u0101 l\u012bdz 2027. gada beig\u0101m, ir tie\u0161a atbilde uz kaimi\u0146valstu dro\u0161\u012bbas pas\u0101kumiem un attiec\u012bbu saasin\u0101\u0161anos ar Minskas re\u017e\u012bmu. L\u0113mums skar ne tikai viet\u0113jos p\u0101rvad\u0101t\u0101jus, bet ar\u012b starptautisk\u0101s lo\u0123istikas \u0137\u0113des, \u012bpa\u0161i t\u0101s, kas saist\u012btas ar pre\u010du p\u0101rvad\u0101jumiem no \u0136\u012bnas uz Eiropas Savien\u012bbu.<\/p>\n<p>Konflikta saknes un sekas<\/p>\n<p>\u0160is aizliegums nav radies tuk\u0161\u0101 viet\u0101. Tas ir tie\u0161s atspulgs sare\u017e\u0123\u012btaj\u0101m attiec\u012bb\u0101m starp Baltkrieviju, Lietuvu un Poliju. Lietuva, saskaroties ar pieaugo\u0161u kontrabandas gaisa balonu skaitu no Baltkrievijas, kas trauc\u0113ja Vi\u013c\u0146as lidostas darb\u012bbu, nol\u0113ma sl\u0113gt vair\u0101kus robe\u017epunktus. \u0160ie pas\u0101kumi, kuru m\u0113r\u0137is ir nodro\u0161in\u0101t valsts dro\u0161\u012bbu un kontroli p\u0101r sav\u0101m robe\u017e\u0101m, ir izrais\u012bju\u0161i sp\u0113c\u012bgu reakciju no Minskas puses. Savuk\u0101rt Polija, rea\u0123\u0113jot uz l\u012bdz\u012bg\u0101m spriedz\u0113m un vair\u0101ku Polijas pilso\u0146u aiztur\u0113\u0161anu Baltkrievij\u0101, ar\u012b ir bijusi piesardz\u012bga savstarp\u0113j\u0101s attiec\u012bb\u0101s. \u0160\u012b situ\u0101cija ir rad\u012bjusi iev\u0113rojamu satiksmes apgr\u016btin\u0101jumu, iesprostojot t\u016bksto\u0161iem transportl\u012bdzek\u013cu un vad\u012bt\u0101ju Baltkrievijas teritorij\u0101, k\u0101 zi\u0146o Lietuvas Nacion\u0101l\u0101s autop\u0101rvad\u0101t\u0101ju asoci\u0101cijas (LINAVA) p\u0101rst\u0101vji. Tiek l\u0113sts, ka aptuveni 5000 transportl\u012bdzek\u013cu un 2000 vad\u012bt\u0101ju pa\u0161laik ir non\u0101ku\u0161i strupce\u013c\u0101.<\/p>\n<p>Starptautisk\u0101s tirdzniec\u012bbas izaicin\u0101jumi<\/p>\n<p>Luka\u0161enko dekr\u0113ts neap\u0161aub\u0101mi rad\u012bs j\u016btamas sekas ar\u012b uz starptautisko tirdzniec\u012bbu. Daudzi transporta uz\u0146\u0113mumi, kas akt\u012bvi izmanto mar\u0161rutus caur Baltkrieviju, lai nog\u0101d\u0101tu preces no \u0100zijas uz Eiropas Savien\u012bbu, ir re\u0123istr\u0113ti Baltijas valst\u012bs un Polij\u0101. \u0160o uz\u0146\u0113mumu vad\u012bt\u0101ji bie\u017ei vien ir no Vidus\u0101zijas, Gruzijas un Ukrainas. Aizliegums rad\u012bs ne tikai papildu izmaksas un laika zudumu, mekl\u0113jot alternat\u012bvus mar\u0161rutus, bet ar\u012b var\u0113tu izrais\u012bt piepras\u012bjuma palielin\u0101\u0161anos p\u0113c p\u0101rvad\u0101jumu pakalpojumiem citos re\u0123ionos, kas savuk\u0101rt var\u0113tu sad\u0101rdzin\u0101t pre\u010du pieg\u0101di pat\u0113r\u0113t\u0101jiem. K\u0101 nor\u0101da ekonomikas apskatnieki, \u0161is solis var\u0113tu rad\u012bt tie\u0161u kait\u0113jumu Eiropas Savien\u012bbas valstu ekonomikai, liekot uz\u0146\u0113mumiem saskarties ar neparedz\u0113t\u0101m gr\u016bt\u012bb\u0101m un zaud\u0113jumiem. Turkl\u0101t tas rada ba\u017eas par darbavietu stabilit\u0101ti t\u016bksto\u0161iem cilv\u0113ku, kas str\u0101d\u0101 \u0161ajos transporta un lo\u0123istikas uz\u0146\u0113mumos.<\/p>\n<p>V\u0113sturisks precedents un turpm\u0101k\u0101 perspekt\u012bva<\/p>\n<p>\u0160\u012b nav pirm\u0101 reize, kad Baltkrievija izmanto transporta ierobe\u017eojumus k\u0101 politisku instrumentu. Pirms trim gadiem jau tika ieviests l\u012bdz\u012bgs aizliegums Eiropas Savien\u012bbas re\u0123istr\u0113tiem kravas auto, atbildot uz Briseles sankcij\u0101m. 2023. gad\u0101 \u0161is aizliegums tika preciz\u0113ts, attiecinot to tikai uz Polijas kravas automobi\u013ciem. Tom\u0113r pa\u0161reiz\u0113j\u0101 situ\u0101cija ir saasin\u0101ta ar papildu faktoriem, piem\u0113ram, neleg\u0101l\u0101s migr\u0101cijas pl\u016bsm\u0101m no Baltkrievijas uz Lietuvu, ko Baltkrievijas varasiest\u0101des tiek aps\u016bdz\u0113tas atbalst\u012b\u0161an\u0101. Lietuvas premjerministre Inga Ruginien\u0117 ir nor\u0101d\u012bjusi, ka robe\u017e\u0161\u0137\u0113rso\u0161anas punktu sl\u0113g\u0161anas termi\u0146\u0161 tiks pagarin\u0101ts, kam\u0113r turpin\u0101sies Baltkrievijas nedraudz\u012bg\u0101 r\u012bc\u012bba. Polija, savuk\u0101rt, ir s\u0101kusi konsult\u0101cijas ar Lietuvu par kop\u012bgiem turpm\u0101kiem so\u013ciem, cen\u0161oties risin\u0101t \u0161o sare\u017e\u0123\u012bto situ\u0101ciju. Lai gan aizliegums ir sp\u0113k\u0101 l\u012bdz 2027. gada beig\u0101m, t\u0101 ilgtermi\u0146a sekas un iesp\u0113jamie risin\u0101jumi v\u0113l ir j\u0101apzin\u0101s. \u0160is notikums uzsver starptautisk\u0101s politikas sare\u017e\u0123\u012bt\u012bbu un to, k\u0101 viens l\u0113mums var rad\u012bt pla\u0161as sekas ne tikai attiec\u012bgaj\u0101m valst\u012bm, bet ar\u012b glob\u0101laj\u0101m tirdzniec\u012bbas un lo\u0123istikas sist\u0113m\u0101m.<\/p>\n","protected":false},"excerpt":{"rendered":"Luka\u0161enko \u012bstenotais kravas auto aizliegums rada spriedzi Baltijas un Polijas attiec\u012bb\u0101s Baltkrievijas l\u012bderis Aleksandrs Luka\u0161enko ir izdevis dekr\u0113tu,&hellip;\n","protected":false},"author":2,"featured_media":40783,"comment_status":"","ping_status":"","sticky":false,"template":"","format":"standard","meta":{"footnotes":""},"categories":[5],"tags":[5867,23,2416,28,29,32,33,22,30,31,35,39,38,36,37,34,1464,11731,40,20,72,26,27,24,25,21],"class_list":{"0":"post-40782","1":"post","2":"type-post","3":"status-publish","4":"format-standard","5":"has-post-thumbnail","7":"category-aktualitates","8":"tag-kravas-auto","9":"tag-aktualitates","10":"tag-baltkrievija","11":"tag-breaking-news","12":"tag-breakingnews","13":"tag-featured-news","14":"tag-featurednews","15":"tag-headlines","16":"tag-latest-news","17":"tag-latestnews","18":"tag-latvia","19":"tag-latvian","20":"tag-latviesu","21":"tag-latviesu-valoda","22":"tag-latviesuvaloda","23":"tag-latvija","24":"tag-lietuva","25":"tag-lukasenko","26":"tag-lv","27":"tag-news","28":"tag-polija","29":"tag-popularakas-zinas","30":"tag-popularakaszinas","31":"tag-top-stories","32":"tag-topstories","33":"tag-zinas"},"share_on_mastodon":{"url":"https:\/\/pubeurope.com\/@lv\/115497531066674180","error":""},"_links":{"self":[{"href":"https:\/\/www.europesays.com\/lv\/wp-json\/wp\/v2\/posts\/40782","targetHints":{"allow":["GET"]}}],"collection":[{"href":"https:\/\/www.europesays.com\/lv\/wp-json\/wp\/v2\/posts"}],"about":[{"href":"https:\/\/www.europesays.com\/lv\/wp-json\/wp\/v2\/types\/post"}],"author":[{"embeddable":true,"href":"https:\/\/www.europesays.com\/lv\/wp-json\/wp\/v2\/users\/2"}],"replies":[{"embeddable":true,"href":"https:\/\/www.europesays.com\/lv\/wp-json\/wp\/v2\/comments?post=40782"}],"version-history":[{"count":0,"href":"https:\/\/www.europesays.com\/lv\/wp-json\/wp\/v2\/posts\/40782\/revisions"}],"wp:featuredmedia":[{"embeddable":true,"href":"https:\/\/www.europesays.com\/lv\/wp-json\/wp\/v2\/media\/40783"}],"wp:attachment":[{"href":"https:\/\/www.europesays.com\/lv\/wp-json\/wp\/v2\/media?parent=40782"}],"wp:term":[{"taxonomy":"category","embeddable":true,"href":"https:\/\/www.europesays.com\/lv\/wp-json\/wp\/v2\/categories?post=40782"},{"taxonomy":"post_tag","embeddable":true,"href":"https:\/\/www.europesays.com\/lv\/wp-json\/wp\/v2\/tags?post=40782"}],"curies":[{"name":"wp","href":"https:\/\/api.w.org\/{rel}","templated":true}]}}