{"id":40794,"date":"2025-11-05T14:35:07","date_gmt":"2025-11-05T14:35:07","guid":{"rendered":"https:\/\/www.europesays.com\/lv\/40794\/"},"modified":"2025-11-05T14:35:07","modified_gmt":"2025-11-05T14:35:07","slug":"eiropas-savieniba-vienojas-lidz-2040-gadam-par-90-samazinat-oglekla-izmesus-raksts","status":"publish","type":"post","link":"https:\/\/www.europesays.com\/lv\/40794\/","title":{"rendered":"Eiropas Savien\u012bba vienojas l\u012bdz 2040. gadam par 90% samazin\u0101t oglek\u013ca izme\u0161us \/ Raksts"},"content":{"rendered":"<p>Eiropas Savien\u012bba (ES) p\u0113c visu nakti ilgu\u0161as kaul\u0113\u0161an\u0101s tre\u0161dien pazi\u0146ojusi, ka l\u012bdz 2040. gadam par 90% samazin\u0101s savu oglek\u013ca izme\u0161u daudzumu.<\/p>\n<p>Vieno\u0161an\u0101s pan\u0101kta p\u0113d\u0113j\u0101 br\u012bd\u012b pirms ANO klimata konferences (COP30), kas n\u0101kamned\u0113\u013c s\u0101ksies Braz\u012blij\u0101.<\/p>\n<p>Pret \u0161o vieno\u0161anos\u00a0balsoja Ung\u0101rija, Slov\u0101kija un Polija, neskatoties uz kompromisiem, kam piekritu\u0161as citas dal\u012bbvalstis.<\/p>\n<p>ES dal\u012bbvalstis vienoju\u0161\u0101s par ties\u012bb\u0101m atsevi\u0161\u0137\u0101m valst\u012bm t\u0101 d\u0113v\u0113tos oglek\u013ca kred\u012btus ieg\u0101d\u0101ties ar\u012b starptautiskaj\u0101 tirg\u016b, k\u0101 ar\u012b par ES klimata politikas p\u0101rskat\u012b\u0161anu atkar\u012bb\u0101 no ekonomisk\u0101s situ\u0101cijas.<\/p>\n<p>Vieno\u0161an\u0101s ar\u012b paredz oglek\u013ca izme\u0161u tirdzniec\u012bbas pl\u0101na atlik\u0161anu attiec\u012bb\u0101 uz transportu un apkuri, kas bija galven\u0101 Polijas pras\u012bba.<\/p>\n<blockquote>\n<p>Vides aizst\u0101vji jau nosod\u012bju\u0161i \u0161o vieno\u0161anos, jo t\u0101 \u013caus ES iepirkt oglek\u013ca kred\u012btus no maz\u0101k att\u012bst\u012bt\u0101m valst\u012bm, faktiski izvairoties no savu saist\u012bbu izpildes un atbild\u012bbu par to uzkraujot citiem.<\/p>\n<\/blockquote>\n<p>Vieno\u0161an\u0101s pan\u0101kta ES dal\u012bbvalstu vides ministru san\u0101ksm\u0113, kas ievilk\u0101s l\u012bdz tre\u0161dienas r\u012btam. Lai vieno\u0161an\u0101s k\u013c\u016btu tiesiski saisto\u0161a, to v\u0113l j\u0101apstiprina Eiropas Parlamentam (EP), un p\u0113c tam t\u0101 j\u0101saska\u0146o ar Eiropadomi.<\/p>\n<p>                    Valodas k\u013c\u016bda rakst\u0101?<\/p>\n<p class=\"d-none d-md-block\">Iez\u012bm\u0113jiet tekstu un spiediet Ctrl+Enter, lai nos\u016bt\u012btu labojamo teksta fragmentu redaktoram! Par faktu k\u013c\u016bd\u0101m l\u016bdzam zi\u0146ot e-past\u0101 <a href=\"https:\/\/www.lsm.lv\/cdn-cgi\/l\/email-protection\" class=\"__cf_email__\" data-cfemail=\"bdcfd8d9dcd6ded4d7dcfdd1ced093d1cb\" rel=\"nofollow noopener\" target=\"_blank\">[email\u00a0protected]<\/a>.<\/p>\n<p class=\"d-md-none\">Iez\u012bm\u0113jiet tekstu un spiediet uz Zi\u0146ot par k\u013c\u016bdu pogas, lai nos\u016bt\u012btu labojamo teksta fragmentu redaktoram!<\/p>\n<p>\n                    Zi\u0146ot par k\u013c\u016bdu\n                <\/p>\n","protected":false},"excerpt":{"rendered":"Eiropas Savien\u012bba (ES) p\u0113c visu nakti ilgu\u0161as kaul\u0113\u0161an\u0101s tre\u0161dien pazi\u0146ojusi, ka l\u012bdz 2040. gadam par 90% samazin\u0101s savu&hellip;\n","protected":false},"author":2,"featured_media":40795,"comment_status":"","ping_status":"","sticky":false,"template":"","format":"standard","meta":{"footnotes":""},"categories":[14],"tags":[23,57,28,29,32,33,22,30,31,35,39,38,36,37,34,40,20,26,27,24,25,54,55,56,21,58],"class_list":{"0":"post-40794","1":"post","2":"type-post","3":"status-publish","4":"format-standard","5":"has-post-thumbnail","7":"category-zinas-no-arvalstim","8":"tag-aktualitates","9":"tag-arvalstim","10":"tag-breaking-news","11":"tag-breakingnews","12":"tag-featured-news","13":"tag-featurednews","14":"tag-headlines","15":"tag-latest-news","16":"tag-latestnews","17":"tag-latvia","18":"tag-latvian","19":"tag-latviesu","20":"tag-latviesu-valoda","21":"tag-latviesuvaloda","22":"tag-latvija","23":"tag-lv","24":"tag-news","25":"tag-popularakas-zinas","26":"tag-popularakaszinas","27":"tag-top-stories","28":"tag-topstories","29":"tag-world","30":"tag-world-news","31":"tag-worldnews","32":"tag-zinas","33":"tag-zinas-no-arvalstim"},"share_on_mastodon":{"url":"https:\/\/pubeurope.com\/@lv\/115497594050961490","error":""},"_links":{"self":[{"href":"https:\/\/www.europesays.com\/lv\/wp-json\/wp\/v2\/posts\/40794","targetHints":{"allow":["GET"]}}],"collection":[{"href":"https:\/\/www.europesays.com\/lv\/wp-json\/wp\/v2\/posts"}],"about":[{"href":"https:\/\/www.europesays.com\/lv\/wp-json\/wp\/v2\/types\/post"}],"author":[{"embeddable":true,"href":"https:\/\/www.europesays.com\/lv\/wp-json\/wp\/v2\/users\/2"}],"replies":[{"embeddable":true,"href":"https:\/\/www.europesays.com\/lv\/wp-json\/wp\/v2\/comments?post=40794"}],"version-history":[{"count":0,"href":"https:\/\/www.europesays.com\/lv\/wp-json\/wp\/v2\/posts\/40794\/revisions"}],"wp:featuredmedia":[{"embeddable":true,"href":"https:\/\/www.europesays.com\/lv\/wp-json\/wp\/v2\/media\/40795"}],"wp:attachment":[{"href":"https:\/\/www.europesays.com\/lv\/wp-json\/wp\/v2\/media?parent=40794"}],"wp:term":[{"taxonomy":"category","embeddable":true,"href":"https:\/\/www.europesays.com\/lv\/wp-json\/wp\/v2\/categories?post=40794"},{"taxonomy":"post_tag","embeddable":true,"href":"https:\/\/www.europesays.com\/lv\/wp-json\/wp\/v2\/tags?post=40794"}],"curies":[{"name":"wp","href":"https:\/\/api.w.org\/{rel}","templated":true}]}}