{"id":40805,"date":"2025-11-05T14:46:04","date_gmt":"2025-11-05T14:46:04","guid":{"rendered":"https:\/\/www.europesays.com\/lv\/40805\/"},"modified":"2025-11-05T14:46:04","modified_gmt":"2025-11-05T14:46:04","slug":"airbaltic-koncerns-sogad-devinos-menesos-stradajis-ar-4249-miljonu-eiro-pelnu","status":"publish","type":"post","link":"https:\/\/www.europesays.com\/lv\/40805\/","title":{"rendered":"&#8220;airBaltic&#8221; koncerns \u0161ogad devi\u0146os m\u0113ne\u0161os str\u0101d\u0101jis ar 4,249 miljonu eiro pe\u013c\u0146u"},"content":{"rendered":"<p>Savuk\u0101rt &#8220;airBaltic&#8221; koncerna apgroz\u012bjums \u0161ogad devi\u0146os m\u0113ne\u0161os, sal\u012bdzinot ar attiec\u012bgo periodu p\u0113rn, palielin\u0101jies par 3,3% un bija 594,303 miljoni eiro.<\/p>\n<p>Aviokomp\u0101nija 2025. gada devi\u0146os m\u0113ne\u0161os lidsabiedr\u012bbas mar\u0161rutu t\u012bkl\u0101 p\u0101rvad\u0101ja kopum\u0101 3,9 miljonus pasa\u017eieru, kas ir par 1,7% vair\u0101k nek\u0101 attiec\u012bgaj\u0101 period\u0101 gadu iepriek\u0161.<\/p>\n<p>Savuk\u0101rt kop\u0113jais veikto lidojumu skaits, ieskaitot lidma\u0161\u012bnu pilna servisa nomas pakalpojumus jeb ACMI, \u0161ogad devi\u0146os m\u0113ne\u0161os veidoja 60 300, kas ir pieaugums par 5,9%. Tostarp 36 300 lidojumu veikti lidsabiedr\u012bbas mar\u0161rutu t\u012bkl\u0101, kas ir par 2,4% vair\u0101k nek\u0101 p\u0113rn devi\u0146os m\u0113ne\u0161os, bet 24 000 bija ACMI lidojumi, kas ir par 11,7% vair\u0101k.<\/p>\n<p>&#8220;airBaltic&#8221; vid\u0113jais vietu piepild\u012bjums \u0161ogad devi\u0146os m\u0113ne\u0161os bija 80,5% apm\u0113r\u0101, kas ir par 0,5 procentpunktiem maz\u0101k nek\u0101 2024. gada devi\u0146os m\u0113ne\u0161os.<\/p>\n<p>&#8220;airBaltic&#8221; kori\u0123\u0113t\u0101 <a href=\"https:\/\/www.apollo.lv\/term\/649462\/pelna\" class=\"topicLink\" target=\"_blank\" rel=\"nofollow noopener\">pe\u013c\u0146a<\/a> pirms procentiem, nodok\u013ciem, nolietojuma, amortiz\u0101cijas un nomas atskait\u012bjumiem, k\u0101 ar\u012b pirms uzkr\u0101jumiem tiesved\u012bb\u0101m (EBITDAR) veidoja 128,648 miljonus eiro, sal\u012bdzinot ar 158,125 miljonu eiro pe\u013c\u0146u pirms gada.<\/p>\n<p>2024. gada devi\u0146os m\u0113ne\u0161os &#8220;airBaltic&#8221; str\u0101d\u0101ja ar 575,342 miljonu eiro apgroz\u012bjumu un 48,503 miljonu eiro zaud\u0113jumiem.<\/p>\n<p>Jau v\u0113st\u012bts, ka 2024. gad\u0101 &#8220;airBaltic&#8221; koncerns str\u0101d\u0101ja ar audit\u0113tajiem zaud\u0113jumiem 118,159 miljonu eiro apm\u0113r\u0101 pretstat\u0101 pe\u013c\u0146ai gadu iepriek\u0161, bet koncerna apgroz\u012bjums, sal\u012bdzinot ar 2023. gadu, palielin\u0101j\u0101s par 11,9%, sasniedzot 747,572 miljonus eiro.<\/p>\n","protected":false},"excerpt":{"rendered":"Savuk\u0101rt &#8220;airBaltic&#8221; koncerna apgroz\u012bjums \u0161ogad devi\u0146os m\u0113ne\u0161os, sal\u012bdzinot ar attiec\u012bgo periodu p\u0113rn, palielin\u0101jies par 3,3% un bija 594,303&hellip;\n","protected":false},"author":2,"featured_media":40806,"comment_status":"","ping_status":"","sticky":false,"template":"","format":"standard","meta":{"footnotes":""},"categories":[16],"tags":[3307,77,76,35,39,38,36,37,34,40,5715],"class_list":{"0":"post-40805","1":"post","2":"type-post","3":"status-publish","4":"format-standard","5":"has-post-thumbnail","7":"category-bizness","8":"tag-airbaltic","9":"tag-bizness","10":"tag-business","11":"tag-latvia","12":"tag-latvian","13":"tag-latviesu","14":"tag-latviesu-valoda","15":"tag-latviesuvaloda","16":"tag-latvija","17":"tag-lv","18":"tag-pelna"},"share_on_mastodon":{"url":"https:\/\/pubeurope.com\/@lv\/115497637307063596","error":""},"_links":{"self":[{"href":"https:\/\/www.europesays.com\/lv\/wp-json\/wp\/v2\/posts\/40805","targetHints":{"allow":["GET"]}}],"collection":[{"href":"https:\/\/www.europesays.com\/lv\/wp-json\/wp\/v2\/posts"}],"about":[{"href":"https:\/\/www.europesays.com\/lv\/wp-json\/wp\/v2\/types\/post"}],"author":[{"embeddable":true,"href":"https:\/\/www.europesays.com\/lv\/wp-json\/wp\/v2\/users\/2"}],"replies":[{"embeddable":true,"href":"https:\/\/www.europesays.com\/lv\/wp-json\/wp\/v2\/comments?post=40805"}],"version-history":[{"count":0,"href":"https:\/\/www.europesays.com\/lv\/wp-json\/wp\/v2\/posts\/40805\/revisions"}],"wp:featuredmedia":[{"embeddable":true,"href":"https:\/\/www.europesays.com\/lv\/wp-json\/wp\/v2\/media\/40806"}],"wp:attachment":[{"href":"https:\/\/www.europesays.com\/lv\/wp-json\/wp\/v2\/media?parent=40805"}],"wp:term":[{"taxonomy":"category","embeddable":true,"href":"https:\/\/www.europesays.com\/lv\/wp-json\/wp\/v2\/categories?post=40805"},{"taxonomy":"post_tag","embeddable":true,"href":"https:\/\/www.europesays.com\/lv\/wp-json\/wp\/v2\/tags?post=40805"}],"curies":[{"name":"wp","href":"https:\/\/api.w.org\/{rel}","templated":true}]}}