{"id":40807,"date":"2025-11-05T14:47:25","date_gmt":"2025-11-05T14:47:25","guid":{"rendered":"https:\/\/www.europesays.com\/lv\/40807\/"},"modified":"2025-11-05T14:47:25","modified_gmt":"2025-11-05T14:47:25","slug":"devinus-menesus-vecu-zidaini-lidz-navei-sakoz-suns","status":"publish","type":"post","link":"https:\/\/www.europesays.com\/lv\/40807\/","title":{"rendered":"Devi\u0146us m\u0113ne\u0161us vecu z\u012bdaini l\u012bdz n\u0101vei sako\u017e suns"},"content":{"rendered":"<p class=\"descr\">Laikraksts \u201cThe Sun\u201d zi\u0146o par tra\u0123isku incidentu Vels\u0101 \u2013 devi\u0146us m\u0113ne\u0161us vecs z\u012bdainis nomira p\u0113c su\u0146a uzbrukuma. Dz\u012bvnieka paniku bija izrais\u012bjis net\u0101lu notieko\u0161ais sal\u016bts. Sabiedr\u012bba ir \u0161ok\u0101 un atbalsta \u0123imeni s\u0113ru laik\u0101.&#13;<br \/>\nTra\u0123\u0113dija notika sv\u0113tdienas vakar\u0101 Rod\u017eitas ciemat\u0101 Monmut\u0161\u012br\u0101, pusotra st\u0101va m\u0101j\u0101 klus\u0101 iel\u0101.<\/p>\n<p>&#8220;K\u0101ds net\u0101lu no m\u0101jas bija palaidis ugu\u0146o\u0161anas ier\u012bces. Suns satrauc\u0101s un, visticam\u0101k, panik\u0101 uzbruka b\u0113rnam. \u0160odien manas domas ir ar \u0161o \u0123imeni. \u0160\u012b ir briesm\u012bga tra\u0123\u0113dija. Visdzi\u013c\u0101k\u0101 l\u012bdzj\u016bt\u012bba vi\u0146iem! Pirms diviem gadiem es zaud\u0113ju savu mazd\u0113lu, kuram bija tikai 11 m\u0113ne\u0161i. Lai gan vi\u0146a n\u0101ves apst\u0101k\u013ci bija at\u0161\u0137ir\u012bgi, saj\u016bta ir t\u0101da pati &#8211; mana sirds s\u0101p par vi\u0146iem,&#8221; laikrakstam \u201cThe Sun\u201d past\u0101st\u012bja Rod\u017eitas iedz\u012bvot\u0101ja, 53 gadus vec\u0101 Karol\u012bna Naita.<\/p>\n<p>Ar\u012b Velsas bazn\u012bcas Neterventas draudzes vik\u0101rs D\u017eilijs Habards sac\u012bja, ka kopiena ir \u0161ok\u0101.<\/p>\n<p>Bru\u0146ota policija un gl\u0101b\u0161anas dienests ierad\u0101s m\u0101j\u0101 sv\u0113tdien ap pulksten 18.00, un policija <a href=\"https:\/\/nra.lv\/birka\/sakoz-suns\/\" rel=\"nofollow noopener\" target=\"_blank\">konfisc\u0113ja su\u0146us<\/a>. Pa\u0161laik ir zin\u0101ms, ka ne b\u0113rns, ne suns nedz\u012bvoja m\u0101j\u0101, kur\u0101 notika tra\u0123\u0113dija. P\u0113c viet\u0113jo iedz\u012bvot\u0101ju teikt\u0101, \u0123imene bija ciemos un m\u0101ja nesen tika p\u0101rdota jaunam \u012bpa\u0161niekam. Tiek uzskat\u012bts, ka \u0123imene apciemoja radiniekus no t\u0113va puses.<\/p>\n<p>&#8220;Vakar vakar\u0101 notika ugu\u0146o\u0161ana, un t\u0101 bija neticami ska\u013ca. M\u0113s dzird\u0113j\u0101m su\u0146u rie\u0161anu un spr\u0101dzienus &#8211; \u0161\u0101ds troksnis noteikti var\u0113ja satraukt dz\u012bvniekus,&#8221; koment\u0113ja viens kaimi\u0146\u0161.<\/p>\n<p>Viet\u0113jais padomnieks P\u012bts Strongs, t\u0101pat k\u0101 citi, sac\u012bja, ka kopiena p\u0113c incidenta ir satriekta un \u0161ok\u0101.<br \/>&#8220;B\u0113rns ir prieka un m\u012blest\u012bbas avots, un zaud\u0113t b\u0113rnu tik briesm\u012bgos apst\u0101k\u013cos ir neiedom\u0101jami. Es l\u016bdzu cilv\u0113kus attur\u0113ties no baumu izplat\u012b\u0161anas un \u013caut \u0123imenei mier\u012bgi s\u0113rot,&#8221; vi\u0146\u0161 piebilda.<\/p>\n<p>Policija neatkl\u0101j b\u0113rna v\u0101rdu, k\u0101 ar\u012b nenor\u0101da, kam pieder\u0113ja suns un vai tas tika tur\u0113ts taj\u0101 pa\u0161\u0101 m\u0101j\u0101. Neviens nav arest\u0113ts, un izmekl\u0113\u0161ana turpin\u0101s, inform\u0113ja policija.<\/p>\n<p>\t\t\t\t\t\tinfo<\/p>\n<p>Uzzini pirmais<br \/>kas interesants noticis Latvij\u0101 un pasaul\u0113,<br \/>pievienojoties mums <a href=\"https:\/\/t.me\/neatkariga\" rel=\"nofollow\">Telegram<\/a> vai <a href=\"https:\/\/whatsapp.com\/channel\/0029VaMLFUH5K3zLU5s4wm3y\" rel=\"nofollow noopener\" target=\"_blank\">Whatsapp<\/a> kan\u0101l\u0101<\/p>\n","protected":false},"excerpt":{"rendered":"Laikraksts \u201cThe Sun\u201d zi\u0146o par tra\u0123isku incidentu Vels\u0101 \u2013 devi\u0146us m\u0113ne\u0161us vecs z\u012bdainis nomira p\u0113c su\u0146a uzbrukuma. Dz\u012bvnieka&hellip;\n","protected":false},"author":2,"featured_media":40808,"comment_status":"","ping_status":"","sticky":false,"template":"","format":"standard","meta":{"footnotes":""},"categories":[14],"tags":[23,57,28,29,32,33,22,30,31,35,39,38,36,37,34,40,20,26,27,24,25,54,55,56,21,58],"class_list":{"0":"post-40807","1":"post","2":"type-post","3":"status-publish","4":"format-standard","5":"has-post-thumbnail","7":"category-zinas-no-arvalstim","8":"tag-aktualitates","9":"tag-arvalstim","10":"tag-breaking-news","11":"tag-breakingnews","12":"tag-featured-news","13":"tag-featurednews","14":"tag-headlines","15":"tag-latest-news","16":"tag-latestnews","17":"tag-latvia","18":"tag-latvian","19":"tag-latviesu","20":"tag-latviesu-valoda","21":"tag-latviesuvaloda","22":"tag-latvija","23":"tag-lv","24":"tag-news","25":"tag-popularakas-zinas","26":"tag-popularakaszinas","27":"tag-top-stories","28":"tag-topstories","29":"tag-world","30":"tag-world-news","31":"tag-worldnews","32":"tag-zinas","33":"tag-zinas-no-arvalstim"},"share_on_mastodon":{"url":"https:\/\/pubeurope.com\/@lv\/115497641131242129","error":""},"_links":{"self":[{"href":"https:\/\/www.europesays.com\/lv\/wp-json\/wp\/v2\/posts\/40807","targetHints":{"allow":["GET"]}}],"collection":[{"href":"https:\/\/www.europesays.com\/lv\/wp-json\/wp\/v2\/posts"}],"about":[{"href":"https:\/\/www.europesays.com\/lv\/wp-json\/wp\/v2\/types\/post"}],"author":[{"embeddable":true,"href":"https:\/\/www.europesays.com\/lv\/wp-json\/wp\/v2\/users\/2"}],"replies":[{"embeddable":true,"href":"https:\/\/www.europesays.com\/lv\/wp-json\/wp\/v2\/comments?post=40807"}],"version-history":[{"count":0,"href":"https:\/\/www.europesays.com\/lv\/wp-json\/wp\/v2\/posts\/40807\/revisions"}],"wp:featuredmedia":[{"embeddable":true,"href":"https:\/\/www.europesays.com\/lv\/wp-json\/wp\/v2\/media\/40808"}],"wp:attachment":[{"href":"https:\/\/www.europesays.com\/lv\/wp-json\/wp\/v2\/media?parent=40807"}],"wp:term":[{"taxonomy":"category","embeddable":true,"href":"https:\/\/www.europesays.com\/lv\/wp-json\/wp\/v2\/categories?post=40807"},{"taxonomy":"post_tag","embeddable":true,"href":"https:\/\/www.europesays.com\/lv\/wp-json\/wp\/v2\/tags?post=40807"}],"curies":[{"name":"wp","href":"https:\/\/api.w.org\/{rel}","templated":true}]}}