{"id":40837,"date":"2025-11-05T15:16:14","date_gmt":"2025-11-05T15:16:14","guid":{"rendered":"https:\/\/www.europesays.com\/lv\/40837\/"},"modified":"2025-11-05T15:16:14","modified_gmt":"2025-11-05T15:16:14","slug":"16-xi-babites-sporta-kompleksa-individualais-cempionats-novusa-pinkos","status":"publish","type":"post","link":"https:\/\/www.europesays.com\/lv\/40837\/","title":{"rendered":"16.XI Bab\u012btes sporta kompleksa individu\u0101lais \u010dempion\u0101ts novus\u0101 Pi\u0146\u0137os"},"content":{"rendered":"<p>16.novembr\u012b no plkst.10.00 Bab\u012btes sporta kompleks\u0101 Pi\u0146\u0137os norisin\u0101sies Bab\u012btes sporta kompleksa 2025. gada individu\u0101lais \u010dempion\u0101ts novus\u0101. Sacens\u012bb\u0101s aicin\u0101ti piedal\u012bties M\u0101rupes novada iedz\u012bvot\u0101ji, novad\u0101 str\u0101d\u0101jo\u0161ie, SK \u201cBab\u012bte\u201d komandas dal\u012bbnieki un person\u012bgi uzaicin\u0101tie sportisti no 18 gadu vecuma. Visi dal\u012bbnieki piedal\u012bsies kop\u0113j\u0101 konkurenc\u0113, ta\u010du rezult\u0101ti tiks v\u0113rt\u0113ti atsevi\u0161\u0137i tr\u012bs grup\u0101s: sievietes; v\u012brie\u0161i\u00a0tautas klas\u0113; v\u012brie\u0161i sporta klas\u0113 (LNF licenc\u0113tie sp\u0113l\u0113t\u0101ji).<\/p>\n","protected":false},"excerpt":{"rendered":"16.novembr\u012b no plkst.10.00 Bab\u012btes sporta kompleks\u0101 Pi\u0146\u0137os norisin\u0101sies Bab\u012btes sporta kompleksa 2025. gada individu\u0101lais \u010dempion\u0101ts novus\u0101. Sacens\u012bb\u0101s aicin\u0101ti&hellip;\n","protected":false},"author":2,"featured_media":40838,"comment_status":"","ping_status":"","sticky":false,"template":"","format":"standard","meta":{"footnotes":""},"categories":[17],"tags":[47,381,64,35,39,38,36,37,34,40,385,172,382,384,67,383,21],"class_list":{"0":"post-40837","1":"post","2":"type-post","3":"status-publish","4":"format-standard","5":"has-post-thumbnail","7":"category-sports","8":"tag-ekonomika","9":"tag-jaunumi","10":"tag-kultura","11":"tag-latvia","12":"tag-latvian","13":"tag-latviesu","14":"tag-latviesu-valoda","15":"tag-latviesuvaloda","16":"tag-latvija","17":"tag-lv","18":"tag-pieriga","19":"tag-riga","20":"tag-sabiedriba","21":"tag-sludinajumi","22":"tag-sports","23":"tag-sports-afisa","24":"tag-zinas"},"share_on_mastodon":{"url":"https:\/\/pubeurope.com\/@lv\/115497755160992468","error":""},"_links":{"self":[{"href":"https:\/\/www.europesays.com\/lv\/wp-json\/wp\/v2\/posts\/40837","targetHints":{"allow":["GET"]}}],"collection":[{"href":"https:\/\/www.europesays.com\/lv\/wp-json\/wp\/v2\/posts"}],"about":[{"href":"https:\/\/www.europesays.com\/lv\/wp-json\/wp\/v2\/types\/post"}],"author":[{"embeddable":true,"href":"https:\/\/www.europesays.com\/lv\/wp-json\/wp\/v2\/users\/2"}],"replies":[{"embeddable":true,"href":"https:\/\/www.europesays.com\/lv\/wp-json\/wp\/v2\/comments?post=40837"}],"version-history":[{"count":0,"href":"https:\/\/www.europesays.com\/lv\/wp-json\/wp\/v2\/posts\/40837\/revisions"}],"wp:featuredmedia":[{"embeddable":true,"href":"https:\/\/www.europesays.com\/lv\/wp-json\/wp\/v2\/media\/40838"}],"wp:attachment":[{"href":"https:\/\/www.europesays.com\/lv\/wp-json\/wp\/v2\/media?parent=40837"}],"wp:term":[{"taxonomy":"category","embeddable":true,"href":"https:\/\/www.europesays.com\/lv\/wp-json\/wp\/v2\/categories?post=40837"},{"taxonomy":"post_tag","embeddable":true,"href":"https:\/\/www.europesays.com\/lv\/wp-json\/wp\/v2\/tags?post=40837"}],"curies":[{"name":"wp","href":"https:\/\/api.w.org\/{rel}","templated":true}]}}