{"id":40839,"date":"2025-11-05T15:18:07","date_gmt":"2025-11-05T15:18:07","guid":{"rendered":"https:\/\/www.europesays.com\/lv\/40839\/"},"modified":"2025-11-05T15:18:07","modified_gmt":"2025-11-05T15:18:07","slug":"drona-del-atkal-trauceta-vilnas-lidosta","status":"publish","type":"post","link":"https:\/\/www.europesays.com\/lv\/40839\/","title":{"rendered":"Drona d\u0113\u013c atkal trauc\u0113ta Vi\u013c\u0146as lidosta"},"content":{"rendered":"<p class=\"descr\">Vi\u013c\u0146as lidostas darb\u012bba tre\u0161dien apm\u0113ram pusstundu bija aptur\u0113ta, jo t\u0101s gaisa telp\u0101 tika nov\u0113rots bezpilota lidapar\u0101ts, pazi\u0146oja Lietuvas valsts lidostu operators &#8220;Lietuvos oro uostai&#8221; (LTOU).<\/p>\n<p>Lidostas <a href=\"https:\/\/nra.lv\/birka\/gaisa-telpa\/\" target=\"_blank\" rel=\"noopener nofollow\">gaisa telpa<\/a> bija sl\u0113gta no plkst. 9.50 l\u012bdz 10.18, pazi\u0146oja komp\u0101nijas preses p\u0101rst\u0101vis Tads Vasi\u013causks, nor\u0101dot, ka tas ietekm\u0113ja divus reisus.<\/p>\n<p>&#8220;Provizorisk\u0101 inform\u0101cija liecina, ka gaisa telpas ierobe\u017eojumi tika noteikti p\u0113c tam, kad virs lidostas bija konstat\u0113ts <a href=\"https:\/\/nra.lv\/birka\/bezpilota-lidaparati\/\" target=\"_blank\" rel=\"noopener nofollow\">drons<\/a>,&#8221; paskaidroja Vasi\u013causks.<\/p>\n<p>Vi\u0146\u0161 piebilda, ka <a href=\"https:\/\/nra.lv\/birka\/vilnas-lidosta\/\" target=\"_blank\" rel=\"noopener nofollow\">Vi\u013c\u0146as lidosta<\/a> ir ats\u0101kusi darb\u012bbu ierastaj\u0101 re\u017e\u012bm\u0101 un incidenta ietekme uz reisiem ir bijusi minim\u0101la.<\/p>\n<p>Lietuvas Sabiedrisk\u0101s dro\u0161\u012bbas dienests inform\u0113ja, ka iesaist\u012btais ir bijis civilais drons, kas gais\u0101 atradies nepilnu min\u016bti.<\/p>\n<p>Vi\u013c\u0146as lidostas darb\u012bbu p\u0113d\u0113j\u0101 laik\u0101 bie\u017ei ir ietekm\u0113jusi <a href=\"https:\/\/nra.lv\/baltija\/504843-ka-kontrabandas-baloni-paralizeja-vilnas-lidostu-un-ietekmeja-pasazierus.htm\" data-item-link=\"true\" data-item-id=\"504843\" rel=\"nofollow noopener\" target=\"_blank\">meteorolo\u0123isko <\/a>balonu ielido\u0161ana t\u0101s gaisa telp\u0101. Balonus no Baltkrievijas palai\u017e cigare\u0161u kontrabandisti. Saist\u012bb\u0101 ar to Lietuva l\u012bdz novembra beig\u0101m ir sl\u0113gusi robe\u017eu ar Baltkrieviju.<\/p>\n<p>Bezpilota lidapar\u0101ti p\u0113d\u0113j\u0101 laik\u0101 ir ietekm\u0113ju\u0161i lidostu darb\u012bbu ar\u012b citviet Eirop\u0101. Otrdien drona d\u0113\u013c \u012bslaic\u012bgi bija sl\u0113gta Briseles lidosta.<\/p>\n","protected":false},"excerpt":{"rendered":"Vi\u013c\u0146as lidostas darb\u012bba tre\u0161dien apm\u0113ram pusstundu bija aptur\u0113ta, jo t\u0101s gaisa telp\u0101 tika nov\u0113rots bezpilota lidapar\u0101ts, pazi\u0146oja Lietuvas&hellip;\n","protected":false},"author":2,"featured_media":40840,"comment_status":"","ping_status":"","sticky":false,"template":"","format":"standard","meta":{"footnotes":""},"categories":[14],"tags":[23,57,28,29,32,33,22,30,31,35,39,38,36,37,34,40,20,26,27,24,25,54,55,56,21,58],"class_list":{"0":"post-40839","1":"post","2":"type-post","3":"status-publish","4":"format-standard","5":"has-post-thumbnail","7":"category-zinas-no-arvalstim","8":"tag-aktualitates","9":"tag-arvalstim","10":"tag-breaking-news","11":"tag-breakingnews","12":"tag-featured-news","13":"tag-featurednews","14":"tag-headlines","15":"tag-latest-news","16":"tag-latestnews","17":"tag-latvia","18":"tag-latvian","19":"tag-latviesu","20":"tag-latviesu-valoda","21":"tag-latviesuvaloda","22":"tag-latvija","23":"tag-lv","24":"tag-news","25":"tag-popularakas-zinas","26":"tag-popularakaszinas","27":"tag-top-stories","28":"tag-topstories","29":"tag-world","30":"tag-world-news","31":"tag-worldnews","32":"tag-zinas","33":"tag-zinas-no-arvalstim"},"share_on_mastodon":{"url":"https:\/\/pubeurope.com\/@lv\/115497762977073148","error":""},"_links":{"self":[{"href":"https:\/\/www.europesays.com\/lv\/wp-json\/wp\/v2\/posts\/40839","targetHints":{"allow":["GET"]}}],"collection":[{"href":"https:\/\/www.europesays.com\/lv\/wp-json\/wp\/v2\/posts"}],"about":[{"href":"https:\/\/www.europesays.com\/lv\/wp-json\/wp\/v2\/types\/post"}],"author":[{"embeddable":true,"href":"https:\/\/www.europesays.com\/lv\/wp-json\/wp\/v2\/users\/2"}],"replies":[{"embeddable":true,"href":"https:\/\/www.europesays.com\/lv\/wp-json\/wp\/v2\/comments?post=40839"}],"version-history":[{"count":0,"href":"https:\/\/www.europesays.com\/lv\/wp-json\/wp\/v2\/posts\/40839\/revisions"}],"wp:featuredmedia":[{"embeddable":true,"href":"https:\/\/www.europesays.com\/lv\/wp-json\/wp\/v2\/media\/40840"}],"wp:attachment":[{"href":"https:\/\/www.europesays.com\/lv\/wp-json\/wp\/v2\/media?parent=40839"}],"wp:term":[{"taxonomy":"category","embeddable":true,"href":"https:\/\/www.europesays.com\/lv\/wp-json\/wp\/v2\/categories?post=40839"},{"taxonomy":"post_tag","embeddable":true,"href":"https:\/\/www.europesays.com\/lv\/wp-json\/wp\/v2\/tags?post=40839"}],"curies":[{"name":"wp","href":"https:\/\/api.w.org\/{rel}","templated":true}]}}