{"id":40851,"date":"2025-11-05T15:27:22","date_gmt":"2025-11-05T15:27:22","guid":{"rendered":"https:\/\/www.europesays.com\/lv\/40851\/"},"modified":"2025-11-05T15:27:22","modified_gmt":"2025-11-05T15:27:22","slug":"kima-kardasjana-vaino-maksligo-intelektu-advokata-eksamenu-neveiksmes","status":"publish","type":"post","link":"https:\/\/www.europesays.com\/lv\/40851\/","title":{"rendered":"Kima Karda\u0161jana vaino m\u0101ksl\u012bgo intelektu advok\u0101ta eks\u0101menu neveiksm\u0113s"},"content":{"rendered":"<p>Izskat\u0101s, ka Kimai Karda\u0161janai un &#8220;<a rel=\"noopener nofollow\" target=\"_blank\" href=\"https:\/\/www.delfi.lv\/temas\/55167708\/chatgpt\" tag-id=\"55167708\">ChatGPT<\/a>&#8221; ir visai sare\u017e\u0123\u012btas attiec\u012bbas. Intervij\u0101 \u017eurn\u0101lam &#8220;Vanity Fair&#8221; realit\u0101tes \u0161ova zvaigznei un uz\u0146\u0113m\u0113jai tika pajaut\u0101ts, vai vi\u0146a izmanto \u0161o m\u0101ksl\u012bg\u0101 intelekta r\u012bku. Kima atbild\u0113ja, ka lietojot to, lai atvieglotu studiju procesu ties\u012bbu jom\u0101. &#8220;Kad man vajag atbildi, es vienk\u0101r\u0161i nofotograf\u0113ju uzdevumu un ielieku tur,&#8221; vi\u0146a skaidroja.<\/p>\n<p>&#8220;Tam tie\u0161\u0101m vajadz\u0113tu dar\u012bt to visu daudz lab\u0101k, jo es pa\u013caujos uz to, ka tas man pal\u012bdz\u0113s. T\u0101 viet\u0101 tas s\u0101k m\u0101c\u012bt dz\u012bves gudr\u012bbas un k\u013c\u016bst par manu terapeitu \u2013 p\u0113c tam, kad ir iedevis nepareizu atbildi,&#8221; vi\u0146a sac\u012bja. &#8220;Tas jau ir vesels process. Es visu laiku r\u0101du draudzen\u0113m ekr\u0101nuz\u0146\u0113mumus un prasu: &#8220;J\u016bs saprotat, k\u0101 \u0161is ar mani run\u0101? Tas ir traki.&#8221;<\/p>\n<p class=\"m-0\">Seko &#8220;Delfi&#8221; ar\u012b  <a target=\"_blank\" href=\"https:\/\/www.instagram.com\/delfi.lv\/\" rel=\"nofollow noopener\">Instagram<\/a>  un <a target=\"_blank\" href=\"https:\/\/www.youtube.com\/channel\/UCw5foWtcJvAbUm64rv7jwUQ\" rel=\"nofollow noopener\">YouTube<\/a>  profil\u0101 \u2013 pievienojies, lai uzzin\u0101tu svar\u012bg\u0101ko un interesant\u0101ko pirmais!<\/p>\n<p>Publik\u0101cijas saturs vai t\u0101s jebk\u0101da apjoma da\u013ca ir aizsarg\u0101ts autorties\u012bbu objekts Autorties\u012bbu likuma izpratn\u0113, un t\u0101 izmanto\u0161ana bez izdev\u0113ja at\u013caujas ir aizliegta. Vair\u0101k lasi  <a target=\"_blank\" href=\"https:\/\/www.delfi.lv\/noteikumi#autortiesibas\" rel=\"nofollow noopener\">\u0161eit<\/a><script async src=\"\/\/www.instagram.com\/embed.js\"><\/script><\/p>\n","protected":false},"excerpt":{"rendered":"Izskat\u0101s, ka Kimai Karda\u0161janai un &#8220;ChatGPT&#8221; ir visai sare\u017e\u0123\u012btas attiec\u012bbas. Intervij\u0101 \u017eurn\u0101lam &#8220;Vanity Fair&#8221; realit\u0101tes \u0161ova zvaigznei un&hellip;\n","protected":false},"author":2,"featured_media":40852,"comment_status":"","ping_status":"","sticky":false,"template":"","format":"standard","meta":{"footnotes":""},"categories":[19],"tags":[4729,89,90,11756,3398,35,39,38,36,37,34,40],"class_list":{"0":"post-40851","1":"post","2":"type-post","3":"status-publish","4":"format-standard","5":"has-post-thumbnail","7":"category-izklaide","8":"tag-chatgpt","9":"tag-entertainment","10":"tag-izklaide","11":"tag-kardasjanu-gimene","12":"tag-kima-kardasjana","13":"tag-latvia","14":"tag-latvian","15":"tag-latviesu","16":"tag-latviesu-valoda","17":"tag-latviesuvaloda","18":"tag-latvija","19":"tag-lv"},"share_on_mastodon":{"url":"https:\/\/pubeurope.com\/@lv\/115497798591822380","error":""},"_links":{"self":[{"href":"https:\/\/www.europesays.com\/lv\/wp-json\/wp\/v2\/posts\/40851","targetHints":{"allow":["GET"]}}],"collection":[{"href":"https:\/\/www.europesays.com\/lv\/wp-json\/wp\/v2\/posts"}],"about":[{"href":"https:\/\/www.europesays.com\/lv\/wp-json\/wp\/v2\/types\/post"}],"author":[{"embeddable":true,"href":"https:\/\/www.europesays.com\/lv\/wp-json\/wp\/v2\/users\/2"}],"replies":[{"embeddable":true,"href":"https:\/\/www.europesays.com\/lv\/wp-json\/wp\/v2\/comments?post=40851"}],"version-history":[{"count":0,"href":"https:\/\/www.europesays.com\/lv\/wp-json\/wp\/v2\/posts\/40851\/revisions"}],"wp:featuredmedia":[{"embeddable":true,"href":"https:\/\/www.europesays.com\/lv\/wp-json\/wp\/v2\/media\/40852"}],"wp:attachment":[{"href":"https:\/\/www.europesays.com\/lv\/wp-json\/wp\/v2\/media?parent=40851"}],"wp:term":[{"taxonomy":"category","embeddable":true,"href":"https:\/\/www.europesays.com\/lv\/wp-json\/wp\/v2\/categories?post=40851"},{"taxonomy":"post_tag","embeddable":true,"href":"https:\/\/www.europesays.com\/lv\/wp-json\/wp\/v2\/tags?post=40851"}],"curies":[{"name":"wp","href":"https:\/\/api.w.org\/{rel}","templated":true}]}}