{"id":40855,"date":"2025-11-05T15:30:09","date_gmt":"2025-11-05T15:30:09","guid":{"rendered":"https:\/\/www.europesays.com\/lv\/40855\/"},"modified":"2025-11-05T15:30:09","modified_gmt":"2025-11-05T15:30:09","slug":"foto-man-nepatik-vards-sieva-eki-aizbeg-uz-berlini-un-pirmo-reizi-atklaj-lauliba-slepto","status":"publish","type":"post","link":"https:\/\/www.europesays.com\/lv\/40855\/","title":{"rendered":"FOTO. Man nepat\u012bk v\u0101rds \u2018sieva\u2019! \u0112\u0137i \u201caizb\u0113g\u201d uz Berl\u012bni un pirmo reizi atkl\u0101j laul\u012bb\u0101 sl\u0113pto"},"content":{"rendered":"<p>            Andrejs \u0112\u0137is ar sievu Dainu G\u0101gu-\u0112\u0137i<\/p>\n<p>Re\u017eisors Andrejs \u0112\u0137is ar sievu pag\u0101ju\u0161aj\u0101 ned\u0113\u013c\u0101 dev\u0101s uz Berl\u012bni, lai k\u0101zu gadadien\u0101 viens otram pateiktos par kop\u0101 pavad\u012bto laiku, raksta \u201cPriv\u0101t\u0101 dz\u012bve\u201d. <\/p>\n<p>        Las\u012bt\u0101kie<br \/>\n        <a data-imagesrc=\"{&quot;300&quot;:&quot;https:\\\/\\\/lastatic.ams3.cdn.digitaloceanspaces.com\\\/2025\\\/11\\\/png-9-300x200.png&quot;,&quot;1024&quot;:&quot;https:\\\/\\\/lastatic.ams3.cdn.digitaloceanspaces.com\\\/2025\\\/11\\\/png-9-1024x683.png&quot;,&quot;1536&quot;:&quot;https:\\\/\\\/lastatic.ams3.cdn.digitaloceanspaces.com\\\/2025\\\/11\\\/png-9-1536x1024.png&quot;,&quot;500&quot;:&quot;https:\\\/\\\/lastatic.ams3.cdn.digitaloceanspaces.com\\\/2025\\\/11\\\/png-9-500x333.png&quot;,&quot;800&quot;:&quot;https:\\\/\\\/lastatic.ams3.cdn.digitaloceanspaces.com\\\/2025\\\/11\\\/png-9-800x533.png&quot;,&quot;1800&quot;:&quot;https:\\\/\\\/lastatic.ams3.cdn.digitaloceanspaces.com\\\/2025\\\/11\\\/png-9.png&quot;}\" data-focuspoint=\"&quot;&quot;\" data-p=\"2460999\" href=\"https:\/\/www.la.lv\/uzzini-kura-sunu-skirne-atbilst-tavam-dzimsanas-datumam-rezultats-parsteidz-daudzus\" class=\"content-item lazy-load\" wp_automatic_readability=\"26.5\" rel=\"nofollow noopener\" target=\"_blank\"><\/p>\n<p>                                <img decoding=\"async\" src=\"\" alt=\"\" style=\"\" data-imageid=\"\"\/><\/p>\n<p>\n                                                Uzzini, kura su\u0146u \u0161\u0137irne atbilst tavam dzim\u0161anas datumam \u2013 rezult\u0101ts p\u0101rsteidz daudzus\n                            <\/p>\n<p><\/a><a data-imagesrc=\"{&quot;300&quot;:&quot;https:\\\/\\\/lastatic.ams3.cdn.digitaloceanspaces.com\\\/2025\\\/11\\\/kolaza-3-300x188.png&quot;,&quot;1024&quot;:&quot;https:\\\/\\\/lastatic.ams3.cdn.digitaloceanspaces.com\\\/2025\\\/11\\\/kolaza-3-1024x640.png&quot;,&quot;1536&quot;:&quot;https:\\\/\\\/lastatic.ams3.cdn.digitaloceanspaces.com\\\/2025\\\/11\\\/kolaza-3-1536x960.png&quot;,&quot;500&quot;:&quot;https:\\\/\\\/lastatic.ams3.cdn.digitaloceanspaces.com\\\/2025\\\/11\\\/kolaza-3-500x313.png&quot;,&quot;800&quot;:&quot;https:\\\/\\\/lastatic.ams3.cdn.digitaloceanspaces.com\\\/2025\\\/11\\\/kolaza-3-800x500.png&quot;,&quot;1600&quot;:&quot;https:\\\/\\\/lastatic.ams3.cdn.digitaloceanspaces.com\\\/2025\\\/11\\\/kolaza-3.png&quot;}\" data-focuspoint=\"&quot;&quot;\" data-p=\"2461009\" href=\"https:\/\/www.la.lv\/video-putins-gandriz-zaudeja-pamatu-zem-kajam-karavira-bralameita-tiesaja-etera-pasaka-daudz-par-daudz\" class=\"content-item lazy-load\" wp_automatic_readability=\"26.5\" rel=\"nofollow noopener\" target=\"_blank\"><\/p>\n<p>                                <img decoding=\"async\" src=\"\" alt=\"\" style=\"\" data-imageid=\"\"\/><\/p>\n<p>                                            VIDEO. Putins gandr\u012bz zaud\u0113ja pamatu zem k\u0101j\u0101m: karav\u012bra br\u0101\u013cameita tie\u0161aj\u0101 \u0113ter\u0101 pasaka daudz par daudz\n                            <\/p>\n<p><\/a><a data-imagesrc=\"{&quot;300&quot;:&quot;https:\\\/\\\/lastatic.ams3.cdn.digitaloceanspaces.com\\\/2025\\\/03\\\/20250213_aaa_s197_001-1-300x200.jpg&quot;,&quot;768&quot;:&quot;https:\\\/\\\/lastatic.ams3.cdn.digitaloceanspaces.com\\\/2025\\\/03\\\/20250213_aaa_s197_001-1-768x512.jpg&quot;,&quot;200&quot;:&quot;https:\\\/\\\/lastatic.ams3.cdn.digitaloceanspaces.com\\\/2025\\\/03\\\/20250213_aaa_s197_001-1-200x133.jpg&quot;,&quot;400&quot;:&quot;https:\\\/\\\/lastatic.ams3.cdn.digitaloceanspaces.com\\\/2025\\\/03\\\/20250213_aaa_s197_001-1-400x267.jpg&quot;,&quot;500&quot;:&quot;https:\\\/\\\/lastatic.ams3.cdn.digitaloceanspaces.com\\\/2025\\\/03\\\/20250213_aaa_s197_001-1-500x334.jpg&quot;,&quot;800&quot;:&quot;https:\\\/\\\/lastatic.ams3.cdn.digitaloceanspaces.com\\\/2025\\\/03\\\/20250213_aaa_s197_001-1-800x534.jpg&quot;,&quot;1000&quot;:&quot;https:\\\/\\\/lastatic.ams3.cdn.digitaloceanspaces.com\\\/2025\\\/03\\\/20250213_aaa_s197_001-1.jpg&quot;}\" data-focuspoint=\"{&quot;x&quot;:&quot;47.41056236538771&quot;,&quot;y&quot;:&quot;30.562184003744587&quot;}\" data-p=\"2460008\" href=\"https:\/\/www.la.lv\/kodolzemudene-jau-pie-krievijas-robezas-putin-un-vispar-amerikani-sakam-izmeginat-savus-kodolierocus-rajevs-atsifre-trampa-pedejos-dusmu-izvirdumus\" class=\"content-item lazy-load\" wp_automatic_readability=\"28.5\" rel=\"nofollow noopener\" target=\"_blank\"><\/p>\n<p>                                <img decoding=\"async\" src=\"\" alt=\"\" style=\"object-position: 47.41056236538771% 30.562184003744587%\" data-imageid=\"\"\/><\/p>\n<p>                                TV24<\/p>\n<p>                                            \u201cKodolzem\u016bdene jau pie Krievijas robe\u017eas, Putin, un visp\u0101r, amerik\u0101\u0146i, s\u0101kam izm\u0113\u0123in\u0101t savus kodoliero\u010dus!\u201d Rajevs \u201cat\u0161ifr\u0113\u201d Trampa p\u0113d\u0113jos dusmu izvirdumus\n                            <\/p>\n<p><\/a><br \/>\n        <a class=\"read-more\" href=\"https:\/\/www.la.lv\/top\" rel=\"nofollow noopener\" target=\"_blank\">Las\u012bt citas zi\u0146as<\/a><\/p>\n<p>\u201cEs m\u012blu v\u012bru, jo vi\u0146\u0161 \u013coti m\u012bl mani! Vi\u0146\u0161 b\u016btu gatavs nonest zvaigzn\u012bti no debes\u012bm, jebko \u2013 par to man nav \u0161aubu! Un ar\u012b es vi\u0146a d\u0113\u013c dar\u012btu to pa\u0161u!Vi\u0146\u0161 ir mana b\u0113rna t\u0113vs, vi\u0146\u0161 par mani r\u016bp\u0113jas, un tas ir neatsverami, svar\u012bgi un m\u012b\u013ci! Protams, visam tam neb\u016btu noz\u012bmes, ja es vi\u0146u neapbr\u012bnotu k\u0101 cilv\u0113ku \u2013 magn\u0113tisku, sp\u0113c\u012bgu un br\u012bnumiem pilnu!\u201d siltus v\u0101rdus m\u012blest\u012bbas sv\u0113tkos Andrejam velta sieva Daina.<\/p>\n<p>Savuk\u0101rt Andrejs \u017eurn\u0101lam atz\u012bst, ka vi\u0146am nepat\u012bk v\u0101rds \u201csieva\u201d!<\/p>\n<p>    CITI \u0160OBR\u012aD LASA<\/p>\n<p>\u201cTas \u0161\u0137iet nedaudz rupj\u0161, man pat\u012bk v\u0101rds dz\u012bves draugs, ar kuru vienm\u0113r ir interesanti. T\u0101, manupr\u0101t, ir veiksm\u012bgu attiec\u012bbu atsl\u0113ga \u2013 sp\u0113ja patiesi iedzi\u013cin\u0101ties otr\u0101, uzdodot interesantus jaut\u0101jumus, par to, k\u0101 kl\u0101jas taj\u0101, ko vi\u0146am pat\u012bk dar\u012bt! K\u0101d\u0101 Holivudas film\u0101 bija skaists cit\u0101ts \u2013 otrs cilv\u0113ks ir tavas dz\u012bves liecinieks!\u201d saka Andrejs un atkl\u0101j, ka patiesa pateic\u012bba ir tas, k\u0101 laim\u012bgi nodz\u012bvot kop\u0101 laul\u012bb\u0101 12 gadus. <\/p>\n<p>\u0112\u0137i par savu priv\u0101to dz\u012bvi run\u0101 reti, bet reiz at\u013c\u0101va ieskat\u012bties sav\u0101 priv\u0101taj\u0101 dz\u012bv\u0113. <\/p>\n<p>\u201cEs biju vienk\u0101r\u0161i \u013coti vientu\u013c\u0161, man vajadz\u0113ja ar k\u0101du sarun\u0101ties, un es uzrakst\u012bju,\u201d t\u0101 par attiec\u012bbu s\u0101kumu ar Dainu G\u0101gu-\u0112\u0137i izsak\u0101s kinore\u017eisors Andrejs \u0112\u0137is, viesojoties STV raid\u012bjum\u0101 \u201cDivi vien\u0101\u201d, kur\u0101 p\u0101ris pavisam atkl\u0101ti run\u0101ja par sav\u0101m attiec\u012bb\u0101m.<\/p>\n<p>Vi\u0146i pat\u012bkami p\u0101rsteidza raid\u012bjuma skat\u012bt\u0101jus ar savu attiec\u012bbu \u012bstumu un \u013cau\u0161anu katram \u0123imen\u0113 b\u016bt t\u0101dam, k\u0101ds vi\u0146\u0161 ir, necen\u0161oties vienam otru p\u0101rtais\u012bt.<\/p>\n<p>Bet, j\u0101 \u2013 abu attiec\u012bbas s\u0101ku\u0161\u0101s interneta sarakst\u0113, kur viens otram esot uzrakst\u012bju\u0161i aptuveni 1000 v\u0113stules. S\u0101kum\u0101 pat Andrejs esot izmantojis segv\u0101rdu, ta\u010du Daina jau nojautusi, ka, visticam\u0101k, sarakst\u0101s tie\u0161i ar vi\u0146u.<\/p>\n<p>Abu pirm\u0101 tik\u0161an\u0101s notikusi k\u0101das Mika Ozoli\u0146a filmas pirmizr\u0101d\u0113, un Andrejs uzskata, ka viss bijis pavisam vienk\u0101r\u0161i: \u201cKad ir interesanti un gribas satikties v\u0113l, tad veidojas attiec\u012bbas.\u201d<\/p>\n<p>Savuk\u0101rt Daina saka: \u201cTobr\u012bd nebija saj\u016btas, ka es mekl\u0113ju v\u012bru, bet vi\u0146\u0161 \u2013 sievu. Vienk\u0101r\u0161i vajadz\u0113ja \u0161o cilv\u0113ku, bija svar\u012bgi b\u016bt ar vi\u0146u kop\u0101. Tas ietv\u0113ra visu \u2013 draudz\u012bbu, savstarp\u0113jo pievilk\u0161anos, v\u0113lmi sarun\u0101ties utt.\u201d<\/p>\n<p>Viena no p\u0101ra satic\u012bbas formul\u0101m esot prasme \u201cnecepties\u201d par s\u012bkumiem. Te Andrejs min piem\u0113ru \u2013 ja k\u0101dreiz uz d\u017eempera uzrodas ple\u0137is, Daina t\u0101 d\u0113\u013c nej\u016bkot pr\u0101t\u0101. Rado\u0161s haoss abiem esot pie\u0146emams un saprotams, tas netrauc\u0113jot.<\/p>\n<p>Tiesa gan, ne vienm\u0113r no malas tas citiem ir akcept\u0113jams, Daina atkl\u0101j: \u201cReiz\u0113m k\u0101ds man uzraksta v\u0113stuli un jaut\u0101, k\u0101p\u0113c es nesa\u0137emm\u0113ju v\u012bram matus. Bet k\u0101p\u0113c lai es to dar\u012btu? Ja vi\u0146\u0161 labi j\u016btas, tad nekam citam nav noz\u012bmes.\u201d<\/p>\n<p>Tie\u0161i \u0161\u012b rado\u0161\u0101 haosa d\u0113\u013c Andrejam \u0161\u0137iet, ka \u201c99% sievie\u0161u ar to nevar\u0113tu sadz\u012bvot\u201d, savuk\u0101rt Dainai svar\u012bg\u0101ks ir kas pavisam cits: \u201cNav daudz t\u0101du cilv\u0113ku, ar kuriem var atrast saikni. Tas pat nav raksturs, tas ir zemapzi\u0146as l\u012bmen\u012b, kad ar otru ir interesanti. Tu vari kaut ko run\u0101t, bet otru cilv\u0113ku tas aiz\u0137er, ievelk iek\u0161\u0101. T\u0101 notiek reti. Dz\u012bv\u0113 ir svar\u012bgi da\u017e\u0101d\u0101s jom\u0101s atrast domubiedrus, ar kuriem b\u016bt uz viena vi\u013c\u0146a. Tad neko nevar nosl\u0113pt vai not\u0113lot.\u201d<\/p>\n<p>Abi nesl\u0113pj, ka viss gan nav bijis tikai vienk\u0101r\u0161i vien. T\u0101 k\u0101 attiec\u012bbas s\u0101ku\u0161i veidot, kad katram jau biju\u0161i savi b\u0113rni, bijis liels izaicin\u0101jums abas \u0123imenes apvienot. Andrejam jau pirms iepaz\u012b\u0161an\u0101s bija 3 d\u0113li, bet Dainai \u2013 2 meitas. Nu vi\u0146i ir ar\u012b kop\u012bg\u0101 d\u0113la vec\u0101ki.<br \/>\u201cB\u0113rni s\u0101kum\u0101 skat\u012bj\u0101s ar neuztic\u012bbu, ar laiku jau\u2026 Galvenais ir neuzb\u0101zties ar m\u012blest\u012bbu, nav j\u0101m\u0113\u0123ina kaut ko izdar\u012bt steidzami,\u201d uzskata Andrejs.<\/p>\n<p>\u201cTas bija smags darbs. Neko citu nevaru pateikt. Uz 10 ball\u0113m m\u0113s \u0161o eks\u0101menu neesam nok\u0101rtoju\u0161i, bet uz k\u0101d\u0101m 6-7 gan. Pozit\u012bvi, ka nevienu no b\u0113rniem neesam salauzu\u0161i, vi\u0146i ir saglab\u0101ju\u0161i sp\u0113ju palikt pie sava viedok\u013ca, vi\u0146i dz\u012bv\u0113 m\u0101k pateikt j\u0101 vai n\u0113. Vi\u0146i redz\u0113ja, ka m\u0113s cent\u0101mies, bet neesam perfekti. Viegli tas nebija, bet ir interesanti,\u201d v\u0113rt\u0113 Daina.<\/p>\n<p>Kop\u012bgais d\u0113li\u0146\u0161 gan k\u013cuvis par t\u0101du k\u0101 salied\u0113jo\u0161\u0101ko elementu, jo visiem kop\u0101 bija kas kop\u012bgs, par ko r\u016bp\u0113ties. Un Andrejs ar lepnumu atz\u012bst, ka \u0161oreiz piedal\u012bjies ar\u012b d\u0113la dzemd\u012bb\u0101s \u2013 tas ir bijis viens no skaist\u0101kajiem mirk\u013ciem \u0161aj\u0101s attiec\u012bb\u0101s.<\/p>\n<p>T\u0113mas<\/p>\n<p>    SAIST\u012aTIE RAKSTI<\/p>\n","protected":false},"excerpt":{"rendered":"Andrejs \u0112\u0137is ar sievu Dainu G\u0101gu-\u0112\u0137i Re\u017eisors Andrejs \u0112\u0137is ar sievu pag\u0101ju\u0161aj\u0101 ned\u0113\u013c\u0101 dev\u0101s uz Berl\u012bni, lai k\u0101zu&hellip;\n","protected":false},"author":2,"featured_media":40856,"comment_status":"","ping_status":"","sticky":false,"template":"","format":"standard","meta":{"footnotes":""},"categories":[14],"tags":[23,57,28,29,32,33,22,30,31,35,39,38,36,37,34,40,20,26,27,24,25,54,55,56,21,58],"class_list":{"0":"post-40855","1":"post","2":"type-post","3":"status-publish","4":"format-standard","5":"has-post-thumbnail","7":"category-zinas-no-arvalstim","8":"tag-aktualitates","9":"tag-arvalstim","10":"tag-breaking-news","11":"tag-breakingnews","12":"tag-featured-news","13":"tag-featurednews","14":"tag-headlines","15":"tag-latest-news","16":"tag-latestnews","17":"tag-latvia","18":"tag-latvian","19":"tag-latviesu","20":"tag-latviesu-valoda","21":"tag-latviesuvaloda","22":"tag-latvija","23":"tag-lv","24":"tag-news","25":"tag-popularakas-zinas","26":"tag-popularakaszinas","27":"tag-top-stories","28":"tag-topstories","29":"tag-world","30":"tag-world-news","31":"tag-worldnews","32":"tag-zinas","33":"tag-zinas-no-arvalstim"},"share_on_mastodon":{"url":"https:\/\/pubeurope.com\/@lv\/115497810417094185","error":""},"_links":{"self":[{"href":"https:\/\/www.europesays.com\/lv\/wp-json\/wp\/v2\/posts\/40855","targetHints":{"allow":["GET"]}}],"collection":[{"href":"https:\/\/www.europesays.com\/lv\/wp-json\/wp\/v2\/posts"}],"about":[{"href":"https:\/\/www.europesays.com\/lv\/wp-json\/wp\/v2\/types\/post"}],"author":[{"embeddable":true,"href":"https:\/\/www.europesays.com\/lv\/wp-json\/wp\/v2\/users\/2"}],"replies":[{"embeddable":true,"href":"https:\/\/www.europesays.com\/lv\/wp-json\/wp\/v2\/comments?post=40855"}],"version-history":[{"count":0,"href":"https:\/\/www.europesays.com\/lv\/wp-json\/wp\/v2\/posts\/40855\/revisions"}],"wp:featuredmedia":[{"embeddable":true,"href":"https:\/\/www.europesays.com\/lv\/wp-json\/wp\/v2\/media\/40856"}],"wp:attachment":[{"href":"https:\/\/www.europesays.com\/lv\/wp-json\/wp\/v2\/media?parent=40855"}],"wp:term":[{"taxonomy":"category","embeddable":true,"href":"https:\/\/www.europesays.com\/lv\/wp-json\/wp\/v2\/categories?post=40855"},{"taxonomy":"post_tag","embeddable":true,"href":"https:\/\/www.europesays.com\/lv\/wp-json\/wp\/v2\/tags?post=40855"}],"curies":[{"name":"wp","href":"https:\/\/api.w.org\/{rel}","templated":true}]}}