{"id":40876,"date":"2025-11-05T15:44:14","date_gmt":"2025-11-05T15:44:14","guid":{"rendered":"https:\/\/www.europesays.com\/lv\/40876\/"},"modified":"2025-11-05T15:44:14","modified_gmt":"2025-11-05T15:44:14","slug":"vina-mate-bija-nolemusi-man-atriebties-santa","status":"publish","type":"post","link":"https:\/\/www.europesays.com\/lv\/40876\/","title":{"rendered":"\u00abVi\u0146a m\u0101te bija nol\u0113musi man atriebties\u00bb \u2014 Santa"},"content":{"rendered":"<p>Izcil\u0101s latvie\u0161u m\u0101kslinieces Maijas Tabakas darbi ir atz\u012bti vis\u0101 pasaul\u0113. Pat zagti. Tom\u0113r, vi\u0146as ce\u013c\u0161 l\u012bdz m\u0101kslinieces statusam nebija roz\u0113m kais\u012bts. Jau skolas laik\u0101 Tabakai padev\u0101s visi priek\u0161meti, iz\u0146emot z\u012bm\u0113\u0161anu. \u00a0\u00abMan z\u012bm\u0113\u0161an\u0101 bija trijnieki. Bet es jums pateik\u0161u nosl\u0113pumu\u00a0\u2013 paties\u012bb\u0101 tie nemaz nebija mani trijnieki. Es jau nen\u0101ku no m\u0101kslinieku \u0123imenes\u00a0\u2013 t\u0113vs bija in\u017eenieris, m\u0101te modes \u0161uv\u0113ja, ar m\u0101kslu nebija nek\u0101da sakara. Un, kad skol\u0101 s\u0101k\u0101s z\u012bm\u0113\u0161ana, es visp\u0101r nesapratu, kas tas ir, kas tur j\u0101dara.<\/p>\n<blockquote><p>&#13;<\/p>\n<p>T\u0113vs cent\u0101s man izpal\u012bdz\u0113t un z\u012bm\u0113t man\u0101 viet\u0101\u00a0\u2013 t\u0101 ka paties\u012bb\u0101 trijnieki bija par vi\u0146a z\u012bm\u0113jumiem,\u00bb<\/p>\n<p>&#13;\n<\/p><\/blockquote>\n<p>intervij\u0101 ar \u017eurn\u0101l\u0101 Ieva sac\u012bja Tabaka.<\/p>\n<p>Tom\u0113r v\u0113l\u0101k glezno\u0161ana jaunajai Maijai iepatikusies, t\u0101d\u0113\u013c izl\u0113ma stud\u0113t m\u0101kslu. Tom\u0113r no M\u0101kslas akad\u0113mijas Tabaku izmeta jau otraj\u0101 studiju gad\u0101. M\u0101ksliniecei p\u0101rmeta gleznas Ananasu \u0113d\u0101ji saturu, kur\u0101 padomju cilv\u0113ki, \u0123\u0113rbu\u0161ies devi\u0146padsmit\u0101 gadsimta stil\u0101 \u0113da ananasus. Tom\u0113r bijis v\u0113l viens nopietns iemesls, k\u0101d\u0113\u013c Tabakai l\u016bgts pamest akad\u0113miju.<\/p>\n<blockquote><p>&#13;<\/p>\n<p>\u00abBija puisis, kuram ac\u012bmredzot patiku, bet es neatbild\u0113ju vi\u0146a j\u016bt\u0101m. <\/p>\n<p>&#13;\n<\/p><\/blockquote>\n<p>Izr\u0101d\u012bj\u0101s, vi\u0146a m\u0101te str\u0101d\u0101ja akad\u0113mij\u0101 un bija nol\u0113musi man atriebties par d\u0113la atraid\u012b\u0161anu,\u00bb atkl\u0101j Tabaka. \u00abAkad\u0113mijas de\u017eurantei bija j\u0101pieraksta, kad n\u0101ku, kad aizeju, vi\u0146a pat bija ieviesusi kladi, kur dokument\u0113ja manas gaitas un to, kad biju, vi\u0146aspr\u0101t, par daudz uzkr\u0101sojusies vai p\u0101r\u0101k moderni sa\u0123\u0113rbusies,\u00bb sac\u012bja m\u0101ksliniece. Glezna Ananasu \u0113d\u0101ji esot bijis tikai p\u0113d\u0113jais piliens, lai atskait\u012btu talant\u012bgo m\u0101kslinieci no akad\u0113mijas. \u00a0\u00a0<\/p>\n<p>\u00a0<\/p>\n<p>Visu rakstu lasi \u0161eit!<\/p>\n<p>    <img decoding=\"async\" src=\"https:\/\/www.santa.lv\/assets\/logo\/santa-plus-logo.svg\" alt=\"Santa+\" class=\"thumbnail__splus no-convert\"\/><img decoding=\"async\" class=\"no-convert\" alt=\"\" data-init=\"lazy-image\" src=\"https:\/\/www.europesays.com\/lv\/wp-content\/uploads\/2025\/11\/6d82521dd09c.jpg\"\/><a target=\"_self\" href=\"https:\/\/www.santa.lv\/plus\/raksts\/personibas\/ka-tagad-dzivo-maksliniece-maija-tabaka-man-teica-ka-klus-labak-ja-atkal-gleznosu-75719\/\" aria-label=\"K\u0101 tagad dz\u012bvo m\u0101ksliniece Maija Tabaka: Man teica, ka k\u013c\u016bs lab\u0101k, ja atkal glezno\u0161u\" rel=\"nofollow noopener\"><\/p>\n<p>Anna Peipi\u0146a<\/p>\n<p><a class=\"thumbnail__title\" target=\"_self\" href=\"https:\/\/www.santa.lv\/plus\/raksts\/personibas\/ka-tagad-dzivo-maksliniece-maija-tabaka-man-teica-ka-klus-labak-ja-atkal-gleznosu-75719\/\" aria-label=\"K\u0101 tagad dz\u012bvo m\u0101ksliniece Maija Tabaka: Man teica, ka k\u013c\u016bs lab\u0101k, ja atkal glezno\u0161u\" rel=\"nofollow noopener\">K\u0101 tagad dz\u012bvo m\u0101ksliniece Maija Tabaka: Man teica, ka k\u013c\u016bs lab\u0101k, ja atkal glezno\u0161u <\/a><\/p>\n<p>\u00a0<\/p>\n","protected":false},"excerpt":{"rendered":"Izcil\u0101s latvie\u0161u m\u0101kslinieces Maijas Tabakas darbi ir atz\u012bti vis\u0101 pasaul\u0113. Pat zagti. Tom\u0113r, vi\u0146as ce\u013c\u0161 l\u012bdz m\u0101kslinieces statusam&hellip;\n","protected":false},"author":2,"featured_media":40877,"comment_status":"","ping_status":"","sticky":false,"template":"","format":"standard","meta":{"footnotes":""},"categories":[5],"tags":[23,28,29,32,33,22,30,31,35,39,38,36,37,34,40,20,26,27,24,25,21],"class_list":{"0":"post-40876","1":"post","2":"type-post","3":"status-publish","4":"format-standard","5":"has-post-thumbnail","7":"category-aktualitates","8":"tag-aktualitates","9":"tag-breaking-news","10":"tag-breakingnews","11":"tag-featured-news","12":"tag-featurednews","13":"tag-headlines","14":"tag-latest-news","15":"tag-latestnews","16":"tag-latvia","17":"tag-latvian","18":"tag-latviesu","19":"tag-latviesu-valoda","20":"tag-latviesuvaloda","21":"tag-latvija","22":"tag-lv","23":"tag-news","24":"tag-popularakas-zinas","25":"tag-popularakaszinas","26":"tag-top-stories","27":"tag-topstories","28":"tag-zinas"},"share_on_mastodon":{"url":"https:\/\/pubeurope.com\/@lv\/115497865470890558","error":""},"_links":{"self":[{"href":"https:\/\/www.europesays.com\/lv\/wp-json\/wp\/v2\/posts\/40876","targetHints":{"allow":["GET"]}}],"collection":[{"href":"https:\/\/www.europesays.com\/lv\/wp-json\/wp\/v2\/posts"}],"about":[{"href":"https:\/\/www.europesays.com\/lv\/wp-json\/wp\/v2\/types\/post"}],"author":[{"embeddable":true,"href":"https:\/\/www.europesays.com\/lv\/wp-json\/wp\/v2\/users\/2"}],"replies":[{"embeddable":true,"href":"https:\/\/www.europesays.com\/lv\/wp-json\/wp\/v2\/comments?post=40876"}],"version-history":[{"count":0,"href":"https:\/\/www.europesays.com\/lv\/wp-json\/wp\/v2\/posts\/40876\/revisions"}],"wp:featuredmedia":[{"embeddable":true,"href":"https:\/\/www.europesays.com\/lv\/wp-json\/wp\/v2\/media\/40877"}],"wp:attachment":[{"href":"https:\/\/www.europesays.com\/lv\/wp-json\/wp\/v2\/media?parent=40876"}],"wp:term":[{"taxonomy":"category","embeddable":true,"href":"https:\/\/www.europesays.com\/lv\/wp-json\/wp\/v2\/categories?post=40876"},{"taxonomy":"post_tag","embeddable":true,"href":"https:\/\/www.europesays.com\/lv\/wp-json\/wp\/v2\/tags?post=40876"}],"curies":[{"name":"wp","href":"https:\/\/api.w.org\/{rel}","templated":true}]}}