{"id":40885,"date":"2025-11-05T15:50:16","date_gmt":"2025-11-05T15:50:16","guid":{"rendered":"https:\/\/www.europesays.com\/lv\/40885\/"},"modified":"2025-11-05T15:50:16","modified_gmt":"2025-11-05T15:50:16","slug":"pec-dronu-incidenta-briseles-lidosta-atsaks-darbu-normala-rezima-diena","status":"publish","type":"post","link":"https:\/\/www.europesays.com\/lv\/40885\/","title":{"rendered":"P\u0113c dronu incidenta Briseles lidosta ats\u0101ks darbu norm\u0101l\u0101 re\u017e\u012bm\u0101 \/ Diena"},"content":{"rendered":"<p>Lidost\u0101 otrdienas vakar\u0101 tika aptur\u0113ti aptuveni 80 lidojumi, jo lidostas tuvum\u0101, iesp\u0113jams, tika paman\u012bti droni. Reisu aptur\u0113\u0161anas d\u0113\u013c aptuveni 400 l\u012bdz 500 pasa\u017eieri bija spiesti pavad\u012bt nakti lidost\u0101.<\/p>\n<p>&#13;<br \/>\n&#13;<\/p>\n<p>Piesardz\u012bbas d\u0113\u013c gaisa satiksme otrdienas vakar\u0101 tika aptur\u0113ta ar\u012b otraj\u0101 liel\u0101kaj\u0101 lidost\u0101 \u0160arleru\u0101.<\/p>\n<p>&#13;<br \/>\n&#13;<\/p>\n<p>Par Be\u013c\u0123ijas gaisa telpas kontroli atbild\u012bgais uz\u0146\u0113mums &#8220;Skeyes&#8221; otrdienas vakar\u0101 divas reizes aptur\u0113ja lidojumus &#8211; ap plkst. 20 (plkst. 21 p\u0113c Latvijas laika) un ap plkst. 22 (plkst. 23 p\u0113c Latvijas laika).<\/p>\n<p>&#13;<br \/>\n&#13;<\/p>\n<p>Ned\u0113\u013cas nogal\u0113 Be\u013c\u0123ijas varasiest\u0101des pazi\u0146oja, ka droni man\u012bti virs Kleines-Brogeles karab\u0101zes, kuru izmanto NATO sp\u0113ki. Tiek uzskat\u012bts, ka \u0161aj\u0101 b\u0101z\u0113 glab\u0101jas ASV kodoliero\u010di.<\/p>\n<p>&#13;<br \/>\n&#13;<\/p>\n<p>Be\u013c\u0123ijas aizsardz\u012bbas ministrs Teo Frankens pirmdien atteic\u0101s atkl\u0101ti vainot Krievija \u0161aj\u0101 incident\u0101, bet nor\u0101d\u012bja, ka t\u0101 ac\u012bmredzot bijusi saska\u0146ota oper\u0101cija, ko veiku\u0161i profesion\u0101\u013ci. &#8220;Vi\u0146i cen\u0161as s\u0113t paniku Be\u013c\u0123ij\u0101. T\u0101 ir destabiliz\u0101cija,&#8221; piebilda ministrs.<\/p>\n<p>&#13;<br \/>\n&#13;<\/p>\n<p>\u00a0<\/p>\n<p>&#13;<\/p>\n","protected":false},"excerpt":{"rendered":"Lidost\u0101 otrdienas vakar\u0101 tika aptur\u0113ti aptuveni 80 lidojumi, jo lidostas tuvum\u0101, iesp\u0113jams, tika paman\u012bti droni. Reisu aptur\u0113\u0161anas d\u0113\u013c&hellip;\n","protected":false},"author":2,"featured_media":40886,"comment_status":"","ping_status":"","sticky":false,"template":"","format":"standard","meta":{"footnotes":""},"categories":[5],"tags":[23,28,29,32,33,22,30,31,35,39,38,36,37,34,40,20,26,27,24,25,21],"class_list":{"0":"post-40885","1":"post","2":"type-post","3":"status-publish","4":"format-standard","5":"has-post-thumbnail","7":"category-aktualitates","8":"tag-aktualitates","9":"tag-breaking-news","10":"tag-breakingnews","11":"tag-featured-news","12":"tag-featurednews","13":"tag-headlines","14":"tag-latest-news","15":"tag-latestnews","16":"tag-latvia","17":"tag-latvian","18":"tag-latviesu","19":"tag-latviesu-valoda","20":"tag-latviesuvaloda","21":"tag-latvija","22":"tag-lv","23":"tag-news","24":"tag-popularakas-zinas","25":"tag-popularakaszinas","26":"tag-top-stories","27":"tag-topstories","28":"tag-zinas"},"share_on_mastodon":{"url":"https:\/\/pubeurope.com\/@lv\/115497889017709945","error":""},"_links":{"self":[{"href":"https:\/\/www.europesays.com\/lv\/wp-json\/wp\/v2\/posts\/40885","targetHints":{"allow":["GET"]}}],"collection":[{"href":"https:\/\/www.europesays.com\/lv\/wp-json\/wp\/v2\/posts"}],"about":[{"href":"https:\/\/www.europesays.com\/lv\/wp-json\/wp\/v2\/types\/post"}],"author":[{"embeddable":true,"href":"https:\/\/www.europesays.com\/lv\/wp-json\/wp\/v2\/users\/2"}],"replies":[{"embeddable":true,"href":"https:\/\/www.europesays.com\/lv\/wp-json\/wp\/v2\/comments?post=40885"}],"version-history":[{"count":0,"href":"https:\/\/www.europesays.com\/lv\/wp-json\/wp\/v2\/posts\/40885\/revisions"}],"wp:featuredmedia":[{"embeddable":true,"href":"https:\/\/www.europesays.com\/lv\/wp-json\/wp\/v2\/media\/40886"}],"wp:attachment":[{"href":"https:\/\/www.europesays.com\/lv\/wp-json\/wp\/v2\/media?parent=40885"}],"wp:term":[{"taxonomy":"category","embeddable":true,"href":"https:\/\/www.europesays.com\/lv\/wp-json\/wp\/v2\/categories?post=40885"},{"taxonomy":"post_tag","embeddable":true,"href":"https:\/\/www.europesays.com\/lv\/wp-json\/wp\/v2\/tags?post=40885"}],"curies":[{"name":"wp","href":"https:\/\/api.w.org\/{rel}","templated":true}]}}