{"id":40891,"date":"2025-11-05T15:55:14","date_gmt":"2025-11-05T15:55:14","guid":{"rendered":"https:\/\/www.europesays.com\/lv\/40891\/"},"modified":"2025-11-05T15:55:14","modified_gmt":"2025-11-05T15:55:14","slug":"nesen-biju-pie-ivetas-kapa-blakus-svaiga-kopina","status":"publish","type":"post","link":"https:\/\/www.europesays.com\/lv\/40891\/","title":{"rendered":"\u201cNesen biju pie Ivetas kapa, blakus svaiga kopi\u0146a\u201d"},"content":{"rendered":"<p>Rusi\u0146a nogalin\u0101t\u0101s j\u0113kabpilietes advok\u0101te Anna Nore netic\u0113ja, ka Saeima nobalsos par izst\u0101\u0161anos no Stambulas konvencijas, \u2013 cer\u0113ja, ka uzvar\u0113s katra deput\u0101ta veselais sapr\u0101ts, nevis partijas discipl\u012bna. \u201cK\u0101 var neredz\u0113t, ko nodara vardarb\u012bba? Nesen biju pie Ivetas kapa, blakus svaiga kopi\u0146a,\u201d saka Nore. K\u0101 TVNET+ apstiprin\u0101ja Ivetas radiniece, nesen mirusi Ivetas mamma Maija, kura p\u0113c meitas n\u0101ves bija ment\u0101li un fiziski salauzta.<\/p>\n","protected":false},"excerpt":{"rendered":"Rusi\u0146a nogalin\u0101t\u0101s j\u0113kabpilietes advok\u0101te Anna Nore netic\u0113ja, ka Saeima nobalsos par izst\u0101\u0161anos no Stambulas konvencijas, \u2013 cer\u0113ja, ka&hellip;\n","protected":false},"author":2,"featured_media":40892,"comment_status":"","ping_status":"","sticky":false,"template":"","format":"standard","meta":{"footnotes":""},"categories":[12],"tags":[23,28,29,32,33,22,30,31,35,39,38,36,37,34,11763,40,20,26,27,2023,24,25,164,899,21],"class_list":{"0":"post-40891","1":"post","2":"type-post","3":"status-publish","4":"format-standard","5":"has-post-thumbnail","7":"category-latvija","8":"tag-aktualitates","9":"tag-breaking-news","10":"tag-breakingnews","11":"tag-featured-news","12":"tag-featurednews","13":"tag-headlines","14":"tag-latest-news","15":"tag-latestnews","16":"tag-latvia","17":"tag-latvian","18":"tag-latviesu","19":"tag-latviesu-valoda","20":"tag-latviesuvaloda","21":"tag-latvija","22":"tag-leons-rusins","23":"tag-lv","24":"tag-news","25":"tag-popularakas-zinas","26":"tag-popularakaszinas","27":"tag-stambulas-konvencija","28":"tag-top-stories","29":"tag-topstories","30":"tag-tvnet-latvija","31":"tag-vardarbiba","32":"tag-zinas"},"share_on_mastodon":{"url":"https:\/\/pubeurope.com\/@lv\/115497908633474108","error":""},"_links":{"self":[{"href":"https:\/\/www.europesays.com\/lv\/wp-json\/wp\/v2\/posts\/40891","targetHints":{"allow":["GET"]}}],"collection":[{"href":"https:\/\/www.europesays.com\/lv\/wp-json\/wp\/v2\/posts"}],"about":[{"href":"https:\/\/www.europesays.com\/lv\/wp-json\/wp\/v2\/types\/post"}],"author":[{"embeddable":true,"href":"https:\/\/www.europesays.com\/lv\/wp-json\/wp\/v2\/users\/2"}],"replies":[{"embeddable":true,"href":"https:\/\/www.europesays.com\/lv\/wp-json\/wp\/v2\/comments?post=40891"}],"version-history":[{"count":0,"href":"https:\/\/www.europesays.com\/lv\/wp-json\/wp\/v2\/posts\/40891\/revisions"}],"wp:featuredmedia":[{"embeddable":true,"href":"https:\/\/www.europesays.com\/lv\/wp-json\/wp\/v2\/media\/40892"}],"wp:attachment":[{"href":"https:\/\/www.europesays.com\/lv\/wp-json\/wp\/v2\/media?parent=40891"}],"wp:term":[{"taxonomy":"category","embeddable":true,"href":"https:\/\/www.europesays.com\/lv\/wp-json\/wp\/v2\/categories?post=40891"},{"taxonomy":"post_tag","embeddable":true,"href":"https:\/\/www.europesays.com\/lv\/wp-json\/wp\/v2\/tags?post=40891"}],"curies":[{"name":"wp","href":"https:\/\/api.w.org\/{rel}","templated":true}]}}