{"id":40946,"date":"2025-11-05T16:56:10","date_gmt":"2025-11-05T16:56:10","guid":{"rendered":"https:\/\/www.europesays.com\/lv\/40946\/"},"modified":"2025-11-05T16:56:10","modified_gmt":"2025-11-05T16:56:10","slug":"leons-xiv-lai-starptautiska-sabiedriba-neaizmirst-mjanmas-tautas-ciesanas","status":"publish","type":"post","link":"https:\/\/www.europesays.com\/lv\/40946\/","title":{"rendered":"Leons XIV: lai starptautisk\u0101 sabiedr\u012bba neaizmirst Mjanmas tautas cie\u0161anas"},"content":{"rendered":"<p>5. novembra visp\u0101r\u0113j\u0101s audiences nosl\u0113gum\u0101 Leons XIV aicin\u0101ja 40 t\u016bksto\u0161us Sv\u0113t\u0101 P\u0113tera laukum\u0101 eso\u0161o sv\u0113tce\u013cnieku l\u016bgties par visiem tiem cilv\u0113kiem, kas cie\u0161 no kariem, un \u012bpa\u0161i atg\u0101din\u0101ja par tra\u0123isko situ\u0101ciju Mjanm\u0101, kur turpin\u0101s pilso\u0146u kar\u0161, humanit\u0101r\u0101 kr\u012bze un cilv\u0113kties\u012bbu p\u0101rk\u0101pumi.<\/p>\n<p>J\u0101nis Evertovskis \u2013 Vatik\u0101ns<\/p>\n<p>\u201cBr\u0101\u013ci un m\u0101sas,\u201d sac\u012bja p\u0101vests, \u201ces aicinu j\u016bs pievienoties manai l\u016bg\u0161anai par visiem, kas da\u017e\u0101d\u0101s pasaules viet\u0101s cie\u0161 no bru\u0146otiem konfliktiem. \u012apa\u0161i dom\u0101jot par Mjanmu, aicinu starptautisko sabiedr\u012bbu neaizmirst \u0161\u012bs valsts iedz\u012bvot\u0101jus un sniegt vi\u0146iem nepiecie\u0161amo hum\u0101no pal\u012bdz\u012bbu.\u201d<\/p>\n<p>Romas b\u012bskaps ar\u012b atskat\u012bj\u0101s uz Visu Sv\u0113to sv\u0113tkiem, ko Bazn\u012bca svin\u0113ja 1. novembr\u012b. Vi\u0146\u0161 sac\u012bja: \u201cNesenie sv\u0113to sv\u0113tki mudina mani dom\u0101t par kop\u0113jo aicin\u0101jumu uz sv\u0113tumu. M\u0113s visi esam aicin\u0101ti b\u016bt sv\u0113ti. T\u0101p\u0113c es l\u016bdzu j\u016bs arvien vair\u0101k pie\u0137erties Kristum, sekojot paties\u012bbas krit\u0113rijiem, ko mums par\u0101d\u012bja sv\u0113tie.\u201d<\/p>\n","protected":false},"excerpt":{"rendered":"5. novembra visp\u0101r\u0113j\u0101s audiences nosl\u0113gum\u0101 Leons XIV aicin\u0101ja 40 t\u016bksto\u0161us Sv\u0113t\u0101 P\u0113tera laukum\u0101 eso\u0161o sv\u0113tce\u013cnieku l\u016bgties par visiem&hellip;\n","protected":false},"author":2,"featured_media":40947,"comment_status":"","ping_status":"","sticky":false,"template":"","format":"standard","meta":{"footnotes":""},"categories":[14],"tags":[23,57,28,29,32,33,22,30,31,35,39,38,36,37,34,40,20,26,27,24,25,54,55,56,21,58],"class_list":{"0":"post-40946","1":"post","2":"type-post","3":"status-publish","4":"format-standard","5":"has-post-thumbnail","7":"category-zinas-no-arvalstim","8":"tag-aktualitates","9":"tag-arvalstim","10":"tag-breaking-news","11":"tag-breakingnews","12":"tag-featured-news","13":"tag-featurednews","14":"tag-headlines","15":"tag-latest-news","16":"tag-latestnews","17":"tag-latvia","18":"tag-latvian","19":"tag-latviesu","20":"tag-latviesu-valoda","21":"tag-latviesuvaloda","22":"tag-latvija","23":"tag-lv","24":"tag-news","25":"tag-popularakas-zinas","26":"tag-popularakaszinas","27":"tag-top-stories","28":"tag-topstories","29":"tag-world","30":"tag-world-news","31":"tag-worldnews","32":"tag-zinas","33":"tag-zinas-no-arvalstim"},"share_on_mastodon":{"url":"https:\/\/pubeurope.com\/@lv\/115498148352074741","error":""},"_links":{"self":[{"href":"https:\/\/www.europesays.com\/lv\/wp-json\/wp\/v2\/posts\/40946","targetHints":{"allow":["GET"]}}],"collection":[{"href":"https:\/\/www.europesays.com\/lv\/wp-json\/wp\/v2\/posts"}],"about":[{"href":"https:\/\/www.europesays.com\/lv\/wp-json\/wp\/v2\/types\/post"}],"author":[{"embeddable":true,"href":"https:\/\/www.europesays.com\/lv\/wp-json\/wp\/v2\/users\/2"}],"replies":[{"embeddable":true,"href":"https:\/\/www.europesays.com\/lv\/wp-json\/wp\/v2\/comments?post=40946"}],"version-history":[{"count":0,"href":"https:\/\/www.europesays.com\/lv\/wp-json\/wp\/v2\/posts\/40946\/revisions"}],"wp:featuredmedia":[{"embeddable":true,"href":"https:\/\/www.europesays.com\/lv\/wp-json\/wp\/v2\/media\/40947"}],"wp:attachment":[{"href":"https:\/\/www.europesays.com\/lv\/wp-json\/wp\/v2\/media?parent=40946"}],"wp:term":[{"taxonomy":"category","embeddable":true,"href":"https:\/\/www.europesays.com\/lv\/wp-json\/wp\/v2\/categories?post=40946"},{"taxonomy":"post_tag","embeddable":true,"href":"https:\/\/www.europesays.com\/lv\/wp-json\/wp\/v2\/tags?post=40946"}],"curies":[{"name":"wp","href":"https:\/\/api.w.org\/{rel}","templated":true}]}}