{"id":40954,"date":"2025-11-05T17:10:12","date_gmt":"2025-11-05T17:10:12","guid":{"rendered":"https:\/\/www.europesays.com\/lv\/40954\/"},"modified":"2025-11-05T17:10:12","modified_gmt":"2025-11-05T17:10:12","slug":"rigas-francu-liceja-pieejams-moderns-sporta-komplekss-gan-skoleniem-gan-apkaimes-iedzivotajiem","status":"publish","type":"post","link":"https:\/\/www.europesays.com\/lv\/40954\/","title":{"rendered":"R\u012bgas Fran\u010du licej\u0101 pieejams moderns sporta komplekss gan skol\u0113niem, gan apkaimes iedz\u012bvot\u0101jiem"},"content":{"rendered":"<p class=\"ContactInformationCxSpFirst\">Tre\u0161dien, 5. novembr\u012b, R\u012bgas pa\u0161vald\u012bbas un R\u012bgas Fran\u010du liceja vad\u012bba kop\u0101 ar skol\u0113niem atkl\u0101ja pa\u0161vald\u012bbas atjaunoto \u0101ra sporta laukumu skolas teritorij\u0101, M\u0113ness iel\u0101 8, kur\u0101 sportot b\u016bs iesp\u0113ja gan skol\u0113niem, gan ar\u012b apkaimes iedz\u012bvot\u0101jiem. <\/p>\n<blockquote>\n<p class=\"ContactInformationCxSpMiddle\">\u201c\u0160\u0101di daudzfunkcion\u0101lie sporta laukumi pie R\u012bgas izgl\u012bt\u012bbas iest\u0101d\u0113m ir milz\u012bgs ieguld\u012bjums gan m\u016bsu skol\u0113nu vesel\u012bb\u0101, gan R\u012bgas apkaimju dz\u012bves kvalit\u0101t\u0113. Priec\u0101jos, ka R\u012bgas Fran\u010du liceja teritorij\u0101 no novecoju\u0161as vides ir izveidota m\u016bsdien\u012bga infrastrukt\u016bra, kur\u0101 b\u0113rni un jaunie\u0161i var sportot, bet p\u0113c m\u0101c\u012bb\u0101m \u0161\u012b telpa k\u013c\u016bs par vietu, kur akt\u012bvi un vesel\u012bgi laiku var pavad\u012bt ar\u012b apk\u0101rt\u0113jo namu iedz\u012bvot\u0101ji. M\u0113s redzam, ka taj\u0101s viet\u0101s, kur tiek uzlabotas sporta iesp\u0113jas, gan lieli, gan mazi apk\u0101rt\u0113jie iedz\u012bvot\u0101ji daudz akt\u012bv\u0101k sporto, pavadot satur\u012bgi br\u012bvo laiku un att\u012bstot talantus,\u201d pau\u017e R\u012bgas vicem\u0113rs Edvards Ratnieks.<\/p>\n<\/blockquote>\n<p class=\"ContactInformationCxSpMiddle\">Skolas teritorij\u0101 izveidots mazais futbola laukums ar m\u0101ksl\u012bgo z\u0101lienu (13x23m), izveidots multifunkcion\u0101lais laukums (32&#215;19), kur\u0101 iesp\u0113jams sp\u0113l\u0113t volejbolu, basketbolu, badmintonu. T\u0101pat izveidots ar\u012b skrejce\u013c\u0161 un t\u0101ll\u0113k\u0161anas sektors, vingro\u0161anas laukums ar \u010detriem vingro\u0161anas elementiem, rota\u013cu laukums b\u0113rniem ar div\u0101m rota\u013cu iek\u0101rt\u0101m. <\/p>\n<p class=\"ContactInformationCxSpMiddle\">Skolas teritorij\u0101 tika atjaunots g\u0101j\u0113ju un braucam\u0101s da\u013cas segums 3510 m2 apjom\u0101, k\u0101 ar\u012b atjaunots z\u0101liens 2210 m2 apjom\u0101. Tika izveidots jauns apgaismojums un videonov\u0113ro\u0161anas sist\u0113ma iest\u0101des teritorij\u0101, k\u0101 ar\u012b uzst\u0101d\u012bta velosip\u0113du remonta stacija. <\/p>\n<p class=\"ContactInformationCxSpMiddle\">Teritorij\u0101 kop\u0101 uzst\u0101d\u012bti vienpadsmit soli ar atzveltni, viens skeitborda tur\u0113t\u0101js, tr\u012bs velosip\u0113du tur\u0113t\u0101ji, divi skrejrite\u0146u tur\u0113t\u0101ji, divi tenisa galdi. Skol\u0113nu \u0113rt\u012bb\u0101m uzst\u0101d\u012bta br\u012bvpieejas dzeram\u0101 \u016bdens uzpildes vieta.<\/p>\n<p class=\"ContactInformationCxSpMiddle\">\u0100ra sporta infrastrukt\u016bras izveidei Fran\u010du liceja b\u016bvdarbu kop\u0113j\u0101s izmaksas veidoja 1 140\u00a0646 eiro ar PVN. B\u016bvdarbu veic\u0113js SIA \u201cReaton\u201d. Par b\u016bvdarbu uzraudz\u012bbu atbild\u012bgs R\u012bgas pa\u0161vald\u012bbas \u012apa\u0161uma departaments. <\/p>\n<p class=\"ContactInformationCxSpLast\">Inform\u0101ciju sagatavoja: Ineta Migl\u0101ne, R\u012bgas pa\u0161vald\u012bbas Komunik\u0101cijas p\u0101rvaldes \u0100r\u0113j\u0101s komunik\u0101cijas noda\u013cas projektu koordinatore, t\u0101lrunis: 29363334, e-pasts: <a href=\"https:\/\/www.riga.lv\/lv\/jaunums\/mailto:ineta.miglane@riga.lv\" rel=\"nofollow noopener\" target=\"_blank\">ineta.miglane@riga.lv<\/a>.\u00a0\u00a0\u00a0\u00a0\u00a0\u00a0\u00a0 <\/p>\n","protected":false},"excerpt":{"rendered":"Tre\u0161dien, 5. novembr\u012b, R\u012bgas pa\u0161vald\u012bbas un R\u012bgas Fran\u010du liceja vad\u012bba kop\u0101 ar skol\u0113niem atkl\u0101ja pa\u0161vald\u012bbas atjaunoto \u0101ra sporta&hellip;\n","protected":false},"author":2,"featured_media":40955,"comment_status":"","ping_status":"","sticky":false,"template":"","format":"standard","meta":{"footnotes":""},"categories":[5],"tags":[23,28,29,32,33,22,30,31,35,39,38,36,37,34,40,20,26,27,24,25,21],"class_list":{"0":"post-40954","1":"post","2":"type-post","3":"status-publish","4":"format-standard","5":"has-post-thumbnail","7":"category-aktualitates","8":"tag-aktualitates","9":"tag-breaking-news","10":"tag-breakingnews","11":"tag-featured-news","12":"tag-featurednews","13":"tag-headlines","14":"tag-latest-news","15":"tag-latestnews","16":"tag-latvia","17":"tag-latvian","18":"tag-latviesu","19":"tag-latviesu-valoda","20":"tag-latviesuvaloda","21":"tag-latvija","22":"tag-lv","23":"tag-news","24":"tag-popularakas-zinas","25":"tag-popularakaszinas","26":"tag-top-stories","27":"tag-topstories","28":"tag-zinas"},"share_on_mastodon":{"url":"https:\/\/pubeurope.com\/@lv\/115498203444074200","error":""},"_links":{"self":[{"href":"https:\/\/www.europesays.com\/lv\/wp-json\/wp\/v2\/posts\/40954","targetHints":{"allow":["GET"]}}],"collection":[{"href":"https:\/\/www.europesays.com\/lv\/wp-json\/wp\/v2\/posts"}],"about":[{"href":"https:\/\/www.europesays.com\/lv\/wp-json\/wp\/v2\/types\/post"}],"author":[{"embeddable":true,"href":"https:\/\/www.europesays.com\/lv\/wp-json\/wp\/v2\/users\/2"}],"replies":[{"embeddable":true,"href":"https:\/\/www.europesays.com\/lv\/wp-json\/wp\/v2\/comments?post=40954"}],"version-history":[{"count":0,"href":"https:\/\/www.europesays.com\/lv\/wp-json\/wp\/v2\/posts\/40954\/revisions"}],"wp:featuredmedia":[{"embeddable":true,"href":"https:\/\/www.europesays.com\/lv\/wp-json\/wp\/v2\/media\/40955"}],"wp:attachment":[{"href":"https:\/\/www.europesays.com\/lv\/wp-json\/wp\/v2\/media?parent=40954"}],"wp:term":[{"taxonomy":"category","embeddable":true,"href":"https:\/\/www.europesays.com\/lv\/wp-json\/wp\/v2\/categories?post=40954"},{"taxonomy":"post_tag","embeddable":true,"href":"https:\/\/www.europesays.com\/lv\/wp-json\/wp\/v2\/tags?post=40954"}],"curies":[{"name":"wp","href":"https:\/\/api.w.org\/{rel}","templated":true}]}}