{"id":40999,"date":"2025-11-05T18:14:07","date_gmt":"2025-11-05T18:14:07","guid":{"rendered":"https:\/\/www.europesays.com\/lv\/40999\/"},"modified":"2025-11-05T18:14:07","modified_gmt":"2025-11-05T18:14:07","slug":"francija-autovaditajs-tisi-ietriecies-gajejos-cietusi-pieci-cilveki","status":"publish","type":"post","link":"https:\/\/www.europesays.com\/lv\/40999\/","title":{"rendered":"Francij\u0101 autovad\u012bt\u0101js t\u012b\u0161i ietriecies g\u0101j\u0113jos; cietu\u0161i pieci cilv\u0113ki"},"content":{"rendered":"<p>Incidents noticis Oleronas sal\u0101, net\u0101lu no Laro\u0161elas.<\/p>\n<p>35 gadus vecais autovad\u012bt\u0101js p\u0113c aiztur\u0113\u0161anas saucis &#8220;Allahu akbar&#8221;, kas ar\u0101bu valod\u0101 noz\u012bm\u0113 &#8220;Dievs ir di\u017eens&#8221;.<\/p>\n<p>Tika notriekti pieci cilv\u0113ki, divu notriekto savainojumi ir nopietni, pazi\u0146oja Francijas iek\u0161lietu ministrs Lor\u0101ns Nunjess.<\/p>\n<p>V\u012brietis, kas policijai jau bija zin\u0101ms par maz\u0101kiem p\u0101rk\u0101pumiem, aiztur\u0113ts aizdom\u0101s par slepkav\u012bbas m\u0113\u0123in\u0101jumu.<\/p>\n<p>Pretterorisma prokurat\u016bra seko l\u012bdzi \u0161ai lietai, bet nav iejaukusies. Aiztur\u0113t\u0101 mot\u012bvs pagaid\u0101m nav skaidrs.<\/p>\n<p>Aiztur\u0113\u0161anas laik\u0101 v\u012brietis pretojies un aizdedzin\u0101jis savu automa\u0161\u012bnu. Varas p\u0101rst\u0101vji bija spiesti likt liet\u0101 elektro\u0161oku.<\/p>\n<p>Iek\u0161lietu ministrs atteic\u0101s koment\u0113t, vai \u0161is incidents tiek uzskat\u012bts par teroraktu, sakot, ka to noteiks likumsargi.<\/p>\n","protected":false},"excerpt":{"rendered":"Incidents noticis Oleronas sal\u0101, net\u0101lu no Laro\u0161elas. 35 gadus vecais autovad\u012bt\u0101js p\u0113c aiztur\u0113\u0161anas saucis &#8220;Allahu akbar&#8221;, kas ar\u0101bu&hellip;\n","protected":false},"author":2,"featured_media":41000,"comment_status":"","ping_status":"","sticky":false,"template":"","format":"standard","meta":{"footnotes":""},"categories":[14],"tags":[23,57,2849,28,29,32,33,1309,2670,22,30,31,35,39,38,36,37,34,40,20,26,27,24,25,54,55,56,21,58],"class_list":{"0":"post-40999","1":"post","2":"type-post","3":"status-publish","4":"format-standard","5":"has-post-thumbnail","7":"category-zinas-no-arvalstim","8":"tag-aktualitates","9":"tag-arvalstim","10":"tag-avarija","11":"tag-breaking-news","12":"tag-breakingnews","13":"tag-featured-news","14":"tag-featurednews","15":"tag-francija","16":"tag-gajeji","17":"tag-headlines","18":"tag-latest-news","19":"tag-latestnews","20":"tag-latvia","21":"tag-latvian","22":"tag-latviesu","23":"tag-latviesu-valoda","24":"tag-latviesuvaloda","25":"tag-latvija","26":"tag-lv","27":"tag-news","28":"tag-popularakas-zinas","29":"tag-popularakaszinas","30":"tag-top-stories","31":"tag-topstories","32":"tag-world","33":"tag-world-news","34":"tag-worldnews","35":"tag-zinas","36":"tag-zinas-no-arvalstim"},"share_on_mastodon":{"url":"https:\/\/pubeurope.com\/@lv\/115498455147585342","error":""},"_links":{"self":[{"href":"https:\/\/www.europesays.com\/lv\/wp-json\/wp\/v2\/posts\/40999","targetHints":{"allow":["GET"]}}],"collection":[{"href":"https:\/\/www.europesays.com\/lv\/wp-json\/wp\/v2\/posts"}],"about":[{"href":"https:\/\/www.europesays.com\/lv\/wp-json\/wp\/v2\/types\/post"}],"author":[{"embeddable":true,"href":"https:\/\/www.europesays.com\/lv\/wp-json\/wp\/v2\/users\/2"}],"replies":[{"embeddable":true,"href":"https:\/\/www.europesays.com\/lv\/wp-json\/wp\/v2\/comments?post=40999"}],"version-history":[{"count":0,"href":"https:\/\/www.europesays.com\/lv\/wp-json\/wp\/v2\/posts\/40999\/revisions"}],"wp:featuredmedia":[{"embeddable":true,"href":"https:\/\/www.europesays.com\/lv\/wp-json\/wp\/v2\/media\/41000"}],"wp:attachment":[{"href":"https:\/\/www.europesays.com\/lv\/wp-json\/wp\/v2\/media?parent=40999"}],"wp:term":[{"taxonomy":"category","embeddable":true,"href":"https:\/\/www.europesays.com\/lv\/wp-json\/wp\/v2\/categories?post=40999"},{"taxonomy":"post_tag","embeddable":true,"href":"https:\/\/www.europesays.com\/lv\/wp-json\/wp\/v2\/tags?post=40999"}],"curies":[{"name":"wp","href":"https:\/\/api.w.org\/{rel}","templated":true}]}}