{"id":41024,"date":"2025-11-05T18:48:08","date_gmt":"2025-11-05T18:48:08","guid":{"rendered":"https:\/\/www.europesays.com\/lv\/41024\/"},"modified":"2025-11-05T18:48:08","modified_gmt":"2025-11-05T18:48:08","slug":"latvijas-dailslidosanas-legenda-pec-ilgas-pauzes-atgriezisies-sacensibas-ziemas-sports-sportacentrs-com","status":"publish","type":"post","link":"https:\/\/www.europesays.com\/lv\/41024\/","title":{"rendered":"Latvijas dai\u013cslido\u0161anas le\u0123enda p\u0113c ilgas pauzes atgriez\u012bsies sacens\u012bb\u0101s \u2013 Ziemas sports \u2013 Sportacentrs.com"},"content":{"rendered":"<p><a href=\"https:\/\/sportacentrs.com\/ziemas_sports\/slidosana\/17012025-kuliss_parsteidzosi_triumfe_volvo_kausa_b\" target=\"_blank\" rel=\"nofollow noopener\">K\u0101 jau zi\u0146ots<\/a>, janv\u0101r\u012b aizvad\u012btaj\u0101 &#8220;Volvo&#8221; kaus\u0101 atz\u012bstamus rezult\u0101tus uzr\u0101d\u012bja Latvijas p\u0101rst\u0101vji, tostarp p\u0101rsteidzo\u0161i uzvar\u0113ja Fjodors Kuli\u0161s, bet Kira Baranovska bija otr\u0101 starp junior\u0113m.<\/p>\n<p>2016. gada Eiropas \u010dempion\u0101t\u0101 Angelina Ku\u010dva\u013cska <a href=\"https:\/\/sportacentrs.com\/ziemas_sports\/slidosana\/29012016-kucvalska_eiropas_cempionata_izcina\" target=\"_blank\" rel=\"nofollow noopener\">izc\u012bn\u012bja neticami augsto ceturto vietu<\/a>, piek\u0101pjoties tikai tagad\u0113j\u0101s agresorvalsts sportist\u0113m. Toreiz\u0113j\u0101 m\u016bsu dai\u013cslidot\u0101jas gar\u0101 programma dro\u0161i vien ir spo\u017e\u0101kais sniegums Latvijas sievie\u0161u dai\u013cslido\u0161anas v\u0113stur\u0113.<\/p>\n<p>Divas reizes (<a href=\"http:\/\/sportacentrs.com\/regioni\/riga\/12122015-briedis_un_kucvalska_triumfe_konkursa_rig\" target=\"_blank\" rel=\"nofollow noopener\">2015<\/a>, <a href=\"http:\/\/sportacentrs.com\/citi\/10122016-sirmais_un_kucvalska_triumfe_konkursa_rig\" target=\"_blank\" rel=\"nofollow noopener\">2016<\/a>) tika atz\u012bta par R\u012bgas gada sportisti. 2017. gada pavasar\u012b Ku\u010dva\u013cska izc\u012bn\u012bja Phjon\u010dhanas olimpisko sp\u0113\u013cu ce\u013caz\u012bmi, ta\u010du sportisk\u0101s formas krituma d\u0113\u013c to izmantoja cita sportiste.<\/p>\n<p>ISU sacens\u012bb\u0101s Ku\u010dva\u013cska p\u0113d\u0113joreiz start\u0113ja 2023. gada 9. decembr\u012b &#8220;Volvo&#8221; hall\u0113 un sakr\u0101ja 138.81, ieg\u016bstot tre\u0161o vietu &#8220;Latvia Trophy&#8221;. P\u0113c tam padal\u012bj\u0101s dai\u013cslido\u0161anas \u0161ovos, t\u0101d\u0113j\u0101di uztur\u0113ja noteikta l\u012bme\u0146a sportisko forumu. Patlaban neb\u016bs viegli atgriezties ISU sacens\u012bb\u0101s, tom\u0113r Latvijas sievie\u0161u dai\u013cslido\u0161anas kr\u012bzes apst\u0101k\u013cos ir iesp\u0113ja pac\u012bn\u012bties par valsts l\u012bderes godu.<\/p>\n<p>\u0160odien aizvad\u012btaj\u0101 izloz\u0113 starta grafiku uzzin\u0101ja ar\u012b Fjodors Kuli\u0161s (ceturtais k\u0101rtas numurs), Angelina Ku\u010dva\u013cska (ceturtais k\u0101rtas numurs), juniore Kira Baranovska (\u0161aj\u0101 un n\u0101kamaj\u0101 sezon\u0101 v\u0113l nedr\u012bkst start\u0113t pieaugu\u0161o sacens\u012bb\u0101s), juniors J\u0101nis Znoti\u0146\u0161 un citi m\u016bs\u0113jie.<\/p>\n<p>Sievie\u0161u ieskait\u0113 meda\u013cu pretendentes ir divas somietes, igauniete un 30 gad\u012bg\u0101 zviedriete. V\u012brie\u0161u ma\u010dos uz godalg\u0101m re\u0101l\u0101kie pretendenti ir divi Ukrainas p\u0101rst\u0101vji, igaunis un m\u016bsu Kuli\u0161s.<\/p>\n<p>Sacent\u012bsies ar\u012b juniori un juniores, kur gaid\u0101ma liel\u0101k\u0101 konkurence &#8211; 22 dai\u013cslidot\u0101jas.<\/p>\n<p>06.11.2025<br \/>12:40 sievie\u0161u \u012bs\u0101 programma<br \/>15:05 junioru z\u0113nu \u012bs\u0101 programma<br \/>16:35 junioru meite\u0146u \u012bs\u0101 programma<br \/>19:40 v\u012brie\u0161u \u012bsa programma<\/p>\n<p>07.11.2025<br \/>11:35 junioru z\u0113nu gar\u0101 programma<br \/>13:10  junioru meite\u0146u gar\u0101 programma<br \/>16:30 v\u012brie\u0161u gar\u0101 programma<br \/>18:20 sievie\u0161u gar\u0101 programma<\/p>\n<p>Izmantotie resursi:<br \/><a href=\"http:\/\/www.kristalice.lv\/Results\/volc562025\/\" target=\"_blank\" rel=\"nofollow noopener\">kristalice.lv<\/a><\/p>\n","protected":false},"excerpt":{"rendered":"K\u0101 jau zi\u0146ots, janv\u0101r\u012b aizvad\u012btaj\u0101 &#8220;Volvo&#8221; kaus\u0101 atz\u012bstamus rezult\u0101tus uzr\u0101d\u012bja Latvijas p\u0101rst\u0101vji, tostarp p\u0101rsteidzo\u0161i uzvar\u0113ja Fjodors Kuli\u0161s, bet&hellip;\n","protected":false},"author":2,"featured_media":41025,"comment_status":"","ping_status":"","sticky":false,"template":"","format":"standard","meta":{"footnotes":""},"categories":[17],"tags":[35,39,38,36,37,34,40,67,620],"class_list":{"0":"post-41024","1":"post","2":"type-post","3":"status-publish","4":"format-standard","5":"has-post-thumbnail","7":"category-sports","8":"tag-latvia","9":"tag-latvian","10":"tag-latviesu","11":"tag-latviesu-valoda","12":"tag-latviesuvaloda","13":"tag-latvija","14":"tag-lv","15":"tag-sports","16":"tag-ziemas-sports"},"share_on_mastodon":{"url":"https:\/\/pubeurope.com\/@lv\/115498588769599419","error":""},"_links":{"self":[{"href":"https:\/\/www.europesays.com\/lv\/wp-json\/wp\/v2\/posts\/41024","targetHints":{"allow":["GET"]}}],"collection":[{"href":"https:\/\/www.europesays.com\/lv\/wp-json\/wp\/v2\/posts"}],"about":[{"href":"https:\/\/www.europesays.com\/lv\/wp-json\/wp\/v2\/types\/post"}],"author":[{"embeddable":true,"href":"https:\/\/www.europesays.com\/lv\/wp-json\/wp\/v2\/users\/2"}],"replies":[{"embeddable":true,"href":"https:\/\/www.europesays.com\/lv\/wp-json\/wp\/v2\/comments?post=41024"}],"version-history":[{"count":0,"href":"https:\/\/www.europesays.com\/lv\/wp-json\/wp\/v2\/posts\/41024\/revisions"}],"wp:featuredmedia":[{"embeddable":true,"href":"https:\/\/www.europesays.com\/lv\/wp-json\/wp\/v2\/media\/41025"}],"wp:attachment":[{"href":"https:\/\/www.europesays.com\/lv\/wp-json\/wp\/v2\/media?parent=41024"}],"wp:term":[{"taxonomy":"category","embeddable":true,"href":"https:\/\/www.europesays.com\/lv\/wp-json\/wp\/v2\/categories?post=41024"},{"taxonomy":"post_tag","embeddable":true,"href":"https:\/\/www.europesays.com\/lv\/wp-json\/wp\/v2\/tags?post=41024"}],"curies":[{"name":"wp","href":"https:\/\/api.w.org\/{rel}","templated":true}]}}