{"id":41034,"date":"2025-11-05T18:56:09","date_gmt":"2025-11-05T18:56:09","guid":{"rendered":"https:\/\/www.europesays.com\/lv\/41034\/"},"modified":"2025-11-05T18:56:09","modified_gmt":"2025-11-05T18:56:09","slug":"kina-vel-uz-gadu-aptur-papildu-24-tarifu-asv-precem-2","status":"publish","type":"post","link":"https:\/\/www.europesays.com\/lv\/41034\/","title":{"rendered":"\u0136\u012bna v\u0113l uz gadu aptur papildu 24% tarifu ASV prec\u0113m"},"content":{"rendered":"<p>Pazi\u0146ojum\u0101 nor\u0101d\u012bts, ka \u0161\u0101ds l\u0113mums pie\u0146emts p\u0113c konsult\u0101cij\u0101m ar <a href=\"https:\/\/www.tvnet.lv\/term\/555410\/asv\" class=\"topicLink\" target=\"_blank\" rel=\"nofollow noopener\">ASV<\/a>, un tas st\u0101sies sp\u0113k\u0101 10. novembr\u012b.<\/p>\n<p>\u0136\u012bnas l\u012bderis Sji Dzji\u0146pins un ASV prezidents <a href=\"https:\/\/www.tvnet.lv\/term\/555636\/donalds-tramps\" class=\"topicLink\" target=\"_blank\" rel=\"nofollow noopener\">Donalds Tramps<\/a> pag\u0101ju\u0161aj\u0101 m\u0113nes\u012b tik\u0101s Dienvidkorej\u0101. P\u0113c tik\u0161an\u0101s Tramps pazi\u0146oja, ka samazin\u0101s \u0136\u012bnai noteiktos muitas tarifus, un Sji pazi\u0146oja, ka <a href=\"https:\/\/www.tvnet.lv\/term\/555483\/kina\" class=\"topicLink\" target=\"_blank\" rel=\"nofollow noopener\">\u0136\u012bna<\/a> ir pan\u0101kusi vienpr\u0101t\u012bbu ar Savienotaj\u0101m Valst\u012bm ekonomikas un tirdzniec\u012bbas jaut\u0101jumos.<\/p>\n<p>ASV prezidents otrdien ofici\u0101li apstiprin\u0101ja vieno\u0161anos, ka Va\u0161ingtona no 10. novembra samazin\u0101s savus papildu tarifus \u0136\u012bnas importam no 20% l\u012bdz 10%.<\/p>\n<p>\u0136\u012bna \u0161odien ar\u012b pazi\u0146oja, ka samazin\u0101s tarifus da\u017eiem ASV lauksaimniec\u012bbas produktiem, tostarp sojas pupi\u0146\u0101m.<\/p>\n","protected":false},"excerpt":{"rendered":"Pazi\u0146ojum\u0101 nor\u0101d\u012bts, ka \u0161\u0101ds l\u0113mums pie\u0146emts p\u0113c konsult\u0101cij\u0101m ar ASV, un tas st\u0101sies sp\u0113k\u0101 10. novembr\u012b. \u0136\u012bnas l\u012bderis&hellip;\n","protected":false},"author":2,"featured_media":41035,"comment_status":"","ping_status":"","sticky":false,"template":"","format":"standard","meta":{"footnotes":""},"categories":[14],"tags":[23,57,292,28,29,542,32,33,22,4213,30,31,35,39,38,36,37,34,40,20,26,27,1596,24,25,54,55,56,21,58],"class_list":{"0":"post-41034","1":"post","2":"type-post","3":"status-publish","4":"format-standard","5":"has-post-thumbnail","7":"category-zinas-no-arvalstim","8":"tag-aktualitates","9":"tag-arvalstim","10":"tag-asv","11":"tag-breaking-news","12":"tag-breakingnews","13":"tag-donalds-tramps","14":"tag-featured-news","15":"tag-featurednews","16":"tag-headlines","17":"tag-kina","18":"tag-latest-news","19":"tag-latestnews","20":"tag-latvia","21":"tag-latvian","22":"tag-latviesu","23":"tag-latviesu-valoda","24":"tag-latviesuvaloda","25":"tag-latvija","26":"tag-lv","27":"tag-news","28":"tag-popularakas-zinas","29":"tag-popularakaszinas","30":"tag-tarifi","31":"tag-top-stories","32":"tag-topstories","33":"tag-world","34":"tag-world-news","35":"tag-worldnews","36":"tag-zinas","37":"tag-zinas-no-arvalstim"},"share_on_mastodon":{"url":"https:\/\/pubeurope.com\/@lv\/115498620198071437","error":""},"_links":{"self":[{"href":"https:\/\/www.europesays.com\/lv\/wp-json\/wp\/v2\/posts\/41034","targetHints":{"allow":["GET"]}}],"collection":[{"href":"https:\/\/www.europesays.com\/lv\/wp-json\/wp\/v2\/posts"}],"about":[{"href":"https:\/\/www.europesays.com\/lv\/wp-json\/wp\/v2\/types\/post"}],"author":[{"embeddable":true,"href":"https:\/\/www.europesays.com\/lv\/wp-json\/wp\/v2\/users\/2"}],"replies":[{"embeddable":true,"href":"https:\/\/www.europesays.com\/lv\/wp-json\/wp\/v2\/comments?post=41034"}],"version-history":[{"count":0,"href":"https:\/\/www.europesays.com\/lv\/wp-json\/wp\/v2\/posts\/41034\/revisions"}],"wp:featuredmedia":[{"embeddable":true,"href":"https:\/\/www.europesays.com\/lv\/wp-json\/wp\/v2\/media\/41035"}],"wp:attachment":[{"href":"https:\/\/www.europesays.com\/lv\/wp-json\/wp\/v2\/media?parent=41034"}],"wp:term":[{"taxonomy":"category","embeddable":true,"href":"https:\/\/www.europesays.com\/lv\/wp-json\/wp\/v2\/categories?post=41034"},{"taxonomy":"post_tag","embeddable":true,"href":"https:\/\/www.europesays.com\/lv\/wp-json\/wp\/v2\/tags?post=41034"}],"curies":[{"name":"wp","href":"https:\/\/api.w.org\/{rel}","templated":true}]}}